{"id":6262,"date":"2015-12-28T18:10:39","date_gmt":"2015-12-28T21:10:39","guid":{"rendered":"http:\/\/www.atecordoba.org\/?p=6262"},"modified":"2015-12-28T18:10:39","modified_gmt":"2015-12-28T21:10:39","slug":"jubilados-y-pensionados-de-la-ate-repudio-a-las-medidas-del-gobierno-nacional-y-de-la-provincia-de-cordoba","status":"publish","type":"post","link":"https:\/\/atecordoba.org\/?p=6262","title":{"rendered":"Jubilados y Pensionados de la ATE: Repudio a las medidas del Gobierno Nacional y de la Provincia de C\u00f3rdoba"},"content":{"rendered":"<p><em>La Comisi\u00f3n Normalizadora del Centro Nacional de Jubilados y Pensionados de la ATE condenamos la insensibilidad del Presidente Mauricio Macri al otorgar un irrisorio bono navide\u00f1o de $400 a los jubilados, en medio de la cruda acci\u00f3n devaluatoria con que dio comienzo a su gesti\u00f3n de Gobierno, al tiempo que repudiamos los no menos insensibles acuerdos alcanzados por la mayor\u00eda de los Legisladores Cordobeses que, en contubernio con el Gobernador de aquella Provincia, recortaron los haberes jubilatorios del 82% m\u00f3vil.<\/em><\/p>\n<p><a href=\"http:\/\/www.atecordoba.org\/wp-content\/uploads\/2015\/12\/jubilados-general-e1451337001800.jpg\"><img loading=\"lazy\" decoding=\"async\" class=\"aligncenter size-full wp-image-6263\" src=\"http:\/\/www.atecordoba.org\/wp-content\/uploads\/2015\/12\/jubilados-general-e1451337001800.jpg\" alt=\"jubilados general\" width=\"550\" height=\"334\" \/><\/a><\/p>\n<p><span style=\"font-style: inherit; font-weight: inherit;\"><span style=\"font-style: inherit; font-weight: inherit;\">Las migajas dispuestas por el flamante jefe del Ejecutivo a los jubilados constituye una falta de respeto hacia el sector, cuyos ingresos de por s\u00ed deca\u00eddos como consecuencia de la ola de aumentos en los precios sobre la canasta b\u00e1sica, y los medicamentos, producto de la especulaci\u00f3n desmedida en oportunidad del cambio de autoridades, y no controlada, recibi\u00f3 tras cart\u00f3n un golpe letal al producirse la devaluaci\u00f3n anunciada por el nuevo Presidente.<\/span><\/span><\/p>\n<p><span style=\"font-style: inherit; font-weight: inherit;\"><span style=\"font-style: inherit; font-weight: inherit;\">Esta situaci\u00f3n no se soluciona con un bono navide\u00f1o de ning\u00fan valor, sino que requiere de responsabilidad pol\u00edtica, profunda sensibilidad social, y mirada estrat\u00e9gica. La suerte de los jubilados del presente debe atenderse con el respeto que exige, los esfuerzos realizados a lo largo de nuestra vida activa, y los aportes efectuados, permitiendo de manera inmediata que, como lo marca la Constituci\u00f3n Nacional ejerzamos el control de las mismas, junto a la representaci\u00f3n de los activos y el Estado. Dictaminar la plena vigencia del 82%, derecho legal y leg\u00edtimo que nos compete, debe constituirse en un acto de nobleza pol\u00edtica y justicia social, que adem\u00e1s, garantizar\u00e1 a las nuevas generaciones de jubilados, una vida digna con haberes justos.<\/span><\/span><\/p>\n<p><span style=\"font-style: inherit; font-weight: inherit;\"><span style=\"font-style: inherit; font-weight: inherit;\">El comunicado firmado por las dirigentes Lidia Meza, Noelia Guzm\u00e1n y Olivia Ru\u00edz, tambi\u00e9n se manifiesta en contra de los indignos acuerdos legislativos en la Provincia de C\u00f3rdoba entre representantes de Cambiemos, el radicalismo y el peronismo, por el cual el 82% m\u00f3vil ser\u00e1 calculado sobre el 89% del sueldo como activo y no sobre el 100%, lo que representa un recorte significativo en las jubilaciones, esto en el marco de la crisis financiera que atraviesa la Caja de Jubilaciones Provincial. Una crisis que no se origina por nuestra responsabilidad sino por nuestra negada presencia en el control de aquellos, y s\u00ed por la sola complicidad de la clase pol\u00edtica desde hace a\u00f1os.<\/span><\/span><\/p>\n","protected":false},"excerpt":{"rendered":"<p>La Comisi\u00f3n Normalizadora del Centro Nacional de Jubilados y Pensionados de la ATE condenamos la insensibilidad del Presidente Mauricio Macri al otorgar un irrisorio bono navide\u00f1o de $400 a los jubilados, en medio de la cruda acci\u00f3n devaluatoria con que dio comienzo a su gesti\u00f3n de Gobierno, al tiempo que repudiamos los no menos insensibles [&hellip;]<\/p>\n","protected":false},"author":1,"featured_media":19220,"comment_status":"open","ping_status":"open","sticky":false,"template":"","format":"standard","meta":{"_exactmetrics_skip_tracking":false,"_exactmetrics_sitenote_active":false,"_exactmetrics_sitenote_note":"","_exactmetrics_sitenote_category":0,"jnews-multi-image_gallery":[],"jnews_single_post":[],"jnews_primary_category":[],"jnews_social_meta":[],"jnews_review":[],"enable_review":"","type":"","name":"","summary":"","brand":"","sku":"","good":[],"bad":[],"score_override":"","override_value":"","rating":[],"price":[],"jnews_override_counter":[],"jnews_post_split":[],"footnotes":""},"categories":[22],"tags":[],"class_list":["post-6262","post","type-post","status-publish","format-standard","has-post-thumbnail","hentry","category-jubilados"],"jetpack_featured_media_url":"https:\/\/atecordoba.org\/wp-content\/uploads\/2020\/05\/logo-nuevochico-e1561581322808.png","_links":{"self":[{"href":"https:\/\/atecordoba.org\/index.php?rest_route=\/wp\/v2\/posts\/6262","targetHints":{"allow":["GET"]}}],"collection":[{"href":"https:\/\/atecordoba.org\/index.php?rest_route=\/wp\/v2\/posts"}],"about":[{"href":"https:\/\/atecordoba.org\/index.php?rest_route=\/wp\/v2\/types\/post"}],"author":[{"embeddable":true,"href":"https:\/\/atecordoba.org\/index.php?rest_route=\/wp\/v2\/users\/1"}],"replies":[{"embeddable":true,"href":"https:\/\/atecordoba.org\/index.php?rest_route=%2Fwp%2Fv2%2Fcomments&post=6262"}],"version-history":[{"count":0,"href":"https:\/\/atecordoba.org\/index.php?rest_route=\/wp\/v2\/posts\/6262\/revisions"}],"wp:featuredmedia":[{"embeddable":true,"href":"https:\/\/atecordoba.org\/index.php?rest_route=\/wp\/v2\/media\/19220"}],"wp:attachment":[{"href":"https:\/\/atecordoba.org\/index.php?rest_route=%2Fwp%2Fv2%2Fmedia&parent=6262"}],"wp:term":[{"taxonomy":"category","embeddable":true,"href":"https:\/\/atecordoba.org\/index.php?rest_route=%2Fwp%2Fv2%2Fcategories&post=6262"},{"taxonomy":"post_tag","embeddable":true,"href":"https:\/\/atecordoba.org\/index.php?rest_route=%2Fwp%2Fv2%2Ftags&post=6262"}],"curies":[{"name":"wp","href":"https:\/\/api.w.org\/{rel}","templated":true}]}}