{"id":6258,"date":"2015-12-23T20:40:41","date_gmt":"2015-12-23T23:40:41","guid":{"rendered":"http:\/\/www.atecordoba.org\/?p=6258"},"modified":"2015-12-23T20:40:41","modified_gmt":"2015-12-23T23:40:41","slug":"municipales-de-san-carlos-minas-en-lucha-por-sueldos-caidos-y-el-despido-de-10-trabajadores","status":"publish","type":"post","link":"https:\/\/atecordoba.org\/?p=6258","title":{"rendered":"Municipales de San Carlos Minas en lucha por sueldos ca\u00eddos y el despido de 10 trabajadores"},"content":{"rendered":"<p><em>El intendente de la localidad del norte provincial se niega a pagar los haberes de noviembre de 80 empleados. Tampoco hizo efectivo el aguinaldo y anunci\u00f3 el despido de 10 trabajadores que hab\u00edan sido efectivizados en junio pasado. Ayer comenz\u00f3 el estado de asamblea permanente, que continuar\u00e1 ma\u00f1ana.<\/em><\/p>\n<p><a href=\"http:\/\/www.atecordoba.org\/wp-content\/uploads\/2015\/12\/san-carlos-minas.png\"><img loading=\"lazy\" decoding=\"async\" class=\"aligncenter size-full wp-image-6259\" src=\"http:\/\/www.atecordoba.org\/wp-content\/uploads\/2015\/12\/san-carlos-minas.png\" alt=\"san carlos minas\" width=\"550\" height=\"308\" \/><\/a><\/p>\n<p>Como viene sucediendo en distintos municipios del interior provincial tras el cambio de gobierno, el nuevo intendente de San Carlos Minas, Cristian Fr\u00edas, asumi\u00f3 decretando un brutal ajuste que descarga sobre las espaldas de los trabajadores.<\/p>\n<p>Salarios ca\u00eddos de noviembre y sin cobrar el aguinaldo, que por ley deben pagarse hasta el 19 de diciembre como l\u00edmite para cualquier Ejecutivo, m\u00e1s el despido de trabajadores que se vienen desempe\u00f1ando en la comuna, determinaron que los delegados de ATE en el sector resolvieran el estado de asamblea permanente.<\/p>\n<p><a href=\"http:\/\/www.atecordoba.org\/wp-content\/uploads\/2015\/12\/san-carlos-minas-3.png\"><img loading=\"lazy\" decoding=\"async\" class=\"aligncenter size-full wp-image-6260\" src=\"http:\/\/www.atecordoba.org\/wp-content\/uploads\/2015\/12\/san-carlos-minas-3.png\" alt=\"san carlos minas 3\" width=\"550\" height=\"308\" \/><\/a><\/p>\n<p>Resuelto el lunes pasado, desde ayer se resinti\u00f3 totalmente la atenci\u00f3n en la municipalidad. Durante la jornada de hoy, los delegados intentaron llegar a un acuerdo con Fr\u00edas, acompa\u00f1ados por el secretario de Interior, Alejandro Mur\u00faa, sin resultado positivo.<\/p>\n<p>&#8220;Estuvimos todo el d\u00eda con los compa\u00f1eros en la puerta de la municipalidad esperando una respuesta. Pero el intendente, que no tiene c\u00f3digos, nos dio vueltas para ganar tiempo porque se vienen las fiestas, momento que las 80 familias de los municipales vamos a pasar sin el pan en nuestra mesa&#8221;, afirm\u00f3 el delegado de ATE Pedro Cebrero.<\/p>\n<p>Fr\u00edas pretende despedir a 10 compa\u00f1eros efectivizados a mediados de a\u00f1os de manera legal por lo que el plan de lucha se mantendr\u00e1 en pie hasta tanto se revierta la situaci\u00f3n y el intendente cumpla con sus obligaciones legales.<\/p>\n<p>Ma\u00f1ana desde las 8 horas, los compa\u00f1eros se movilizar\u00e1n nuevamente a la puerta del municipio para hacer sentir la protesta.<\/p>\n","protected":false},"excerpt":{"rendered":"<p>El intendente de la localidad del norte provincial se niega a pagar los haberes de noviembre de 80 empleados. Tampoco hizo efectivo el aguinaldo y anunci\u00f3 el despido de 10 trabajadores que hab\u00edan sido efectivizados en junio pasado. Ayer comenz\u00f3 el estado de asamblea permanente, que continuar\u00e1 ma\u00f1ana. Como viene sucediendo en distintos municipios del [&hellip;]<\/p>\n","protected":false},"author":1,"featured_media":19220,"comment_status":"open","ping_status":"open","sticky":false,"template":"","format":"standard","meta":{"_exactmetrics_skip_tracking":false,"_exactmetrics_sitenote_active":false,"_exactmetrics_sitenote_note":"","_exactmetrics_sitenote_category":0,"jnews-multi-image_gallery":[],"jnews_single_post":[],"jnews_primary_category":[],"jnews_social_meta":[],"jnews_review":[],"enable_review":"","type":"","name":"","summary":"","brand":"","sku":"","good":[],"bad":[],"score_override":"","override_value":"","rating":[],"price":[],"jnews_override_counter":[],"jnews_post_split":[],"footnotes":""},"categories":[20],"tags":[],"class_list":["post-6258","post","type-post","status-publish","format-standard","has-post-thumbnail","hentry","category-municipales"],"jetpack_featured_media_url":"https:\/\/atecordoba.org\/wp-content\/uploads\/2020\/05\/logo-nuevochico-e1561581322808.png","_links":{"self":[{"href":"https:\/\/atecordoba.org\/index.php?rest_route=\/wp\/v2\/posts\/6258","targetHints":{"allow":["GET"]}}],"collection":[{"href":"https:\/\/atecordoba.org\/index.php?rest_route=\/wp\/v2\/posts"}],"about":[{"href":"https:\/\/atecordoba.org\/index.php?rest_route=\/wp\/v2\/types\/post"}],"author":[{"embeddable":true,"href":"https:\/\/atecordoba.org\/index.php?rest_route=\/wp\/v2\/users\/1"}],"replies":[{"embeddable":true,"href":"https:\/\/atecordoba.org\/index.php?rest_route=%2Fwp%2Fv2%2Fcomments&post=6258"}],"version-history":[{"count":0,"href":"https:\/\/atecordoba.org\/index.php?rest_route=\/wp\/v2\/posts\/6258\/revisions"}],"wp:featuredmedia":[{"embeddable":true,"href":"https:\/\/atecordoba.org\/index.php?rest_route=\/wp\/v2\/media\/19220"}],"wp:attachment":[{"href":"https:\/\/atecordoba.org\/index.php?rest_route=%2Fwp%2Fv2%2Fmedia&parent=6258"}],"wp:term":[{"taxonomy":"category","embeddable":true,"href":"https:\/\/atecordoba.org\/index.php?rest_route=%2Fwp%2Fv2%2Fcategories&post=6258"},{"taxonomy":"post_tag","embeddable":true,"href":"https:\/\/atecordoba.org\/index.php?rest_route=%2Fwp%2Fv2%2Ftags&post=6258"}],"curies":[{"name":"wp","href":"https:\/\/api.w.org\/{rel}","templated":true}]}}