{"id":6254,"date":"2015-12-23T18:33:11","date_gmt":"2015-12-23T21:33:11","guid":{"rendered":"http:\/\/www.atecordoba.org\/?p=6254"},"modified":"2015-12-23T18:33:11","modified_gmt":"2015-12-23T21:33:11","slug":"ate-para-el-29-en-todo-el-pais","status":"publish","type":"post","link":"https:\/\/atecordoba.org\/?p=6254","title":{"rendered":"ATE para el 29 en todo el pa\u00eds"},"content":{"rendered":"<p><em> En la ciudad de Buenos Aires, marchar\u00e1n a las 11 desde las avenidas Corrientes y Leandro Alem hacia el Ministerio de Trabajo de la Naci\u00f3n. Exigimos estabilidad laboral, un bono de $5000 y la reapertura de paritarias. En C\u00f3rdoba se realizar\u00e1 una jornada de protesta.\u00a0<\/em><\/p>\n<p><a href=\"http:\/\/www.atecordoba.org\/wp-content\/uploads\/2015\/12\/paro-ATE-29-12-e1450906315394.jpg\"><img loading=\"lazy\" decoding=\"async\" class=\"aligncenter size-full wp-image-6255\" src=\"http:\/\/www.atecordoba.org\/wp-content\/uploads\/2015\/12\/paro-ATE-29-12-e1450906315394.jpg\" alt=\"paro ATE 29-12\" width=\"550\" height=\"325\" \/><\/a><\/p>\n<p><span style=\"font-style: inherit; font-weight: inherit;\">La conducci\u00f3n nacional de ATE resolvi\u00f3 realizar una jornada nacional de lucha en todo el pa\u00eds, que incluir\u00e1 el paro de trabajadores en todas las administraciones p\u00fablicas. Asimismo se realizar\u00e1n movilizaciones, protestas en las calles, permanencias pac\u00edficas, radios abiertas y asambleas, entre otras modalidades de protesta, en todas las principales ciudades de la Argentina.<\/span><\/p>\n<p><span style=\"font-style: inherit; font-weight: inherit;\"><span style=\"font-style: inherit; font-weight: inherit;\">Esta medida se adopta a partir de la falta de respuesta al pedido de reuni\u00f3n solicitada por la conducci\u00f3n del sindicato a las autoridades del gobierno nacional y la ejecuci\u00f3n de un pago por \u00fanica vez de 5 mil pesos, para apalear la inflaci\u00f3n resultante de la devaluaci\u00f3n del 40%, que se suma al aumento del 30% de los precios al consumidor desde principio de 2015.<\/span><\/span><\/p>\n<p><span style=\"font-style: inherit; font-weight: inherit;\"><span style=\"font-style: inherit; font-weight: inherit;\">ATE exige adem\u00e1s, la continuidad laboral y el pase a planta permanente de los m\u00e1s de 600 mil trabajadores contratados en el Estado, como tambi\u00e9n la pronta reapertura de paritarias para enfrentar la p\u00e9rdida de poder adquisitivo del salario.<\/span><\/span><\/p>\n<p><span style=\"font-style: inherit; font-weight: inherit;\"><span style=\"font-style: inherit; font-weight: inherit;\">Advierte asimismo que adoptar\u00e1 todas las medidas de fuerza a su alcance para detener cualquier despido de trabajadores estatales en alguna de las administraciones nacionales, provinciales o municipales, tal como viene sucediendo en Unquillo o San Carlos Minas, localidades de interior provincial donde los intendentes est\u00e1n aplicando planes de ajuste directamente sobre las espaldas de los trabajadores.<\/span><\/span><\/p>\n<p><strong>Hugo Godoy: &#8220;El problema es la precarizaci\u00f3n, no los \u00f1oquis&#8221;<\/strong><\/p>\n<p><a href=\"http:\/\/www.atecordoba.org\/wp-content\/uploads\/2015\/12\/godoy2-e1450906373697.jpg\"><img loading=\"lazy\" decoding=\"async\" class=\"aligncenter size-full wp-image-6256\" src=\"http:\/\/www.atecordoba.org\/wp-content\/uploads\/2015\/12\/godoy2-e1450906373697.jpg\" alt=\"godoy2\" width=\"550\" height=\"367\" \/><\/a><\/p>\n<p>El secretario general de ATE nacional, Hugo &#8220;Cachorro&#8221; Godoy, ratific\u00f3 el paro\u00a0en declaraciones a una radio porte\u00f1a \u00a0y advirti\u00f3 al Gobierno que no permitir\u00e1 &#8220;despidos masivos&#8221; en el Estado, luego de que la administraci\u00f3n central anunciara que revisar\u00e1 24 mil contratos efectuados durante los \u00faltimos a\u00f1os de la gesti\u00f3n kirchnerista.<\/p>\n<p>No obstante, admiti\u00f3 que &#8220;puede haber &#8216;\u00f1oquis&#8217;, alguno que otro&#8221;, pero dijo que, &#8220;cuando en la continuidad de trabajo se pone un m\u00ednimo de control, eso se resuelve f\u00e1cilmente&#8221; y agreg\u00f3 que, &#8220;en realidad, el problema en el Estado nacional no son los &#8216;\u00f1oquis&#8217;, sino la precariedad laboral&#8221;.<\/p>\n<p>&#8220;Nuestro gremio ha convocado a una medida de fuerza para el 29 de diciembre, vamos a realizar una jornada nacional de lucha con paros y movilizaciones en todo el pa\u00eds&#8221;, confirm\u00f3 Godoy en di\u00e1logo con radio Del Plata, quien insisti\u00f3 adem\u00e1s con el reclamo de &#8220;reapertura de paritarias y un bono de fin de a\u00f1o&#8221;.<\/p>\n<p>El l\u00edder sindical record\u00f3 que la huelga fue convocada &#8220;exigiendo a Macri, que es el patr\u00f3n de los trabajadores del Estado, as\u00ed como dice que el bono lo tienen que discutir los empresarios y los sindicatos en el sector privado, que genere un \u00e1mbito en el Estado para que los trabajadores podamos discutir c\u00f3mo compensamos la enorme p\u00e9rdida salarial que tenemos y garantizamos que no haya despidos masivos&#8221;.<\/p>\n<p>Ayer, el ministro de Modernizaci\u00f3n, Andr\u00e9s Ibarra, anunci\u00f3 que revisar\u00e1 24 mil contratos as\u00ed como la evoluci\u00f3n de los concursos, correspondientes a la \u00faltima etapa de gesti\u00f3n de la presidenta Cristina Fern\u00e1ndez, para detectar empleados que no cumplan funciones.<\/p>\n<p>El ministro manifest\u00f3 que &#8220;de los 64 mil contratos que tiene el Estado, se incorporaron alrededor de 24 mil (en los \u00faltimos a\u00f1os), con un crecimiento de m\u00e1s del 50 por ciento respecto de los \u00faltimos a\u00f1os&#8221;, por lo que se propone &#8220;focalizar, mirar, cada una de las \u00e1reas, para que eval\u00faen la situaci\u00f3n de esos contratos&#8221;.<\/p>\n<p>&#8220;Est\u00e1 equivocado, no s\u00e9 cu\u00e1l es la intenci\u00f3n, pero seg\u00fan la informaci\u00f3n que nosotros poseemos son 95 mil, no menos, los contratos de distinta \u00edndole que existen; 70 mil que son reconocidos en el Presupuesto Nacional y 25 mil que tienen distintas formas como contratos de locaci\u00f3n de obras, contratos con universidades y contratos con organismos internacionales&#8221;, replic\u00f3 Godoy.<\/p>\n<p>Y alert\u00f3 que &#8220;cumplen funciones como cualquier trabajador en el Estado&#8221;, por lo que consider\u00f3 que deben pasar a planta permanente.<\/p>\n","protected":false},"excerpt":{"rendered":"<p>En la ciudad de Buenos Aires, marchar\u00e1n a las 11 desde las avenidas Corrientes y Leandro Alem hacia el Ministerio de Trabajo de la Naci\u00f3n. Exigimos estabilidad laboral, un bono de $5000 y la reapertura de paritarias. En C\u00f3rdoba se realizar\u00e1 una jornada de protesta.\u00a0 La conducci\u00f3n nacional de ATE resolvi\u00f3 realizar una jornada nacional [&hellip;]<\/p>\n","protected":false},"author":1,"featured_media":19220,"comment_status":"open","ping_status":"open","sticky":false,"template":"","format":"standard","meta":{"_exactmetrics_skip_tracking":false,"_exactmetrics_sitenote_active":false,"_exactmetrics_sitenote_note":"","_exactmetrics_sitenote_category":0,"jnews-multi-image_gallery":[],"jnews_single_post":[],"jnews_primary_category":[],"jnews_social_meta":[],"jnews_review":[],"enable_review":"","type":"","name":"","summary":"","brand":"","sku":"","good":[],"bad":[],"score_override":"","override_value":"","rating":[],"price":[],"jnews_override_counter":[],"jnews_post_split":[],"footnotes":""},"categories":[1],"tags":[],"class_list":["post-6254","post","type-post","status-publish","format-standard","has-post-thumbnail","hentry","category-sin-categoria"],"jetpack_featured_media_url":"https:\/\/atecordoba.org\/wp-content\/uploads\/2020\/05\/logo-nuevochico-e1561581322808.png","_links":{"self":[{"href":"https:\/\/atecordoba.org\/index.php?rest_route=\/wp\/v2\/posts\/6254","targetHints":{"allow":["GET"]}}],"collection":[{"href":"https:\/\/atecordoba.org\/index.php?rest_route=\/wp\/v2\/posts"}],"about":[{"href":"https:\/\/atecordoba.org\/index.php?rest_route=\/wp\/v2\/types\/post"}],"author":[{"embeddable":true,"href":"https:\/\/atecordoba.org\/index.php?rest_route=\/wp\/v2\/users\/1"}],"replies":[{"embeddable":true,"href":"https:\/\/atecordoba.org\/index.php?rest_route=%2Fwp%2Fv2%2Fcomments&post=6254"}],"version-history":[{"count":0,"href":"https:\/\/atecordoba.org\/index.php?rest_route=\/wp\/v2\/posts\/6254\/revisions"}],"wp:featuredmedia":[{"embeddable":true,"href":"https:\/\/atecordoba.org\/index.php?rest_route=\/wp\/v2\/media\/19220"}],"wp:attachment":[{"href":"https:\/\/atecordoba.org\/index.php?rest_route=%2Fwp%2Fv2%2Fmedia&parent=6254"}],"wp:term":[{"taxonomy":"category","embeddable":true,"href":"https:\/\/atecordoba.org\/index.php?rest_route=%2Fwp%2Fv2%2Fcategories&post=6254"},{"taxonomy":"post_tag","embeddable":true,"href":"https:\/\/atecordoba.org\/index.php?rest_route=%2Fwp%2Fv2%2Ftags&post=6254"}],"curies":[{"name":"wp","href":"https:\/\/api.w.org\/{rel}","templated":true}]}}