{"id":6249,"date":"2015-12-23T18:08:00","date_gmt":"2015-12-23T21:08:00","guid":{"rendered":"http:\/\/www.atecordoba.org\/?p=6249"},"modified":"2015-12-23T18:08:00","modified_gmt":"2015-12-23T21:08:00","slug":"los-municipales-cumplieron-hoy-el-cuarto-dia-de-paro-en-unquillo","status":"publish","type":"post","link":"https:\/\/atecordoba.org\/?p=6249","title":{"rendered":"Los municipales cumplieron hoy el cuarto d\u00eda de paro en Unquillo"},"content":{"rendered":"<p><em>El plan de lucha prosigue con el compromiso de todos los trabajadores de la municipalidad de Unquillo ante el ajuste que se propone realizar el intendente Fabrissin. Dos movilizaciones contaron con el apoyo decidido de los habitantes de la localidad.<\/em><\/p>\n<figure id=\"attachment_6250\" aria-describedby=\"caption-attachment-6250\" style=\"width: 550px\" class=\"wp-caption aligncenter\"><a href=\"http:\/\/www.atecordoba.org\/wp-content\/uploads\/2015\/12\/marcha-unquillo-2-e1450904645606.jpg\"><img loading=\"lazy\" decoding=\"async\" class=\"wp-image-6250 size-full\" src=\"http:\/\/www.atecordoba.org\/wp-content\/uploads\/2015\/12\/marcha-unquillo-2-e1450904645606.jpg\" alt=\"marcha unquillo 2\" width=\"550\" height=\"309\" \/><\/a><figcaption id=\"caption-attachment-6250\" class=\"wp-caption-text\">La columna de municipales que ayer se moviliz\u00f3 en Unquillo. El delegado de ATE juan Lescano encabeza la marcha con su mameluco de trabajo.<\/figcaption><\/figure>\n<p>En un conflicto in\u00e9dito para la ciudad de Unquillo, los municipales cumplieron hoy su cuarto d\u00eda de paro, en rechazo al plan de ajuste que pretende imponer el intendente Jorge Fabrissin. &#8220;Nos deb\u00edan los sueldos de noviembre, pero despu\u00e9s de iniciado en plan de lucha logramos que el intendente deposite los habares ca\u00eddos y tenemos el compromiso de que para la semana que viene se liquide el aguinaldo&#8221;, destac\u00f3 el delegado de ATE Juan Lescano.<\/p>\n<p>Sin embargo, los trabajadores se mantienen de paro hasta ma\u00f1ana a la espera que Fabrissin se comprometa a rever la situaci\u00f3n de los compa\u00f1eros precarizados, ya que plante\u00f3 70 cesant\u00edas \u00a0en el plantel de municipal. &#8220;Queremos un impasse de 30 d\u00edas para analizar la situaci\u00f3n de esos compa\u00f1eros y que se congele la decisi\u00f3n de no renovar esos contratos&#8221;, agreg\u00f3 Lescano.<\/p>\n<p>Al mismo tiempo, ma\u00f1ana delegados de ATE y del gremio municipal del sector, se reunir\u00e1n ma\u00f1ana a la ma\u00f1ana con el intendente para que se comprometa a no modificar el c\u00e1lculo de haberes, manteniendo \u00edtems que son derechos adquiridos de los compa\u00f1eros como:\u00a0antig\u00fcedad, trabajo insalubre, trabajo de riesgo, horas extras, vacaciones en d\u00edas h\u00e1biles, todos puntos que el reci\u00e9n asumido intendente pretende borrar de un plumado de los salarios.<\/p>\n<p>&#8220;Para levantar el paro Fabrissin debe garantizarnos que no tocar\u00e1 los salarios&#8221;, finaliz\u00f3 Lescano.<\/p>\n<p>El plan de lucha cont\u00f3 con nutrido apoyo de buena parte de la poblaci\u00f3n de Unquillo. En las movilizaciones realizadas ayer y hoy \u00a0se sumaron alrededor de 500 vecinos a la columna de 200 trabajadores que marcharon por el centro.<\/p>\n<p>ATE dej\u00f3 claro desde el primer momento que no permitir\u00e1 el que cambio de gobierno afecte ni los salarios ni los puestos de trabajo ni las condiciones laborales de los trabajadores del sector.<\/p>\n","protected":false},"excerpt":{"rendered":"<p>El plan de lucha prosigue con el compromiso de todos los trabajadores de la municipalidad de Unquillo ante el ajuste que se propone realizar el intendente Fabrissin. Dos movilizaciones contaron con el apoyo decidido de los habitantes de la localidad. En un conflicto in\u00e9dito para la ciudad de Unquillo, los municipales cumplieron hoy su cuarto [&hellip;]<\/p>\n","protected":false},"author":1,"featured_media":19220,"comment_status":"open","ping_status":"open","sticky":false,"template":"","format":"standard","meta":{"_exactmetrics_skip_tracking":false,"_exactmetrics_sitenote_active":false,"_exactmetrics_sitenote_note":"","_exactmetrics_sitenote_category":0,"jnews-multi-image_gallery":[],"jnews_single_post":[],"jnews_primary_category":[],"jnews_social_meta":[],"jnews_review":[],"enable_review":"","type":"","name":"","summary":"","brand":"","sku":"","good":[],"bad":[],"score_override":"","override_value":"","rating":[],"price":[],"jnews_override_counter":[],"jnews_post_split":[],"footnotes":""},"categories":[1],"tags":[],"class_list":["post-6249","post","type-post","status-publish","format-standard","has-post-thumbnail","hentry","category-sin-categoria"],"jetpack_featured_media_url":"https:\/\/atecordoba.org\/wp-content\/uploads\/2020\/05\/logo-nuevochico-e1561581322808.png","_links":{"self":[{"href":"https:\/\/atecordoba.org\/index.php?rest_route=\/wp\/v2\/posts\/6249","targetHints":{"allow":["GET"]}}],"collection":[{"href":"https:\/\/atecordoba.org\/index.php?rest_route=\/wp\/v2\/posts"}],"about":[{"href":"https:\/\/atecordoba.org\/index.php?rest_route=\/wp\/v2\/types\/post"}],"author":[{"embeddable":true,"href":"https:\/\/atecordoba.org\/index.php?rest_route=\/wp\/v2\/users\/1"}],"replies":[{"embeddable":true,"href":"https:\/\/atecordoba.org\/index.php?rest_route=%2Fwp%2Fv2%2Fcomments&post=6249"}],"version-history":[{"count":0,"href":"https:\/\/atecordoba.org\/index.php?rest_route=\/wp\/v2\/posts\/6249\/revisions"}],"wp:featuredmedia":[{"embeddable":true,"href":"https:\/\/atecordoba.org\/index.php?rest_route=\/wp\/v2\/media\/19220"}],"wp:attachment":[{"href":"https:\/\/atecordoba.org\/index.php?rest_route=%2Fwp%2Fv2%2Fmedia&parent=6249"}],"wp:term":[{"taxonomy":"category","embeddable":true,"href":"https:\/\/atecordoba.org\/index.php?rest_route=%2Fwp%2Fv2%2Fcategories&post=6249"},{"taxonomy":"post_tag","embeddable":true,"href":"https:\/\/atecordoba.org\/index.php?rest_route=%2Fwp%2Fv2%2Ftags&post=6249"}],"curies":[{"name":"wp","href":"https:\/\/api.w.org\/{rel}","templated":true}]}}