{"id":6247,"date":"2015-12-23T17:30:40","date_gmt":"2015-12-23T20:30:40","guid":{"rendered":"http:\/\/www.atecordoba.org\/?p=6247"},"modified":"2015-12-23T17:30:40","modified_gmt":"2015-12-23T20:30:40","slug":"ate-repudia-la-eliminacion-del-82-en-las-jubilaciones-provinciales","status":"publish","type":"post","link":"https:\/\/atecordoba.org\/?p=6247","title":{"rendered":"ATE repudia la eliminaci\u00f3n del 82% en las jubilaciones provinciales"},"content":{"rendered":"<p style=\"text-align: left;\" align=\"center\"><em>Bajo el paraguas de la derogaci\u00f3n del diferimiento de la movilidad jubilatoria, el aumento de los m\u00ednimos y un bono de fin de a\u00f1o, el gobierno provincial resolvi\u00f3 dar \u00a0muerte el 82% m\u00f3vil en el c\u00e1lculo de las jubilaciones que otorga la Caja de Jubilaciones, Pensiones y Retiros de la provincia de C\u00f3rdoba.<\/em><\/p>\n<p style=\"text-align: left;\" align=\"center\"><a href=\"http:\/\/www.atecordoba.org\/wp-content\/uploads\/2015\/11\/BOMBO-ATE.jpg\"><img loading=\"lazy\" decoding=\"async\" class=\"aligncenter size-full wp-image-6001\" src=\"http:\/\/www.atecordoba.org\/wp-content\/uploads\/2015\/11\/BOMBO-ATE.jpg\" alt=\"BOMBO ATE\" width=\"275\" height=\"183\" \/><\/a><\/p>\n<p>A un d\u00eda del festejo de navidad, y sin anticipo p\u00fablico, Schiaretti pone en pr\u00e1ctica la armonizaci\u00f3n con el sistema nacional de previsi\u00f3n, seg\u00fan lo establece la ley aprobada<span class=\"apple-converted-space\">\u00a0<\/span><span id=\"OBJ_PREFIX_DWT2461_com_zimbra_date\"><span class=\"object\">hoy<\/span><\/span><span class=\"apple-converted-space\">\u00a0<\/span>en la Legislatura, contradiciendo lo dicho durante los \u00faltimos a\u00f1os por el propio gobierno (eje con la supuesta diferencia con el gobierno nacional) y retomando los c\u00e1lculos jubilatorios\u00a0de la emergencia que Ram\u00f3n Mestre padre implement\u00f3 en los \u201990. Repudiamos esta metodolog\u00eda, que muestra la falta de discusi\u00f3n con los trabajadores, reales due\u00f1os de la Caja.<\/p>\n<p>Todo esto presupone una reducci\u00f3n lisa y llana de los salarios, m\u00e1s all\u00e1 de los disfraces con que se quiera decorar la ley en cuesti\u00f3n, por lo tanto repudiamos y rechazamos cualquier modificaci\u00f3n en el c\u00e1lculo del 82% de los jubilados.<\/p>\n<p>La reducci\u00f3n de los aportes al 11% no hace m\u00e1s que abonar el terreno hac\u00eda dicha rebaja, confluyendo en una armonizaci\u00f3n que perjudica claramente a jubilados, en funci\u00f3n de los aportes ya realizados.<\/p>\n<p>En consecuencia, ATE ratifica el estado de alerta y movilizaci\u00f3n para resistir este ajuste y coordinar unidad de acci\u00f3n en la pelea con todas las organizaciones sindicales de la provincia de C\u00f3rdoba.<\/p>\n<p style=\"text-align: right;\">\u00a0<span id=\"OBJ_PREFIX_DWT2462_com_zimbra_date\"><span class=\"object\">Mar<\/span><\/span>\u00eda Liliana Salerno<\/p>\n<p style=\"text-align: right;\">Secretaria General<\/p>\n","protected":false},"excerpt":{"rendered":"<p>Bajo el paraguas de la derogaci\u00f3n del diferimiento de la movilidad jubilatoria, el aumento de los m\u00ednimos y un bono de fin de a\u00f1o, el gobierno provincial resolvi\u00f3 dar \u00a0muerte el 82% m\u00f3vil en el c\u00e1lculo de las jubilaciones que otorga la Caja de Jubilaciones, Pensiones y Retiros de la provincia de C\u00f3rdoba. A un [&hellip;]<\/p>\n","protected":false},"author":1,"featured_media":19220,"comment_status":"open","ping_status":"open","sticky":false,"template":"","format":"standard","meta":{"_exactmetrics_skip_tracking":false,"_exactmetrics_sitenote_active":false,"_exactmetrics_sitenote_note":"","_exactmetrics_sitenote_category":0,"jnews-multi-image_gallery":[],"jnews_single_post":[],"jnews_primary_category":[],"jnews_social_meta":[],"jnews_review":[],"enable_review":"","type":"","name":"","summary":"","brand":"","sku":"","good":[],"bad":[],"score_override":"","override_value":"","rating":[],"price":[],"jnews_override_counter":[],"jnews_post_split":[],"footnotes":""},"categories":[22,8],"tags":[],"class_list":["post-6247","post","type-post","status-publish","format-standard","has-post-thumbnail","hentry","category-jubilados","category-provinciales"],"jetpack_featured_media_url":"https:\/\/atecordoba.org\/wp-content\/uploads\/2020\/05\/logo-nuevochico-e1561581322808.png","_links":{"self":[{"href":"https:\/\/atecordoba.org\/index.php?rest_route=\/wp\/v2\/posts\/6247","targetHints":{"allow":["GET"]}}],"collection":[{"href":"https:\/\/atecordoba.org\/index.php?rest_route=\/wp\/v2\/posts"}],"about":[{"href":"https:\/\/atecordoba.org\/index.php?rest_route=\/wp\/v2\/types\/post"}],"author":[{"embeddable":true,"href":"https:\/\/atecordoba.org\/index.php?rest_route=\/wp\/v2\/users\/1"}],"replies":[{"embeddable":true,"href":"https:\/\/atecordoba.org\/index.php?rest_route=%2Fwp%2Fv2%2Fcomments&post=6247"}],"version-history":[{"count":0,"href":"https:\/\/atecordoba.org\/index.php?rest_route=\/wp\/v2\/posts\/6247\/revisions"}],"wp:featuredmedia":[{"embeddable":true,"href":"https:\/\/atecordoba.org\/index.php?rest_route=\/wp\/v2\/media\/19220"}],"wp:attachment":[{"href":"https:\/\/atecordoba.org\/index.php?rest_route=%2Fwp%2Fv2%2Fmedia&parent=6247"}],"wp:term":[{"taxonomy":"category","embeddable":true,"href":"https:\/\/atecordoba.org\/index.php?rest_route=%2Fwp%2Fv2%2Fcategories&post=6247"},{"taxonomy":"post_tag","embeddable":true,"href":"https:\/\/atecordoba.org\/index.php?rest_route=%2Fwp%2Fv2%2Ftags&post=6247"}],"curies":[{"name":"wp","href":"https:\/\/api.w.org\/{rel}","templated":true}]}}