{"id":6243,"date":"2015-12-18T18:13:28","date_gmt":"2015-12-18T21:13:28","guid":{"rendered":"http:\/\/www.atecordoba.org\/?p=6243"},"modified":"2015-12-18T18:13:28","modified_gmt":"2015-12-18T21:13:28","slug":"lunes-de-protesta-en-los-hospitales-en-continuidad-del-plan-de-lucha","status":"publish","type":"post","link":"https:\/\/atecordoba.org\/?p=6243","title":{"rendered":"Lunes de protesta en los hospitales en continuidad del plan de lucha\u00a0"},"content":{"rendered":"<p style=\"margin: 0px; text-align: left;\"><em>Ante la escalada de precios, y en continuidad del plan de lucha que vienen desarrollando los trabajadores provinciales, ATE convoca a los trabajadores provinciales profundizar el plan de lucha con protestas en los lugares de trabajo el pr\u00f3ximo lunes, en reclamo de la apertura de una mesa de discusi\u00f3n salarial en la Provincia. <\/em><\/p>\n<p style=\"margin: 0px; text-align: left;\"><a href=\"http:\/\/www.atecordoba.org\/wp-content\/uploads\/2015\/12\/hospital-san-roque-e1450473177338.png\"><img loading=\"lazy\" decoding=\"async\" class=\"aligncenter size-full wp-image-6244\" src=\"http:\/\/www.atecordoba.org\/wp-content\/uploads\/2015\/12\/hospital-san-roque-e1450473177338.png\" alt=\"hospital san roque\" width=\"550\" height=\"345\" \/><\/a><\/p>\n<p style=\"margin: 0px; text-align: left;\">Est\u00e1 previsto realizar cortes de calle en las proximidades de los hospitales provinciales, as\u00ed como en otros sectores de trabajo. Entendemos urgente una recomposici\u00f3n salarial ante el desfasaje sufrido por nuestro poder adquisitivo ante la escalada inflacionaria.<\/p>\n<p style=\"margin: 0px; text-align: left;\">Para el martes, el cuerpo de delegados, reunido en la sede de ATE, evaluar\u00e1 los pasos a seguir.<\/p>\n","protected":false},"excerpt":{"rendered":"<p>Ante la escalada de precios, y en continuidad del plan de lucha que vienen desarrollando los trabajadores provinciales, ATE convoca a los trabajadores provinciales profundizar el plan de lucha con protestas en los lugares de trabajo el pr\u00f3ximo lunes, en reclamo de la apertura de una mesa de discusi\u00f3n salarial en la Provincia. Est\u00e1 previsto [&hellip;]<\/p>\n","protected":false},"author":1,"featured_media":19220,"comment_status":"open","ping_status":"open","sticky":false,"template":"","format":"standard","meta":{"_exactmetrics_skip_tracking":false,"_exactmetrics_sitenote_active":false,"_exactmetrics_sitenote_note":"","_exactmetrics_sitenote_category":0,"jnews-multi-image_gallery":[],"jnews_single_post":[],"jnews_primary_category":[],"jnews_social_meta":[],"jnews_review":[],"enable_review":"","type":"","name":"","summary":"","brand":"","sku":"","good":[],"bad":[],"score_override":"","override_value":"","rating":[],"price":[],"jnews_override_counter":[],"jnews_post_split":[],"footnotes":""},"categories":[7,8],"tags":[],"class_list":["post-6243","post","type-post","status-publish","format-standard","has-post-thumbnail","hentry","category-hospitales","category-provinciales"],"jetpack_featured_media_url":"https:\/\/atecordoba.org\/wp-content\/uploads\/2020\/05\/logo-nuevochico-e1561581322808.png","_links":{"self":[{"href":"https:\/\/atecordoba.org\/index.php?rest_route=\/wp\/v2\/posts\/6243","targetHints":{"allow":["GET"]}}],"collection":[{"href":"https:\/\/atecordoba.org\/index.php?rest_route=\/wp\/v2\/posts"}],"about":[{"href":"https:\/\/atecordoba.org\/index.php?rest_route=\/wp\/v2\/types\/post"}],"author":[{"embeddable":true,"href":"https:\/\/atecordoba.org\/index.php?rest_route=\/wp\/v2\/users\/1"}],"replies":[{"embeddable":true,"href":"https:\/\/atecordoba.org\/index.php?rest_route=%2Fwp%2Fv2%2Fcomments&post=6243"}],"version-history":[{"count":0,"href":"https:\/\/atecordoba.org\/index.php?rest_route=\/wp\/v2\/posts\/6243\/revisions"}],"wp:featuredmedia":[{"embeddable":true,"href":"https:\/\/atecordoba.org\/index.php?rest_route=\/wp\/v2\/media\/19220"}],"wp:attachment":[{"href":"https:\/\/atecordoba.org\/index.php?rest_route=%2Fwp%2Fv2%2Fmedia&parent=6243"}],"wp:term":[{"taxonomy":"category","embeddable":true,"href":"https:\/\/atecordoba.org\/index.php?rest_route=%2Fwp%2Fv2%2Fcategories&post=6243"},{"taxonomy":"post_tag","embeddable":true,"href":"https:\/\/atecordoba.org\/index.php?rest_route=%2Fwp%2Fv2%2Ftags&post=6243"}],"curies":[{"name":"wp","href":"https:\/\/api.w.org\/{rel}","templated":true}]}}