{"id":6240,"date":"2015-12-18T18:02:00","date_gmt":"2015-12-18T21:02:00","guid":{"rendered":"http:\/\/www.atecordoba.org\/?p=6240"},"modified":"2015-12-18T18:02:00","modified_gmt":"2015-12-18T21:02:00","slug":"municipales-de-unquillo-en-lucha-por-el-pago-de-salarios-atrasados","status":"publish","type":"post","link":"https:\/\/atecordoba.org\/?p=6240","title":{"rendered":"Municipales de Unquillo en lucha por el pago de salarios atrasados"},"content":{"rendered":"<p style=\"margin: 0px; text-align: left;\"><em><span style=\"font-size: 12pt;\">El Consejo Directivo provincial de ATE C\u00f3rdoba, junto al cuerpo de delegados municipales de ATE-Unquillo reclama al intendente Jorge Fabrissin la urgente liquidaci\u00f3n de los salarios ca\u00eddos del mes de noviembre, as\u00ed como el pago del medio aguinaldo.<\/span><\/em><\/p>\n<p style=\"margin: 0px; text-align: left;\"><a href=\"http:\/\/www.atecordoba.org\/wp-content\/uploads\/2015\/12\/unquillo-asamblea.jpg\"><img loading=\"lazy\" decoding=\"async\" class=\"aligncenter  wp-image-6241\" src=\"http:\/\/www.atecordoba.org\/wp-content\/uploads\/2015\/12\/unquillo-asamblea.jpg\" alt=\"unquillo - asamblea\" width=\"550\" height=\"413\" \/><\/a><\/p>\n<p style=\"margin: 0px; text-align: left;\"><span style=\"font-size: 12pt;\">Los trabajadores se encuentran en estado de asamblea permanente y exigen que el ejecutivo municipal haga efectivo el pago de los salarios.<\/span><\/p>\n<p style=\"margin: 0px;\">Ayer y hoy se realizaron sendas asambleas donde los trabajadores, a pesar de los inconvenientes surgidos durante las mismas, dejaron un claro mensaje al intendente reci\u00e9n asumido: no vamos a pagar el ajuste.<\/p>\n<p style=\"margin: 0px;\">Por otro lado, ATE rechaza terminantemente las expresiones del intendente respecto a que el plantel de trabajadores se encuentra sobredimensionado, atento al crecimiento poblacional y territorial que muestra la localidad de las sierras chicas durante los \u00faltimos a\u00f1os.<\/p>\n<p style=\"margin: 0px;\">Ni Fabrissin ni alg\u00fan dirigente sindical trasnochado pueden despedir a trabajadores a los efectos de dejar espacio para que el partido pol\u00edtico que ahora asume el gobierno del municipio designe gente af\u00edn. En consecuencia reclamamos que se garantice la continuidad de los puestos de trabajo de aquellos compa\u00f1eros que no renovaron sus contratos.<\/p>\n<p style=\"margin: 0px;\">Para el lunes est\u00e1 prevista una medida de protesta frente al edificio municipal.<\/p>\n<p style=\"margin: 0px;\"><strong>Hecho lamentable<\/strong><\/p>\n<p style=\"margin: 0px;\">En la asamblea llevada a cabo hoy se produjo un lamentable incidente cuando los trabajadores debat\u00edan los pasos a seguir. Un miembro del Sindicato de Trabajadores de Unquillo agredi\u00f3 con una silla a una trabajadora. ATE Unquillo repudia en\u00e9rgicamente el uso de la violencia para acallar a los piensan distinto.<\/p>\n","protected":false},"excerpt":{"rendered":"<p>El Consejo Directivo provincial de ATE C\u00f3rdoba, junto al cuerpo de delegados municipales de ATE-Unquillo reclama al intendente Jorge Fabrissin la urgente liquidaci\u00f3n de los salarios ca\u00eddos del mes de noviembre, as\u00ed como el pago del medio aguinaldo. Los trabajadores se encuentran en estado de asamblea permanente y exigen que el ejecutivo municipal haga efectivo [&hellip;]<\/p>\n","protected":false},"author":1,"featured_media":19220,"comment_status":"open","ping_status":"open","sticky":false,"template":"","format":"standard","meta":{"_exactmetrics_skip_tracking":false,"_exactmetrics_sitenote_active":false,"_exactmetrics_sitenote_note":"","_exactmetrics_sitenote_category":0,"jnews-multi-image_gallery":[],"jnews_single_post":[],"jnews_primary_category":[],"jnews_social_meta":[],"jnews_review":[],"enable_review":"","type":"","name":"","summary":"","brand":"","sku":"","good":[],"bad":[],"score_override":"","override_value":"","rating":[],"price":[],"jnews_override_counter":[],"jnews_post_split":[],"footnotes":""},"categories":[20],"tags":[],"class_list":["post-6240","post","type-post","status-publish","format-standard","has-post-thumbnail","hentry","category-municipales"],"jetpack_featured_media_url":"https:\/\/atecordoba.org\/wp-content\/uploads\/2020\/05\/logo-nuevochico-e1561581322808.png","_links":{"self":[{"href":"https:\/\/atecordoba.org\/index.php?rest_route=\/wp\/v2\/posts\/6240","targetHints":{"allow":["GET"]}}],"collection":[{"href":"https:\/\/atecordoba.org\/index.php?rest_route=\/wp\/v2\/posts"}],"about":[{"href":"https:\/\/atecordoba.org\/index.php?rest_route=\/wp\/v2\/types\/post"}],"author":[{"embeddable":true,"href":"https:\/\/atecordoba.org\/index.php?rest_route=\/wp\/v2\/users\/1"}],"replies":[{"embeddable":true,"href":"https:\/\/atecordoba.org\/index.php?rest_route=%2Fwp%2Fv2%2Fcomments&post=6240"}],"version-history":[{"count":0,"href":"https:\/\/atecordoba.org\/index.php?rest_route=\/wp\/v2\/posts\/6240\/revisions"}],"wp:featuredmedia":[{"embeddable":true,"href":"https:\/\/atecordoba.org\/index.php?rest_route=\/wp\/v2\/media\/19220"}],"wp:attachment":[{"href":"https:\/\/atecordoba.org\/index.php?rest_route=%2Fwp%2Fv2%2Fmedia&parent=6240"}],"wp:term":[{"taxonomy":"category","embeddable":true,"href":"https:\/\/atecordoba.org\/index.php?rest_route=%2Fwp%2Fv2%2Fcategories&post=6240"},{"taxonomy":"post_tag","embeddable":true,"href":"https:\/\/atecordoba.org\/index.php?rest_route=%2Fwp%2Fv2%2Ftags&post=6240"}],"curies":[{"name":"wp","href":"https:\/\/api.w.org\/{rel}","templated":true}]}}