{"id":6234,"date":"2015-12-18T16:43:26","date_gmt":"2015-12-18T19:43:26","guid":{"rendered":"http:\/\/www.atecordoba.org\/?p=6234"},"modified":"2015-12-18T16:43:26","modified_gmt":"2015-12-18T19:43:26","slug":"trabajadores-de-educacion-realizaran-cortes-de-calles-por-reapertura-de-paritarias","status":"publish","type":"post","link":"https:\/\/atecordoba.org\/?p=6234","title":{"rendered":"Trabajadores de Educaci\u00f3n realizar\u00e1n cortes de calles el lunes por reapertura de paritarias"},"content":{"rendered":"<p><em>Durante una asamblea realizada hoy en la Direcci\u00f3n de Administraci\u00f3n de Educaci\u00f3n, los trabajadores resolvieron corte calle Santa Rosa a partir de las 11 horas. Ayer hab\u00edan estado presentes miembros de comisi\u00f3n directiva del CDP para analizar el estado de situaci\u00f3n del sector.<\/em><\/p>\n<p><a href=\"http:\/\/www.atecordoba.org\/wp-content\/uploads\/2015\/12\/IMG-20151218-WA0000.png\"><img loading=\"lazy\" decoding=\"async\" class=\"aligncenter size-full wp-image-6235\" src=\"http:\/\/www.atecordoba.org\/wp-content\/uploads\/2015\/12\/IMG-20151218-WA0000.png\" alt=\"IMG-20151218-WA0000\" width=\"550\" height=\"412\" \/><\/a><\/p>\n<p>Alrededor del medio d\u00eda se llev\u00f3 a cabo la asamblea de trabajadores, en calle Santa Rosa al 751. Los compa\u00f1eros vienen mantienen un estado de asamblea permanente, a ra\u00edz de una serie reclamos que no est\u00e1n siendo escuchados por la patronal respecto el problemas de infraestructura y condiciones de trabajo.<\/p>\n<p>Pero, adem\u00e1s, a esto se sum\u00f3 un recrudecimiento de la problem\u00e1tica salarial. Es por eso que los trabajadores reclaman una recomposici\u00f3n de 5000 pesos, la apertura de paritarias, que se suma al reclamo por la efectivizaci\u00f3n.<\/p>\n<p>Los compa\u00f1eros abordaron las problem\u00e1ticas que afectan al sector, relacionadas con el estado de asamblea permanente en la repartici\u00f3n, de acuerdo al pedido de la representaci\u00f3n basado en una recomposici\u00f3n salarial del 5000 pesos, la apertura de la discusi\u00f3n paritaria, y los cargos de los trabajadores que rindieron concursos para que pasen a planta permanente y no fueron efectivizados.<\/p>\n<p><a href=\"http:\/\/www.atecordoba.org\/wp-content\/uploads\/2015\/12\/IMG-20151218-WA0001-e1450467792834.jpg\"><img loading=\"lazy\" decoding=\"async\" class=\"aligncenter size-full wp-image-6236\" src=\"http:\/\/www.atecordoba.org\/wp-content\/uploads\/2015\/12\/IMG-20151218-WA0001-e1450467792834.jpg\" alt=\"IMG-20151218-WA0001\" width=\"550\" height=\"413\" \/><\/a><\/p>\n<p>Se trat\u00f3 de una nutrida asamblea donde los compa\u00f1eros ratificaron su compromiso de participar activamente en las medidas de que se vayan a llevar a cabo y resolvieron llevar a cabo un corte de calle en proximidades del organismo, a partir de las 11 horas. Est\u00e1 previsto que se sumen trabajadores de la Direcci\u00f3n de Arquitectura de la Provincia, de la Direcci\u00f3n de Institutos de Ense\u00f1anza Privada (DIPES) y de la Direcci\u00f3n de Ense\u00f1anza Media y Superior (DEMES).<\/p>\n<p>Las asambleas se repiten en el turno tarde y el lunes saldr\u00e1n a realizar a protestar todos conjuntamente.<\/p>\n<p><strong>Comisi\u00f3n Directiva<\/strong><\/p>\n<p>En tanto ayer, miembros del secretariado del Consejo Directivo Provincial estuvieron para acompa\u00f1ar los debates de los trabajadores. La asamblea cont\u00f3 con la presencia del secretario Adjunto, Luis Barcena, del Administrativo, Walter Secondino, y de los vocales, Eduardo Pereyra y Hugo Dur\u00e1n.<\/p>\n<p>Barcena apel\u00f3 a la solidaridad de todos los compa\u00f1eros para llevar a cabo la unidad necesaria a fin de lograr los objetivos propuestos y garantiz\u00f3 la cobertura gremial de ATE en el conflicto; Secondino brind\u00f3 un pantallazo de la experiencia de las luchas de los estatales nacionales de Fabricaciones Militares y se\u00f1al\u00f3 la necesidad de unificar las luchas de los distintos niveles del Estado; Pereyra explic\u00f3 en qu\u00e9 estado de desarrollo se encuentran actualmente los conflictos en los distintos hospitales provinciales, que tambi\u00e9n saldr\u00e1n a la calle el lunes a expresar el reclamo de reapertura de paritarias; por \u00faltimo, Dur\u00e1n hizo una rese\u00f1a de la coyuntura pol\u00edtica actual y adelant\u00f3 que se vienen tiempos de lucha, para lo cual trabajadores y dirigentes tendr\u00e1n que estar m\u00e1s unidos que nunca.<\/p>\n","protected":false},"excerpt":{"rendered":"<p>Durante una asamblea realizada hoy en la Direcci\u00f3n de Administraci\u00f3n de Educaci\u00f3n, los trabajadores resolvieron corte calle Santa Rosa a partir de las 11 horas. Ayer hab\u00edan estado presentes miembros de comisi\u00f3n directiva del CDP para analizar el estado de situaci\u00f3n del sector. Alrededor del medio d\u00eda se llev\u00f3 a cabo la asamblea de trabajadores, [&hellip;]<\/p>\n","protected":false},"author":1,"featured_media":19220,"comment_status":"open","ping_status":"open","sticky":false,"template":"","format":"standard","meta":{"_exactmetrics_skip_tracking":false,"_exactmetrics_sitenote_active":false,"_exactmetrics_sitenote_note":"","_exactmetrics_sitenote_category":0,"jnews-multi-image_gallery":[],"jnews_single_post":[],"jnews_primary_category":[],"jnews_social_meta":[],"jnews_review":[],"enable_review":"","type":"","name":"","summary":"","brand":"","sku":"","good":[],"bad":[],"score_override":"","override_value":"","rating":[],"price":[],"jnews_override_counter":[],"jnews_post_split":[],"footnotes":""},"categories":[1],"tags":[],"class_list":["post-6234","post","type-post","status-publish","format-standard","has-post-thumbnail","hentry","category-sin-categoria"],"jetpack_featured_media_url":"https:\/\/atecordoba.org\/wp-content\/uploads\/2020\/05\/logo-nuevochico-e1561581322808.png","_links":{"self":[{"href":"https:\/\/atecordoba.org\/index.php?rest_route=\/wp\/v2\/posts\/6234","targetHints":{"allow":["GET"]}}],"collection":[{"href":"https:\/\/atecordoba.org\/index.php?rest_route=\/wp\/v2\/posts"}],"about":[{"href":"https:\/\/atecordoba.org\/index.php?rest_route=\/wp\/v2\/types\/post"}],"author":[{"embeddable":true,"href":"https:\/\/atecordoba.org\/index.php?rest_route=\/wp\/v2\/users\/1"}],"replies":[{"embeddable":true,"href":"https:\/\/atecordoba.org\/index.php?rest_route=%2Fwp%2Fv2%2Fcomments&post=6234"}],"version-history":[{"count":0,"href":"https:\/\/atecordoba.org\/index.php?rest_route=\/wp\/v2\/posts\/6234\/revisions"}],"wp:featuredmedia":[{"embeddable":true,"href":"https:\/\/atecordoba.org\/index.php?rest_route=\/wp\/v2\/media\/19220"}],"wp:attachment":[{"href":"https:\/\/atecordoba.org\/index.php?rest_route=%2Fwp%2Fv2%2Fmedia&parent=6234"}],"wp:term":[{"taxonomy":"category","embeddable":true,"href":"https:\/\/atecordoba.org\/index.php?rest_route=%2Fwp%2Fv2%2Fcategories&post=6234"},{"taxonomy":"post_tag","embeddable":true,"href":"https:\/\/atecordoba.org\/index.php?rest_route=%2Fwp%2Fv2%2Ftags&post=6234"}],"curies":[{"name":"wp","href":"https:\/\/api.w.org\/{rel}","templated":true}]}}