{"id":6228,"date":"2015-12-17T18:47:45","date_gmt":"2015-12-17T21:47:45","guid":{"rendered":"http:\/\/www.atecordoba.org\/?p=6228"},"modified":"2015-12-17T18:47:45","modified_gmt":"2015-12-17T21:47:45","slug":"hugo-godoy-ate-ha-resuelto-el-estado-de-asamblea-y-movilizacion","status":"publish","type":"post","link":"https:\/\/atecordoba.org\/?p=6228","title":{"rendered":"Hugo Godoy: \u201cATE ha resuelto el estado de asamblea y movilizaci\u00f3n\u201d"},"content":{"rendered":"<p><em>El Secretario General de ATE anunci\u00f3 que el lunes pr\u00f3ximo la conducci\u00f3n del sindicato podr\u00eda definir medidas de fuerza ante la ausencia de propuestas oficiales a su reclamo: la estabilidad de los trabajadores precarizados en el Estado y un bono de fin a\u00f1o de 5 mil pesos para compensar la devaluaci\u00f3n resuelta ayer por el Gobierno nacional.<\/em><\/p>\n<p><a href=\"http:\/\/www.atecordoba.org\/wp-content\/uploads\/2015\/12\/godoy-e1450388835831.jpg\"><img loading=\"lazy\" decoding=\"async\" class=\"aligncenter size-full wp-image-6229\" src=\"http:\/\/www.atecordoba.org\/wp-content\/uploads\/2015\/12\/godoy-e1450388835831.jpg\" alt=\"godoy\" width=\"550\" height=\"363\" \/><\/a><\/p>\n<p><span style=\"font-style: inherit; font-weight: inherit;\">\u201cLa devaluaci\u00f3n de m\u00e1s del 40% anunciada anoche por el ministro de Econom\u00eda significa una brutal transferencia de ingresos a favor de los sectores m\u00e1s concentrados, en perjuicio de nuestro pueblo, especialmente los asalariados\u201d, enfatiz\u00f3 Hugo Godoy.<\/span><\/p>\n<p><span style=\"font-style: inherit; font-weight: inherit;\"><span style=\"font-style: inherit; font-weight: inherit;\">Por otro lado, el dirigente destac\u00f3 la respuesta r\u00e1pida de los trabajadores del Congreso nacional, quienes mediante una asamblea acompa\u00f1ada por ATE y otras organizaciones obligaron a las autoridades a dar marcha atr\u00e1s con el despido de 1500 empleados precarizados.<\/span><\/span><\/p>\n<p><span style=\"font-style: inherit; font-weight: inherit;\"><span style=\"font-style: inherit; font-weight: inherit;\">\u201cEstos hechos se enmarcan en los lineamientos de nuestro sindicato durante el \u00faltimo tiempo: procurar estabilidad laboral, y reclamar un bono de 5 mil pesos para los trabajadores del Estado nacional y respaldar las demandas en este sentido hacia las autoridades provinciales y municipales\u201d, a\u00f1adi\u00f3 el Secretario General.<\/span><\/span><\/p>\n<p><span style=\"font-style: inherit; font-weight: inherit;\"><span style=\"font-style: inherit; font-weight: inherit;\">Por \u00faltimo, se\u00f1al\u00f3 que ATE resolvi\u00f3 el estado de asamblea y movilizaci\u00f3n, y convoc\u00f3 para el lunes a una reuni\u00f3n de su conducci\u00f3n nacional, con la presencia de los secretarios generales de las 23 provincias y la ciudad de Buenos Aires. \u201cAll\u00ed definiremos la adopci\u00f3n o no de medidas de fuerza\u201d, finaliz\u00f3.<\/span><\/span><\/p>\n","protected":false},"excerpt":{"rendered":"<p>El Secretario General de ATE anunci\u00f3 que el lunes pr\u00f3ximo la conducci\u00f3n del sindicato podr\u00eda definir medidas de fuerza ante la ausencia de propuestas oficiales a su reclamo: la estabilidad de los trabajadores precarizados en el Estado y un bono de fin a\u00f1o de 5 mil pesos para compensar la devaluaci\u00f3n resuelta ayer por el [&hellip;]<\/p>\n","protected":false},"author":1,"featured_media":19220,"comment_status":"open","ping_status":"open","sticky":false,"template":"","format":"standard","meta":{"_exactmetrics_skip_tracking":false,"_exactmetrics_sitenote_active":false,"_exactmetrics_sitenote_note":"","_exactmetrics_sitenote_category":0,"jnews-multi-image_gallery":[],"jnews_single_post":[],"jnews_primary_category":[],"jnews_social_meta":[],"jnews_review":[],"enable_review":"","type":"","name":"","summary":"","brand":"","sku":"","good":[],"bad":[],"score_override":"","override_value":"","rating":[],"price":[],"jnews_override_counter":[],"jnews_post_split":[],"footnotes":""},"categories":[18],"tags":[],"class_list":["post-6228","post","type-post","status-publish","format-standard","has-post-thumbnail","hentry","category-nacionales"],"jetpack_featured_media_url":"https:\/\/atecordoba.org\/wp-content\/uploads\/2020\/05\/logo-nuevochico-e1561581322808.png","_links":{"self":[{"href":"https:\/\/atecordoba.org\/index.php?rest_route=\/wp\/v2\/posts\/6228","targetHints":{"allow":["GET"]}}],"collection":[{"href":"https:\/\/atecordoba.org\/index.php?rest_route=\/wp\/v2\/posts"}],"about":[{"href":"https:\/\/atecordoba.org\/index.php?rest_route=\/wp\/v2\/types\/post"}],"author":[{"embeddable":true,"href":"https:\/\/atecordoba.org\/index.php?rest_route=\/wp\/v2\/users\/1"}],"replies":[{"embeddable":true,"href":"https:\/\/atecordoba.org\/index.php?rest_route=%2Fwp%2Fv2%2Fcomments&post=6228"}],"version-history":[{"count":0,"href":"https:\/\/atecordoba.org\/index.php?rest_route=\/wp\/v2\/posts\/6228\/revisions"}],"wp:featuredmedia":[{"embeddable":true,"href":"https:\/\/atecordoba.org\/index.php?rest_route=\/wp\/v2\/media\/19220"}],"wp:attachment":[{"href":"https:\/\/atecordoba.org\/index.php?rest_route=%2Fwp%2Fv2%2Fmedia&parent=6228"}],"wp:term":[{"taxonomy":"category","embeddable":true,"href":"https:\/\/atecordoba.org\/index.php?rest_route=%2Fwp%2Fv2%2Fcategories&post=6228"},{"taxonomy":"post_tag","embeddable":true,"href":"https:\/\/atecordoba.org\/index.php?rest_route=%2Fwp%2Fv2%2Ftags&post=6228"}],"curies":[{"name":"wp","href":"https:\/\/api.w.org\/{rel}","templated":true}]}}