{"id":6226,"date":"2015-12-17T17:03:36","date_gmt":"2015-12-17T20:03:36","guid":{"rendered":"http:\/\/www.atecordoba.org\/?p=6226"},"modified":"2015-12-17T17:03:36","modified_gmt":"2015-12-17T20:03:36","slug":"convocatoria-a-delegados-nacionales-provinciales-y-municipales-a-debatir-la-coyuntura-actual","status":"publish","type":"post","link":"https:\/\/atecordoba.org\/?p=6226","title":{"rendered":"Convocatoria a delegados nacionales, provinciales y municipales a debatir la coyuntura actual"},"content":{"rendered":"<div style=\"text-align: left;\"><em>La comisi\u00f3n directiva del Consejo Directivo Provincial convoca a todos los delegados nacionales, provinciales y municipales a participar de una reuni\u00f3n de cuerpo de delegados a los efectos de debatir la coyuntura actual. <\/em><\/div>\n<div style=\"text-align: left;\"><a href=\"http:\/\/www.atecordoba.org\/wp-content\/uploads\/2015\/08\/BOMBO-ATE.jpg\"><img loading=\"lazy\" decoding=\"async\" class=\"aligncenter size-full wp-image-5634\" src=\"http:\/\/www.atecordoba.org\/wp-content\/uploads\/2015\/08\/BOMBO-ATE.jpg\" alt=\"BOMBO ATE\" width=\"275\" height=\"183\" \/><\/a><\/div>\n<div style=\"text-align: left;\">La reuni\u00f3n es el pr\u00f3ximo martes 22 de diciembre a las 10 horas, en la sede de nuestro gremio, Entre R\u00edos 450, C\u00f3rdoba Capital.<\/div>\n<div style=\"text-align: left;\">Es muy importante la participaci\u00f3n de todos.<\/div>\n<div style=\"text-align: left;\"><\/div>\n<div style=\"text-align: right;\">Mar\u00eda Liliana Salerno<\/div>\n<div style=\"text-align: right;\">Secretaria General<\/div>\n","protected":false},"excerpt":{"rendered":"<p>La comisi\u00f3n directiva del Consejo Directivo Provincial convoca a todos los delegados nacionales, provinciales y municipales a participar de una reuni\u00f3n de cuerpo de delegados a los efectos de debatir la coyuntura actual. La reuni\u00f3n es el pr\u00f3ximo martes 22 de diciembre a las 10 horas, en la sede de nuestro gremio, Entre R\u00edos 450, [&hellip;]<\/p>\n","protected":false},"author":1,"featured_media":19220,"comment_status":"open","ping_status":"open","sticky":false,"template":"","format":"standard","meta":{"_exactmetrics_skip_tracking":false,"_exactmetrics_sitenote_active":false,"_exactmetrics_sitenote_note":"","_exactmetrics_sitenote_category":0,"jnews-multi-image_gallery":[],"jnews_single_post":[],"jnews_primary_category":[],"jnews_social_meta":[],"jnews_review":[],"enable_review":"","type":"","name":"","summary":"","brand":"","sku":"","good":[],"bad":[],"score_override":"","override_value":"","rating":[],"price":[],"jnews_override_counter":[],"jnews_post_split":[],"footnotes":""},"categories":[1],"tags":[],"class_list":["post-6226","post","type-post","status-publish","format-standard","has-post-thumbnail","hentry","category-sin-categoria"],"jetpack_featured_media_url":"https:\/\/atecordoba.org\/wp-content\/uploads\/2020\/05\/logo-nuevochico-e1561581322808.png","_links":{"self":[{"href":"https:\/\/atecordoba.org\/index.php?rest_route=\/wp\/v2\/posts\/6226","targetHints":{"allow":["GET"]}}],"collection":[{"href":"https:\/\/atecordoba.org\/index.php?rest_route=\/wp\/v2\/posts"}],"about":[{"href":"https:\/\/atecordoba.org\/index.php?rest_route=\/wp\/v2\/types\/post"}],"author":[{"embeddable":true,"href":"https:\/\/atecordoba.org\/index.php?rest_route=\/wp\/v2\/users\/1"}],"replies":[{"embeddable":true,"href":"https:\/\/atecordoba.org\/index.php?rest_route=%2Fwp%2Fv2%2Fcomments&post=6226"}],"version-history":[{"count":0,"href":"https:\/\/atecordoba.org\/index.php?rest_route=\/wp\/v2\/posts\/6226\/revisions"}],"wp:featuredmedia":[{"embeddable":true,"href":"https:\/\/atecordoba.org\/index.php?rest_route=\/wp\/v2\/media\/19220"}],"wp:attachment":[{"href":"https:\/\/atecordoba.org\/index.php?rest_route=%2Fwp%2Fv2%2Fmedia&parent=6226"}],"wp:term":[{"taxonomy":"category","embeddable":true,"href":"https:\/\/atecordoba.org\/index.php?rest_route=%2Fwp%2Fv2%2Fcategories&post=6226"},{"taxonomy":"post_tag","embeddable":true,"href":"https:\/\/atecordoba.org\/index.php?rest_route=%2Fwp%2Fv2%2Ftags&post=6226"}],"curies":[{"name":"wp","href":"https:\/\/api.w.org\/{rel}","templated":true}]}}