{"id":6224,"date":"2015-12-17T14:54:01","date_gmt":"2015-12-17T17:54:01","guid":{"rendered":"http:\/\/www.atecordoba.org\/?p=6224"},"modified":"2015-12-17T14:54:01","modified_gmt":"2015-12-17T17:54:01","slug":"ate-celebra-la-convocatoria-de-mestre-al-dialogo-en-el-conflicto-municipal","status":"publish","type":"post","link":"https:\/\/atecordoba.org\/?p=6224","title":{"rendered":"ATE celebra la convocatoria de Mestre al di\u00e1logo en el conflicto municipal"},"content":{"rendered":"<p><em>El Consejo Directivo de Provincial de ATE C\u00f3rdoba celebra que el intendente de C\u00f3rdoba, Ram\u00f3n Mestre, se haya dignado convocar al Suoem a discutir el conflicto sindical, despu\u00e9s de m\u00e1s de 40 d\u00edas de protesta.<\/em><\/p>\n<p><a href=\"http:\/\/www.atecordoba.org\/wp-content\/uploads\/2015\/12\/ATE-en-la-Marcha-3-de-5-e1450121889991.jpg\"><img loading=\"lazy\" decoding=\"async\" class=\"aligncenter size-full wp-image-6210\" src=\"http:\/\/www.atecordoba.org\/wp-content\/uploads\/2015\/12\/ATE-en-la-Marcha-3-de-5-e1450121889991.jpg\" alt=\"ATE en la Marcha (3 de 5)\" width=\"550\" height=\"367\" \/><\/a><\/p>\n<p>&nbsp;<\/p>\n<p>Entendemos que esa convocatoria a la Secretaria de Trabajo de la Provincia es un hecho auspicioso para que tanto el ejecutivo municipal como el sindicato tenga una mesa de di\u00e1logo donde se discuta el origen del conflicto, la creaci\u00f3n del Ente municipal que afecta las condiciones de trabajo de los compa\u00f1eros municipales, y sus consecuencias: la intentona inconstitucional de regular las asambleas, los descuentos arbitrarios en los haberes a los trabajadores por ejercer el derecho legal y leg\u00edtimo a la protesta, la denuncia \u2013y posterior imputaci\u00f3n- de 53 compa\u00f1eros municipales que trabajan en la planta de tratamientos cloacales de Bajo Grande.<\/p>\n<p>Lamentamos que este di\u00e1logo no se hubiera iniciado al momento de enviar la ordenanza al Concejo Deliberante, ya que as\u00ed se hubiesen evitado todos los hechos posteriores, que redundaron en grandes perjuicios para los vecinos de la ciudad.<\/p>\n<p>Al mismo tiempo, instamos a la Municipalidad a atender los reclamos de los trabajadores, as\u00ed como a mantener en pie las estructuras normales de funcionamiento del Estado municipal, en vez de derivar gran parte de la gesti\u00f3n y el presupuesto a manos privadas.<\/p>\n<p>Mar\u00eda Liliana Salerno<\/p>\n<p>Secretaria General<\/p>\n","protected":false},"excerpt":{"rendered":"<p>El Consejo Directivo de Provincial de ATE C\u00f3rdoba celebra que el intendente de C\u00f3rdoba, Ram\u00f3n Mestre, se haya dignado convocar al Suoem a discutir el conflicto sindical, despu\u00e9s de m\u00e1s de 40 d\u00edas de protesta. &nbsp; Entendemos que esa convocatoria a la Secretaria de Trabajo de la Provincia es un hecho auspicioso para que tanto [&hellip;]<\/p>\n","protected":false},"author":1,"featured_media":19220,"comment_status":"open","ping_status":"open","sticky":false,"template":"","format":"standard","meta":{"_exactmetrics_skip_tracking":false,"_exactmetrics_sitenote_active":false,"_exactmetrics_sitenote_note":"","_exactmetrics_sitenote_category":0,"jnews-multi-image_gallery":[],"jnews_single_post":[],"jnews_primary_category":[],"jnews_social_meta":[],"jnews_review":[],"enable_review":"","type":"","name":"","summary":"","brand":"","sku":"","good":[],"bad":[],"score_override":"","override_value":"","rating":[],"price":[],"jnews_override_counter":[],"jnews_post_split":[],"footnotes":""},"categories":[53],"tags":[],"class_list":["post-6224","post","type-post","status-publish","format-standard","has-post-thumbnail","hentry","category-comunicados-de-prensa"],"jetpack_featured_media_url":"https:\/\/atecordoba.org\/wp-content\/uploads\/2020\/05\/logo-nuevochico-e1561581322808.png","_links":{"self":[{"href":"https:\/\/atecordoba.org\/index.php?rest_route=\/wp\/v2\/posts\/6224","targetHints":{"allow":["GET"]}}],"collection":[{"href":"https:\/\/atecordoba.org\/index.php?rest_route=\/wp\/v2\/posts"}],"about":[{"href":"https:\/\/atecordoba.org\/index.php?rest_route=\/wp\/v2\/types\/post"}],"author":[{"embeddable":true,"href":"https:\/\/atecordoba.org\/index.php?rest_route=\/wp\/v2\/users\/1"}],"replies":[{"embeddable":true,"href":"https:\/\/atecordoba.org\/index.php?rest_route=%2Fwp%2Fv2%2Fcomments&post=6224"}],"version-history":[{"count":0,"href":"https:\/\/atecordoba.org\/index.php?rest_route=\/wp\/v2\/posts\/6224\/revisions"}],"wp:featuredmedia":[{"embeddable":true,"href":"https:\/\/atecordoba.org\/index.php?rest_route=\/wp\/v2\/media\/19220"}],"wp:attachment":[{"href":"https:\/\/atecordoba.org\/index.php?rest_route=%2Fwp%2Fv2%2Fmedia&parent=6224"}],"wp:term":[{"taxonomy":"category","embeddable":true,"href":"https:\/\/atecordoba.org\/index.php?rest_route=%2Fwp%2Fv2%2Fcategories&post=6224"},{"taxonomy":"post_tag","embeddable":true,"href":"https:\/\/atecordoba.org\/index.php?rest_route=%2Fwp%2Fv2%2Ftags&post=6224"}],"curies":[{"name":"wp","href":"https:\/\/api.w.org\/{rel}","templated":true}]}}