{"id":6220,"date":"2015-12-16T17:24:21","date_gmt":"2015-12-16T20:24:21","guid":{"rendered":"http:\/\/www.atecordoba.org\/?p=6220"},"modified":"2015-12-16T17:24:21","modified_gmt":"2015-12-16T20:24:21","slug":"por-una-recomposicion-salarial-de-fin-de-ano-para-los-trabajadores-provinciales","status":"publish","type":"post","link":"https:\/\/atecordoba.org\/?p=6220","title":{"rendered":"Por una recomposici\u00f3n salarial de fin de a\u00f1o para los trabajadores provinciales"},"content":{"rendered":"<p><em>Tal como vienen expresando desde hace semanas las asambleas convocadas por nuestro gremio en los distintos sectores de trabajo de la Provincia, desde ATE C\u00f3rdoba reiteramos el reclamo al gobierno provincial para que otorgue una recomposici\u00f3n salarial para este fin de a\u00f1o, dada la escalada de precios en la canasta familiar.<\/em><\/p>\n<p><a href=\"http:\/\/www.atecordoba.org\/wp-content\/uploads\/2015\/12\/foto-tapa-e1450297434485.jpg\"><img loading=\"lazy\" decoding=\"async\" class=\"aligncenter size-full wp-image-6221\" src=\"http:\/\/www.atecordoba.org\/wp-content\/uploads\/2015\/12\/foto-tapa-e1450297434485.jpg\" alt=\"foto tapa\" width=\"550\" height=\"309\" \/><\/a><\/p>\n<p>En ese sentido es urgente que el gobierno convoque a los gremios representativos del Estado provincial a una mesa de negociaci\u00f3n, a los efectos de acordar el monto y la modalidad de dicha recomposici\u00f3n.<\/p>\n<p>Ante el reclamo de los compa\u00f1eros de base, hay que se\u00f1alar que dicho monto debe tener la significaci\u00f3n equivalente al aumento de los precios para preservar nuestro poder adquisitivo, que debe incorporarse al salario de manera permanente, ya que los precios no bajar\u00e1n en los meses posteriores, y que debe aplicarse a la planilla salarial como anticipo de futuros aumentos para que se incorpore plenamente al salario y no sea una compensaci\u00f3n en negro que desvirt\u00fae la calidad de nuestros sueldos.<\/p>\n<p style=\"text-align: right;\"><span id=\"OBJ_PREFIX_DWT673_com_zimbra_date\" class=\"Object\">Mar<\/span>\u00eda Liliana Salerno<\/p>\n<p style=\"text-align: right;\">Secretaria General<\/p>\n","protected":false},"excerpt":{"rendered":"<p>Tal como vienen expresando desde hace semanas las asambleas convocadas por nuestro gremio en los distintos sectores de trabajo de la Provincia, desde ATE C\u00f3rdoba reiteramos el reclamo al gobierno provincial para que otorgue una recomposici\u00f3n salarial para este fin de a\u00f1o, dada la escalada de precios en la canasta familiar. En ese sentido es [&hellip;]<\/p>\n","protected":false},"author":1,"featured_media":19220,"comment_status":"open","ping_status":"open","sticky":false,"template":"","format":"standard","meta":{"_exactmetrics_skip_tracking":false,"_exactmetrics_sitenote_active":false,"_exactmetrics_sitenote_note":"","_exactmetrics_sitenote_category":0,"jnews-multi-image_gallery":[],"jnews_single_post":[],"jnews_primary_category":[],"jnews_social_meta":[],"jnews_review":[],"enable_review":"","type":"","name":"","summary":"","brand":"","sku":"","good":[],"bad":[],"score_override":"","override_value":"","rating":[],"price":[],"jnews_override_counter":[],"jnews_post_split":[],"footnotes":""},"categories":[53],"tags":[],"class_list":["post-6220","post","type-post","status-publish","format-standard","has-post-thumbnail","hentry","category-comunicados-de-prensa"],"jetpack_featured_media_url":"https:\/\/atecordoba.org\/wp-content\/uploads\/2020\/05\/logo-nuevochico-e1561581322808.png","_links":{"self":[{"href":"https:\/\/atecordoba.org\/index.php?rest_route=\/wp\/v2\/posts\/6220","targetHints":{"allow":["GET"]}}],"collection":[{"href":"https:\/\/atecordoba.org\/index.php?rest_route=\/wp\/v2\/posts"}],"about":[{"href":"https:\/\/atecordoba.org\/index.php?rest_route=\/wp\/v2\/types\/post"}],"author":[{"embeddable":true,"href":"https:\/\/atecordoba.org\/index.php?rest_route=\/wp\/v2\/users\/1"}],"replies":[{"embeddable":true,"href":"https:\/\/atecordoba.org\/index.php?rest_route=%2Fwp%2Fv2%2Fcomments&post=6220"}],"version-history":[{"count":0,"href":"https:\/\/atecordoba.org\/index.php?rest_route=\/wp\/v2\/posts\/6220\/revisions"}],"wp:featuredmedia":[{"embeddable":true,"href":"https:\/\/atecordoba.org\/index.php?rest_route=\/wp\/v2\/media\/19220"}],"wp:attachment":[{"href":"https:\/\/atecordoba.org\/index.php?rest_route=%2Fwp%2Fv2%2Fmedia&parent=6220"}],"wp:term":[{"taxonomy":"category","embeddable":true,"href":"https:\/\/atecordoba.org\/index.php?rest_route=%2Fwp%2Fv2%2Fcategories&post=6220"},{"taxonomy":"post_tag","embeddable":true,"href":"https:\/\/atecordoba.org\/index.php?rest_route=%2Fwp%2Fv2%2Ftags&post=6220"}],"curies":[{"name":"wp","href":"https:\/\/api.w.org\/{rel}","templated":true}]}}