{"id":6215,"date":"2015-12-15T16:35:03","date_gmt":"2015-12-15T19:35:03","guid":{"rendered":"http:\/\/www.atecordoba.org\/?p=6215"},"modified":"2015-12-15T16:35:03","modified_gmt":"2015-12-15T19:35:03","slug":"posicion-de-ate-cordoba-sobre-las-medidas-economicas-tomadas-por-el-nuevo-gobierno-nacional","status":"publish","type":"post","link":"https:\/\/atecordoba.org\/?p=6215","title":{"rendered":"Posici\u00f3n de ATE C\u00f3rdoba sobre las medidas econ\u00f3micas tomadas por el nuevo gobierno nacional"},"content":{"rendered":"<p><em>La Asociaci\u00f3n Trabajadores del Estado, Consejo Directivo Provincial, hace saber a sus afiliados y a la opini\u00f3n p\u00fablica su preocupaci\u00f3n por las recientes medidas econ\u00f3micas tomadas por el Poder Ejecutivo Nacional (PEN). <\/em><\/p>\n<p><a href=\"http:\/\/www.atecordoba.org\/wp-content\/uploads\/2015\/12\/logo-ate-cordoba-verde-e1450208050445.jpg\"><img loading=\"lazy\" decoding=\"async\" class=\"aligncenter  wp-image-6217\" src=\"http:\/\/www.atecordoba.org\/wp-content\/uploads\/2015\/12\/logo-ate-cordoba-verde-e1450208050445.jpg\" alt=\"logo ate cordoba verde\" width=\"415\" height=\"487\" \/><\/a><\/p>\n<p>A nuestro entender, se trata de una clara demostraci\u00f3n de la aplicaci\u00f3n de medidas inspiradas en el neoliberalismo, que nos retrotraen a la d\u00e9cada del \u201990. Los beneficiarios de estas resoluciones son los grandes grupos agroexportadores como as\u00ed tambi\u00e9n sectores industriales, que durante las \u00faltimas semanas acumularon amplios m\u00e1rgenes de ganancias con el alza generalizada y desproporcionada de precios de los productos de la canasta familiar, generando zozobra en los sectores vulnerables.<\/p>\n<p>A esto se suma la incertidumbre que existe entre los trabajadores del Estado por la p\u00e9rdida del poder adquisitivo de los salarios y la falta de certeza en la continuidad de miles de puestos de trabajo.<\/p>\n<p>Esta situaci\u00f3n atraviesa los distintos niveles del Estado. Un ejemplo reciente puede encontrarse en la Municipalidad de Unquillo, donde el intendente declar\u00f3, apenas asumido en sus funciones, que el Estado municipal tiene un plantel de trabajadores sobredimensionado. Vale se\u00f1alar que ATE C\u00f3rdoba repudia dichas expresiones, que defender\u00e1 cada puesto de trabajo y que no permitir\u00e1 que las familias de los trabajadores sean sometidas a la arbitrariedad del jefe comunal.<\/p>\n<p>En el mismo sentido, apelamos a los que promueven la paz social en los distintos \u00e1mbitos\u00a0 para recordarles que\u00a0ese tipo de\u00a0declaraciones est\u00e1n lejos de lograr lo que se pregona.<\/p>\n<p>Por todo lo expuesto, el Consejo Directivo Provincial se encuentra en estado de alerta y movilizaci\u00f3n.<\/p>\n<p style=\"text-align: right;\">Mar\u00eda Liliana Salerno<\/p>\n<p style=\"text-align: right;\">Secretaria General<\/p>\n","protected":false},"excerpt":{"rendered":"<p>La Asociaci\u00f3n Trabajadores del Estado, Consejo Directivo Provincial, hace saber a sus afiliados y a la opini\u00f3n p\u00fablica su preocupaci\u00f3n por las recientes medidas econ\u00f3micas tomadas por el Poder Ejecutivo Nacional (PEN). A nuestro entender, se trata de una clara demostraci\u00f3n de la aplicaci\u00f3n de medidas inspiradas en el neoliberalismo, que nos retrotraen a la [&hellip;]<\/p>\n","protected":false},"author":1,"featured_media":19220,"comment_status":"open","ping_status":"open","sticky":false,"template":"","format":"standard","meta":{"_exactmetrics_skip_tracking":false,"_exactmetrics_sitenote_active":false,"_exactmetrics_sitenote_note":"","_exactmetrics_sitenote_category":0,"jnews-multi-image_gallery":[],"jnews_single_post":[],"jnews_primary_category":[],"jnews_social_meta":[],"jnews_review":[],"enable_review":"","type":"","name":"","summary":"","brand":"","sku":"","good":[],"bad":[],"score_override":"","override_value":"","rating":[],"price":[],"jnews_override_counter":[],"jnews_post_split":[],"footnotes":""},"categories":[53],"tags":[],"class_list":["post-6215","post","type-post","status-publish","format-standard","has-post-thumbnail","hentry","category-comunicados-de-prensa"],"jetpack_featured_media_url":"https:\/\/atecordoba.org\/wp-content\/uploads\/2020\/05\/logo-nuevochico-e1561581322808.png","_links":{"self":[{"href":"https:\/\/atecordoba.org\/index.php?rest_route=\/wp\/v2\/posts\/6215","targetHints":{"allow":["GET"]}}],"collection":[{"href":"https:\/\/atecordoba.org\/index.php?rest_route=\/wp\/v2\/posts"}],"about":[{"href":"https:\/\/atecordoba.org\/index.php?rest_route=\/wp\/v2\/types\/post"}],"author":[{"embeddable":true,"href":"https:\/\/atecordoba.org\/index.php?rest_route=\/wp\/v2\/users\/1"}],"replies":[{"embeddable":true,"href":"https:\/\/atecordoba.org\/index.php?rest_route=%2Fwp%2Fv2%2Fcomments&post=6215"}],"version-history":[{"count":0,"href":"https:\/\/atecordoba.org\/index.php?rest_route=\/wp\/v2\/posts\/6215\/revisions"}],"wp:featuredmedia":[{"embeddable":true,"href":"https:\/\/atecordoba.org\/index.php?rest_route=\/wp\/v2\/media\/19220"}],"wp:attachment":[{"href":"https:\/\/atecordoba.org\/index.php?rest_route=%2Fwp%2Fv2%2Fmedia&parent=6215"}],"wp:term":[{"taxonomy":"category","embeddable":true,"href":"https:\/\/atecordoba.org\/index.php?rest_route=%2Fwp%2Fv2%2Fcategories&post=6215"},{"taxonomy":"post_tag","embeddable":true,"href":"https:\/\/atecordoba.org\/index.php?rest_route=%2Fwp%2Fv2%2Ftags&post=6215"}],"curies":[{"name":"wp","href":"https:\/\/api.w.org\/{rel}","templated":true}]}}