{"id":6208,"date":"2015-12-14T16:41:32","date_gmt":"2015-12-14T19:41:32","guid":{"rendered":"http:\/\/www.atecordoba.org\/?p=6208"},"modified":"2015-12-14T16:41:32","modified_gmt":"2015-12-14T19:41:32","slug":"ate-presente-en-la-movilizacion-de-los-municipales-y-la-multisectorial-contra-el-ente-de-mestre","status":"publish","type":"post","link":"https:\/\/atecordoba.org\/?p=6208","title":{"rendered":"ATE presente en la movilizaci\u00f3n de los municipales y la multisectorial contra el &#8216;Ente&#8217; de Mestre"},"content":{"rendered":"<p style=\"line-height: 11.2pt;\"><em><span style=\"font-size: 11.0pt; font-family: 'Georgia','serif'; color: #333333;\">El viernes pasado ATE particip\u00f3 de la movilizaci\u00f3n que realiz\u00f3 el gremio municipal de C\u00f3rdoba Capital en rechazo a la<\/span><\/em><span class=\"apple-converted-space\"><i><span style=\"font-size: 11.0pt; font-family: 'Georgia','serif'; color: #333333;\">\u00a0<\/span><\/i><\/span><em><span style=\"font-size: 11.0pt; font-family: 'Georgia','serif'; color: #333333;\">pol\u00edtica\u00a0del intendente Ram\u00f3n Mestre que terceriza la gesti\u00f3n comunal, v\u00eda un ente sin controles, regula las asambleas municipales y judicializa a los trabajadores en conflicto.\u00a0<\/span><\/em><\/p>\n<p style=\"line-height: 11.2pt;\"><a href=\"http:\/\/www.atecordoba.org\/wp-content\/uploads\/2015\/12\/ATE-en-la-Marcha-5-de-5-e1450121954669.jpg\"><img loading=\"lazy\" decoding=\"async\" class=\"aligncenter size-full wp-image-6211\" src=\"http:\/\/www.atecordoba.org\/wp-content\/uploads\/2015\/12\/ATE-en-la-Marcha-5-de-5-e1450121954669.jpg\" alt=\"ATE en la Marcha (5 de 5)\" width=\"550\" height=\"367\" \/><\/a><\/p>\n<p style=\"line-height: 11.2pt;\">\n<p style=\"line-height: 11.2pt;\"><span style=\"font-size: 11.0pt; font-family: 'Georgia','serif'; color: #333333;\">Integrantes del secretariado<span class=\"apple-converted-space\">\u00a0<\/span>del Consejo Directivo Provincial y cuerpos org\u00e1nicos de ATE C\u00f3rdoba se movilizaci\u00f3n el viernes pasado para apoyar al sindicato de municipales (Suoem) en una concentraci\u00f3n frente a la intendencia donde participaron otros gremios y organizaciones pol\u00edticas y sociales en repudio a las pol\u00edticas contra los trabajadores municipales que lleva adelante el radical Ram\u00f3n Mestre.<\/span><\/p>\n<p style=\"line-height: 11.2pt;\"><span style=\"font-size: 11.0pt; font-family: 'Georgia','serif'; color: #333333;\">En la oportunidad, estuvieron presentes los compa\u00f1eros Walter Secondino, secretario Administrativo, Diego Guerra, Gremial, Francisco Pav\u00e1n, Progremial, Daniel Pawluchuzk, Prensa, as\u00ed como delegados y militantes de ATE. La participaci\u00f3n ya hab\u00eda sido anticipada por nuestra secretaria General, Mar\u00eda Liliana Salerno, durante el acto con motivo del paro nacional de nuestro gremio, el pasado 3 de diciembre.<\/span><\/p>\n<p style=\"line-height: 11.2pt;\"><a href=\"http:\/\/www.atecordoba.org\/wp-content\/uploads\/2015\/12\/ATE-en-la-Marcha-3-de-5-e1450121889991.jpg\"><img loading=\"lazy\" decoding=\"async\" class=\"aligncenter size-full wp-image-6210\" src=\"http:\/\/www.atecordoba.org\/wp-content\/uploads\/2015\/12\/ATE-en-la-Marcha-3-de-5-e1450121889991.jpg\" alt=\"ATE en la Marcha (3 de 5)\" width=\"550\" height=\"367\" \/><\/a><\/p>\n<p style=\"line-height: 11.2pt;\"><span style=\"font-size: 11.0pt; font-family: 'Georgia','serif'; color: #333333;\">Mestre hizo aprobar por un Concejo Deliberante, cuyo mandato estaba a punto de finalizar, una ordenanza que deriva en un Ente aut\u00e1rquico gran parte de la gesti\u00f3n del municipio, sin control financiero de los organismos estatales, que abre la puerta a las empresas privadas para llevar el d\u00eda a d\u00eda de la intendencia, poniendo en riesgo las funciones inherentes de los trabajadores municipales.\u00a0<\/span><\/p>\n<p style=\"line-height: 11.2pt;\"><span style=\"font-size: 11.0pt; font-family: 'Georgia','serif'; color: #333333;\">Ante el rechazo del Suoem, Mestre hizo aprobar otra ordenanza que regula la modalidad de las asambleas que convoca el gremio en los lugares de trabajo, de car\u00e1cter inconstitucional, que mereci\u00f3<span class=\"apple-converted-space\">\u00a0<\/span><\/span><a href=\"http:\/\/www.atecordoba.org\/archivos\/6065\"><span style=\"font-size: 11.0pt; font-family: 'Georgia','serif';\">el repudio de ATE<\/span><\/a><span style=\"font-size: 11.0pt; font-family: 'Georgia','serif'; color: #333333;\">\u00a0en su momento.\u00a0<\/span><\/p>\n<p style=\"line-height: 11.2pt;\"><span style=\"font-size: 11.0pt; font-family: 'Georgia','serif'; color: #333333;\">Durante la movilizaci\u00f3n,<span class=\"apple-converted-space\">\u00a0<\/span>Secondino afirm\u00f3 que &#8220;entendemos como trabajadores<span class=\"apple-converted-space\">\u00a0<\/span>estatales\u00a0que es una funci\u00f3n indelegable del Estado la administraci\u00f3n, el cobro de impuestos y que no se puede dejar a merced de una administraci\u00f3n privada nada m\u00e1s y nada menos que el 30% de la recaudaci\u00f3n. Como consecuencia de esto, tambi\u00e9n est\u00e1 en juego la organizaci\u00f3n de los trabajadores en el estado Municipal&#8221;.\u00a0<\/span><\/p>\n<p style=\"line-height: 11.2pt;\"><a href=\"http:\/\/www.atecordoba.org\/wp-content\/uploads\/2015\/12\/ATE-en-la-Marcha-2-de-5-e1450122005238.jpg\"><img loading=\"lazy\" decoding=\"async\" class=\"aligncenter size-full wp-image-6212\" src=\"http:\/\/www.atecordoba.org\/wp-content\/uploads\/2015\/12\/ATE-en-la-Marcha-2-de-5-e1450122005238.jpg\" alt=\"ATE en la Marcha (2 de 5)\" width=\"550\" height=\"367\" \/><\/a><\/p>\n<p style=\"line-height: 11.2pt;\"><span style=\"font-size: 11.0pt; font-family: 'Georgia','serif'; color: #333333;\">El dirigente a\u00f1adi\u00f3 que &#8220;estas son razones suficientes para que ATE est\u00e9 presente, activamente, en el justo reclamo de los municipales. No queremos el ente&#8221;.<\/span><\/p>\n<p style=\"line-height: 11.2pt;\"><span style=\"font-size: 11.0pt; font-family: 'Georgia','serif'; color: #333333;\">&#8220;Adem\u00e1s respaldamos la actividad sindical porque es\u00a0evidente en el tema de ponerle horario y modalidad a las asambleas, el gobierno de Mestre debe saber que todo esto est\u00e1 regulado en el (art\u00edculo) 14 de la Constituci\u00f3n Naci\u00f3n, instancia m\u00e1xima que no puede modificarse por ordenanza. Repudiamos dicha actitud que tiene como \u00fanico objetivo paralizar todo intento de organizar a los trabajadores&#8221;, se\u00f1al\u00f3 el dirigente de Fabricaciones Militares.<\/span><\/p>\n<p style=\"line-height: 11.2pt;\"><a href=\"http:\/\/www.atecordoba.org\/wp-content\/uploads\/2015\/12\/ATE-en-la-Marcha-1-de-7-e1450122034236.jpg\"><img loading=\"lazy\" decoding=\"async\" class=\"aligncenter size-full wp-image-6213\" src=\"http:\/\/www.atecordoba.org\/wp-content\/uploads\/2015\/12\/ATE-en-la-Marcha-1-de-7-e1450122034236.jpg\" alt=\"ATE en la Marcha (1 de 7)\" width=\"550\" height=\"367\" \/><\/a><\/p>\n<p style=\"line-height: 11.2pt;\"><span style=\"font-size: 11.0pt; font-family: 'Georgia','serif'; color: #333333;\">Y finaliz\u00f3 asegurando: &#8220;debe ser el conflicto m\u00e1s grande que existe en la actualidad en el interior del pa\u00eds. Para ATE queda en evidencia que es una antesala de lo que se viene para todas las organizaciones sindicales que quieran discutir salario, condiciones de trabajo y lo que es peor para nosotros que se respete el puesto de trabajo en todo el territorio nacional. \u00a0En la nueva coyuntura pol\u00edtica, aparecen estos pol\u00edticos que meten mano en las estructuras del Estado, cediendo al iniciativa privada cuestiones inherentes al propio Estado&#8221;.\u00a0<\/span><\/p>\n","protected":false},"excerpt":{"rendered":"<p>El viernes pasado ATE particip\u00f3 de la movilizaci\u00f3n que realiz\u00f3 el gremio municipal de C\u00f3rdoba Capital en rechazo a la\u00a0pol\u00edtica\u00a0del intendente Ram\u00f3n Mestre que terceriza la gesti\u00f3n comunal, v\u00eda un ente sin controles, regula las asambleas municipales y judicializa a los trabajadores en conflicto.\u00a0 Integrantes del secretariado\u00a0del Consejo Directivo Provincial y cuerpos org\u00e1nicos de ATE [&hellip;]<\/p>\n","protected":false},"author":1,"featured_media":19220,"comment_status":"open","ping_status":"open","sticky":false,"template":"","format":"standard","meta":{"_exactmetrics_skip_tracking":false,"_exactmetrics_sitenote_active":false,"_exactmetrics_sitenote_note":"","_exactmetrics_sitenote_category":0,"jnews-multi-image_gallery":[],"jnews_single_post":[],"jnews_primary_category":[],"jnews_social_meta":[],"jnews_review":[],"enable_review":"","type":"","name":"","summary":"","brand":"","sku":"","good":[],"bad":[],"score_override":"","override_value":"","rating":[],"price":[],"jnews_override_counter":[],"jnews_post_split":[],"footnotes":""},"categories":[20],"tags":[],"class_list":["post-6208","post","type-post","status-publish","format-standard","has-post-thumbnail","hentry","category-municipales"],"jetpack_featured_media_url":"https:\/\/atecordoba.org\/wp-content\/uploads\/2020\/05\/logo-nuevochico-e1561581322808.png","_links":{"self":[{"href":"https:\/\/atecordoba.org\/index.php?rest_route=\/wp\/v2\/posts\/6208","targetHints":{"allow":["GET"]}}],"collection":[{"href":"https:\/\/atecordoba.org\/index.php?rest_route=\/wp\/v2\/posts"}],"about":[{"href":"https:\/\/atecordoba.org\/index.php?rest_route=\/wp\/v2\/types\/post"}],"author":[{"embeddable":true,"href":"https:\/\/atecordoba.org\/index.php?rest_route=\/wp\/v2\/users\/1"}],"replies":[{"embeddable":true,"href":"https:\/\/atecordoba.org\/index.php?rest_route=%2Fwp%2Fv2%2Fcomments&post=6208"}],"version-history":[{"count":0,"href":"https:\/\/atecordoba.org\/index.php?rest_route=\/wp\/v2\/posts\/6208\/revisions"}],"wp:featuredmedia":[{"embeddable":true,"href":"https:\/\/atecordoba.org\/index.php?rest_route=\/wp\/v2\/media\/19220"}],"wp:attachment":[{"href":"https:\/\/atecordoba.org\/index.php?rest_route=%2Fwp%2Fv2%2Fmedia&parent=6208"}],"wp:term":[{"taxonomy":"category","embeddable":true,"href":"https:\/\/atecordoba.org\/index.php?rest_route=%2Fwp%2Fv2%2Fcategories&post=6208"},{"taxonomy":"post_tag","embeddable":true,"href":"https:\/\/atecordoba.org\/index.php?rest_route=%2Fwp%2Fv2%2Ftags&post=6208"}],"curies":[{"name":"wp","href":"https:\/\/api.w.org\/{rel}","templated":true}]}}