{"id":6203,"date":"2015-12-11T19:27:09","date_gmt":"2015-12-11T22:27:09","guid":{"rendered":"http:\/\/www.atecordoba.org\/?p=6203"},"modified":"2015-12-11T19:27:09","modified_gmt":"2015-12-11T22:27:09","slug":"unquillo-eleccion-de-delegados-en-el-hospital-provincial-urrutia-debea","status":"publish","type":"post","link":"https:\/\/atecordoba.org\/?p=6203","title":{"rendered":"Unquillo: elecci\u00f3n de delegados en el hospital provincial Urrut\u00eda"},"content":{"rendered":"<p><em>Con una masiva participaci\u00f3n,\u00a0los trabajadores del Hospital Juan Manuel Urrut\u00eda de Unquillo eligieron hoy su cuerpo de delegados. Un nuevo sector de la salud provincial que se suma a ATE. Reclamos por carencias de infraestructura, insumos, personal y condiciones de trabajo.<\/em><\/p>\n<figure id=\"attachment_6204\" aria-describedby=\"caption-attachment-6204\" style=\"width: 550px\" class=\"wp-caption aligncenter\"><a href=\"http:\/\/www.atecordoba.org\/wp-content\/uploads\/2015\/12\/IMG-20151211-WA0023-e1449872710750.jpg\"><img loading=\"lazy\" decoding=\"async\" class=\"wp-image-6204 size-full\" src=\"http:\/\/www.atecordoba.org\/wp-content\/uploads\/2015\/12\/IMG-20151211-WA0023-e1449872710750.jpg\" alt=\"IMG-20151211-WA0023\" width=\"550\" height=\"413\" \/><\/a><figcaption id=\"caption-attachment-6204\" class=\"wp-caption-text\">El nuevo cuerpo de delegados del hospital.<\/figcaption><\/figure>\n<p>Alrededor del 70% del personal del Hospital provincial Urrut\u00eda, de Unquillo, particip\u00f3 de las elecciones realizadas hoy, que consagraron a los compa\u00f1eros Luciana Badiali, C\u00e9sar Collante e Irene Kouchoumpos como delegados del sector por los pr\u00f3ximos dos a\u00f1os.<\/p>\n<figure id=\"attachment_6205\" aria-describedby=\"caption-attachment-6205\" style=\"width: 550px\" class=\"wp-caption aligncenter\"><a href=\"http:\/\/www.atecordoba.org\/wp-content\/uploads\/2015\/12\/IMG-20151211-WA0022-e1449872749759.jpg\"><img loading=\"lazy\" decoding=\"async\" class=\"wp-image-6205 size-full\" src=\"http:\/\/www.atecordoba.org\/wp-content\/uploads\/2015\/12\/IMG-20151211-WA0022-e1449872749759.jpg\" alt=\"IMG-20151211-WA0022\" width=\"550\" height=\"733\" \/><\/a><figcaption id=\"caption-attachment-6205\" class=\"wp-caption-text\">Una trabajadora al momento de emitir su voto.<\/figcaption><\/figure>\n<p>En la oportunidad, estuvo presente el secretario de Interior del Consejo Directivo Provincial, Alejandro Mur\u00faa. La elecci\u00f3n fue el paso siguiente despu\u00e9s que ATE designara los delegados normalizadores, compa\u00f1eros que tuvieron a cargo sumar afiliados dentro del hospital y organizar la elecci\u00f3n, con un saldo netamente positivo.<\/p>\n<p>De esta forma, se suma un nuevo hospital en la representaci\u00f3n de ATE en la provincia, exponiendo el crecimiento organizativo de nuestro gremio en el sector salud.<\/p>\n<p><strong>Reclamos postergados por a\u00f1os<\/strong><\/p>\n<p>Los trabajadores resolvieron organizarse en ATE y afiliarse masivamente debido a la serie de reclamos de \u00edndole gremial que no encontraban soluci\u00f3n hasta el momento.<\/p>\n<p>La electa delegada Luciana Badiali detall\u00f3 algunas de las carencias del centro de salud que forman parte de la agenda reivindicativa de nuestro gremio en el sector.<\/p>\n<p>En cuanto a las condiciones de trabajo, la delegada afirm\u00f3 que &#8220;impulsamos el reclamo del resto de los hospitales provinciales por la jornada de trabajo de seis horas para enfermer\u00eda. Los compa\u00f1eros lo vienen pidiendo y encontraron en ATE el canal adecuado para impulsarlo con fuerza&#8221;.<\/p>\n<p>Adem\u00e1s, la compa\u00f1era relat\u00f3 los graves incumplimientos en t\u00e9rminos de condiciones de trabajo que vive el hospital. &#8220;El 60% de los trabajadores est\u00e1 contratado. Son los compa\u00f1eros que se fueron incorporando desde el 2008, cuando el hospital pas\u00f3 a ser provincial, porque antes era municipal. Los trabajadores que vienen de la \u00e9poca municipal est\u00e1n en planta, el resto no, personal que reviste bajo la ley 7625. Incluso tenemos un compa\u00f1era psic\u00f3loga que es monotributista hace cuatro a\u00f1os&#8221;, dijo.<\/p>\n<p>La cuesti\u00f3n salarial es uno de los reclamos que llevan los delegados como eje principal ya que ning\u00fan salario en el hospital alcanza a cubrir la canasta familiar. Los aumentos de precios y servicios del \u00faltimo mes aceleraron los reclamos.<\/p>\n<p>Por otro lado, la carencia de\u00a0personal es una de las urgencias m\u00e1s apremiantes a resolver porque la falta en enfermer\u00eda somete a los trabajadores a jornadas de trabajo extenuantes, al tiempo que reciente la atenci\u00f3n de los pacientes. Hay solo un enfermero por planta para cubrir varios servicios simult\u00e1neamente. &#8220;Son necesarios dos trabajadores m\u00e1s por planta y por turno&#8221;, se\u00f1al\u00f3. A esto se suma la falta de personal para cubrir las guardias.<\/p>\n<p>Respecto\u00a0a los insumos indispensables para el funcionamiento del centro de salud, los trabajadores describen la situaci\u00f3n como muy grave porque &#8220;faltan insumos de laboratorio para an\u00e1lisis cl\u00ednicos, el laboratorio no cuenta con servicio de gases para, fundamental para la atenci\u00f3n de pacientes diab\u00e9ticos y en el servicio de radiolog\u00eda -por la falta de placas y de equipos instalados- s\u00f3lo se realiza atenci\u00f3n de emergencia. Igual situaci\u00f3n sufre el servicio de cirug\u00eda.<\/p>\n<p>Por \u00faltimo, tambi\u00e9n es grave que el servicio de radiolog\u00eda no cuente con la habilitaci\u00f3n de la Direcci\u00f3n de Salud Ocupacional, encargada de la radiof\u00edsica sanitaria, ya que el servicio podr\u00eda estar generando contaminaci\u00f3n externa.<\/p>\n<p>Vale se\u00f1alar que el Urrut\u00eda es uno de los hospitales que cubri\u00f3 m\u00e1s cantidad de atenciones a los vecinos de la regi\u00f3n cuando sucedieron las inundaciones de principios de a\u00f1o en las sierras chicas.<\/p>\n","protected":false},"excerpt":{"rendered":"<p>Con una masiva participaci\u00f3n,\u00a0los trabajadores del Hospital Juan Manuel Urrut\u00eda de Unquillo eligieron hoy su cuerpo de delegados. Un nuevo sector de la salud provincial que se suma a ATE. Reclamos por carencias de infraestructura, insumos, personal y condiciones de trabajo. Alrededor del 70% del personal del Hospital provincial Urrut\u00eda, de Unquillo, particip\u00f3 de las [&hellip;]<\/p>\n","protected":false},"author":1,"featured_media":19220,"comment_status":"open","ping_status":"open","sticky":false,"template":"","format":"standard","meta":{"_exactmetrics_skip_tracking":false,"_exactmetrics_sitenote_active":false,"_exactmetrics_sitenote_note":"","_exactmetrics_sitenote_category":0,"jnews-multi-image_gallery":[],"jnews_single_post":[],"jnews_primary_category":[],"jnews_social_meta":[],"jnews_review":[],"enable_review":"","type":"","name":"","summary":"","brand":"","sku":"","good":[],"bad":[],"score_override":"","override_value":"","rating":[],"price":[],"jnews_override_counter":[],"jnews_post_split":[],"footnotes":""},"categories":[7,8,102],"tags":[],"class_list":["post-6203","post","type-post","status-publish","format-standard","has-post-thumbnail","hentry","category-hospitales","category-provinciales","category-salud-2"],"jetpack_featured_media_url":"https:\/\/atecordoba.org\/wp-content\/uploads\/2020\/05\/logo-nuevochico-e1561581322808.png","_links":{"self":[{"href":"https:\/\/atecordoba.org\/index.php?rest_route=\/wp\/v2\/posts\/6203","targetHints":{"allow":["GET"]}}],"collection":[{"href":"https:\/\/atecordoba.org\/index.php?rest_route=\/wp\/v2\/posts"}],"about":[{"href":"https:\/\/atecordoba.org\/index.php?rest_route=\/wp\/v2\/types\/post"}],"author":[{"embeddable":true,"href":"https:\/\/atecordoba.org\/index.php?rest_route=\/wp\/v2\/users\/1"}],"replies":[{"embeddable":true,"href":"https:\/\/atecordoba.org\/index.php?rest_route=%2Fwp%2Fv2%2Fcomments&post=6203"}],"version-history":[{"count":0,"href":"https:\/\/atecordoba.org\/index.php?rest_route=\/wp\/v2\/posts\/6203\/revisions"}],"wp:featuredmedia":[{"embeddable":true,"href":"https:\/\/atecordoba.org\/index.php?rest_route=\/wp\/v2\/media\/19220"}],"wp:attachment":[{"href":"https:\/\/atecordoba.org\/index.php?rest_route=%2Fwp%2Fv2%2Fmedia&parent=6203"}],"wp:term":[{"taxonomy":"category","embeddable":true,"href":"https:\/\/atecordoba.org\/index.php?rest_route=%2Fwp%2Fv2%2Fcategories&post=6203"},{"taxonomy":"post_tag","embeddable":true,"href":"https:\/\/atecordoba.org\/index.php?rest_route=%2Fwp%2Fv2%2Ftags&post=6203"}],"curies":[{"name":"wp","href":"https:\/\/api.w.org\/{rel}","templated":true}]}}