{"id":6135,"date":"2015-12-03T17:17:37","date_gmt":"2015-12-03T20:17:37","guid":{"rendered":"http:\/\/www.atecordoba.org\/?p=6135"},"modified":"2015-12-03T17:17:37","modified_gmt":"2015-12-03T20:17:37","slug":"paro-nacional-ate-se-movilizo-en-cordoba","status":"publish","type":"post","link":"https:\/\/atecordoba.org\/?p=6135","title":{"rendered":"Paro nacional: ATE\u00a0 se moviliz\u00f3 en C\u00f3rdoba"},"content":{"rendered":"<p><em>El consejo Directivo Provincial encabez\u00f3 una marcha al Ministerio de Trabajo, con la presencia de compa\u00f1eros nacionales, provinciales y municipales. Fuerte acompa\u00f1amiento de las seccionales Villa mar\u00eda y R\u00edo Tercero.<\/em><\/p>\n<p><a href=\"http:\/\/www.atecordoba.org\/wp-content\/uploads\/2015\/12\/DSC_0230-e1449169562442.jpg\"><img loading=\"lazy\" decoding=\"async\" class=\"aligncenter size-full wp-image-6136\" src=\"http:\/\/www.atecordoba.org\/wp-content\/uploads\/2015\/12\/DSC_0230-e1449169562442.jpg\" alt=\"DSC_0230\" width=\"550\" height=\"309\" \/><\/a><\/p>\n<p>Con abandono de tareas a las 9 horas y concentraci\u00f3n en la sede de ATE a las 10, hoy se cumpli\u00f3 el paro nacional en C\u00f3rdoba, resuelto por la conducci\u00f3n nacional, en reclamo del pase a planta de 90 mil trabajadores precarizados que finalizan sus contratos a fin de a\u00f1o, as\u00ed como un bono de fin de a\u00f1o de 5000 pesos para todos los estatales.<\/p>\n<figure id=\"attachment_6141\" aria-describedby=\"caption-attachment-6141\" style=\"width: 425px\" class=\"wp-caption alignright\"><a href=\"http:\/\/www.atecordoba.org\/wp-content\/uploads\/2015\/12\/DSC_0281-e1449169874518.jpg\"><img loading=\"lazy\" decoding=\"async\" class=\"wp-image-6141\" src=\"http:\/\/www.atecordoba.org\/wp-content\/uploads\/2015\/12\/DSC_0281-e1449169874518.jpg\" alt=\"DSC_0281\" width=\"425\" height=\"239\" \/><\/a><figcaption id=\"caption-attachment-6141\" class=\"wp-caption-text\">La secretaria General de ATE C\u00f3rdoba, Mar\u00eda Liliana Salerno.<\/figcaption><\/figure>\n<p>La nutrida columna de compa\u00f1eros estuvo encabezada por nuestra secretaria General, Mar\u00eda Liliana Salerno, junto al secretario Adjunto, Lu\u00eds Barcena, los miembros de la comisi\u00f3n directiva, as\u00ed como el secretario General de la CTA C\u00f3rdoba, Guido Dreizik.<\/p>\n<p>Se reconocieron compa\u00f1eros del Inti, el Ministerio de Desarrollo Social, la ex CNC, Senasa y Fabricaciones Militares, entre otros. En tanto los provinciales estuvieron representados por trabajadores de los hospitales y los municipales pro una delegaci\u00f3n de compa\u00f1eros llegados desde Unquillo.<\/p>\n<figure id=\"attachment_6140\" aria-describedby=\"caption-attachment-6140\" style=\"width: 425px\" class=\"wp-caption alignleft\"><a href=\"http:\/\/www.atecordoba.org\/wp-content\/uploads\/2015\/12\/DSC_0277-e1449169812868.jpg\"><img loading=\"lazy\" decoding=\"async\" class=\"wp-image-6140\" src=\"http:\/\/www.atecordoba.org\/wp-content\/uploads\/2015\/12\/DSC_0277-e1449169812868.jpg\" alt=\"DSC_0277\" width=\"425\" height=\"239\" \/><\/a><figcaption id=\"caption-attachment-6140\" class=\"wp-caption-text\">Walter Secondino, secretario Administrativo del CDP.<\/figcaption><\/figure>\n<p>La movilizaci\u00f3n atraves\u00f3 el centro y, antes de finalizar frente a la sede local del Ministerio de Trabajo, acerc\u00f3 su solidaridad a la lucha del sindicato de municipales de C\u00f3rdoba (Suoem) que se encuentran en un fuerte conflicto con el intendente Ram\u00f3n Mestre. All\u00ed se produjo un encuentro fraternal donde ATE dej\u00f3 expreso su rechazo tanto al ente municipal creado por el intendente radical \u2013y confrontado por el Suoem- como al intento inconstitucional de reglamentar las asambleas en los lugares de trabajo.<\/p>\n<p>Una vez dispuestos frente a la cartera laboral, se realiz\u00f3 el acto, donde en primer t\u00e9rmino hizo uso de la palabra el secretario Administrativo del CDP, Walter Secondino. El dirigente de Villa Mar\u00eda se\u00f1al\u00f3 que \u201cya ve\u00edamos que se ven\u00edan tiempos dif\u00edciles y esos tiempos han llegado. Esta realidad de los \u00faltimos d\u00edas de la ciudad de C\u00f3rdoba muestra que las ordenanzas que se aprobaron tienen por objetivo acorralar al que consideramos el \u00faltimo sindicato combativo que queda en la ciudad, los compa\u00f1eros trabajadores municipales. Todos los trabajadores tenemos que estar unidos, ni un paso atr\u00e1s\u201d.<\/p>\n<p><a href=\"http:\/\/www.atecordoba.org\/wp-content\/uploads\/2015\/12\/DSC_0221-e1449169619184.jpg\"><img loading=\"lazy\" decoding=\"async\" class=\"aligncenter size-full wp-image-6137\" src=\"http:\/\/www.atecordoba.org\/wp-content\/uploads\/2015\/12\/DSC_0221-e1449169619184.jpg\" alt=\"DSC_0221\" width=\"550\" height=\"309\" \/><\/a><\/p>\n<p>Posteriormente, se dirigi\u00f3 a los compa\u00f1eros presentes Mar\u00eda Liliana Salerno. La dirigente destac\u00f3\u00a0 que \u201cestamos unidos en esta lucha que nos convoca la conducci\u00f3n nacional de ATE en todo el pa\u00eds. Esta movilizaci\u00f3n exige que no haya m\u00e1s trabajadores precarizados en el Estado nacional, pero esto tambi\u00e9n se hace extensivo a los estados provinciales y municipales. Necesitamos <a href=\"http:\/\/www.atecordoba.org\/wp-content\/uploads\/2015\/12\/DSC_0207-e1449170712971.jpg\"><img loading=\"lazy\" decoding=\"async\" class=\" wp-image-6146 alignright\" src=\"http:\/\/www.atecordoba.org\/wp-content\/uploads\/2015\/12\/DSC_0207-e1449170712971.jpg\" alt=\"DSC_0207\" width=\"425\" height=\"239\" \/><\/a>que se efectivicen esos contratos a punto de firmarse porque hasta la fecha, siendo noviembre el mes clave para las firmas, hoy no est\u00e1n firmados\u201d.<\/p>\n<p>Y agreg\u00f3: \u201cVamos tambi\u00e9n por el bono de 5000 pesos, atento a los aumentos de precios de alimentos, remedios, en todo el espectro econ\u00f3mico del pa\u00eds.\u00a0 Necesitamos transitar este cambio de gobierno con la paz social, pero la tenemos que hacer entre todos no solo los trabajadores sino de arriba para abajo tambi\u00e9n\u201d.<\/p>\n<p>Acto seguido, Salerno se refiri\u00f3 a la coyuntura pol\u00edtica y afirm\u00f3 que \u201cnos hablan de la revoluci\u00f3n de la alegr\u00eda y tengo que decir que eso me retrotrae al menemato cuando nos hablaba de la revoluci\u00f3n productiva y sabemos bien cu\u00e1l fue el resultado de esa revoluci\u00f3n. Por lo tanto hoy aspiramos que esta revoluci\u00f3n de <a href=\"http:\/\/www.atecordoba.org\/wp-content\/uploads\/2015\/12\/DSC_0192-e1449169681586.jpg\"><img loading=\"lazy\" decoding=\"async\" class=\" wp-image-6138 alignleft\" src=\"http:\/\/www.atecordoba.org\/wp-content\/uploads\/2015\/12\/DSC_0192-e1449169681586.jpg\" alt=\"DSC_0192\" width=\"425\" height=\"239\" \/><\/a>la alegr\u00eda no termine como la anterior\u201d.<\/p>\n<p>\u201cLa mitad mas uno eligi\u00f3 al nuevo gobierno, pero la otra mitad menos uno voto por la posibilidad de otro modelo, al que si era necesario realizar reformas. Somos democr\u00e1ticos y aceptamos los pr\u00f3ximos cuatro a\u00f1os con un nuevo modelo. Pero sabemos que cuando los gerentes de las multinacionales ocupan los ministerios no es bueno. Ya lo vivimos. Sabemos positivamente que cuando esas empresas colocan a sus gerentes no es en beneficio de los trabajadores\u201d, resumi\u00f3 la secretaria General.<\/p>\n<p><strong>Resistir el achique del Estado y la destrucci\u00f3n de la industria<\/strong><\/p>\n<p>\u201cNosotros somos estatistas y queremos un Estado moderno y eficiente pero eso no significa en esta nueva etapa el despido de los trabajadores. Es muy alarmante la informaci\u00f3n de las noticias: est\u00e1n diciendo que en Aerol\u00edneas Argentinas van a hacer un<a href=\"http:\/\/www.atecordoba.org\/wp-content\/uploads\/2015\/12\/DSC_0227-e1449170300105.jpg\"><img loading=\"lazy\" decoding=\"async\" class=\" wp-image-6144 alignright\" src=\"http:\/\/www.atecordoba.org\/wp-content\/uploads\/2015\/12\/DSC_0227-e1449170300105.jpg\" alt=\"DSC_0227\" width=\"425\" height=\"239\" \/><\/a> retiro voluntario de 1500 trabajadores. No vamos a permitir un modelo que nos destruya\u201d, asegur\u00f3 Salerno.<\/p>\n<p>&nbsp;<\/p>\n<p>\u201cVamos por m\u00e1s salud, seguridad, educaci\u00f3n, viviendas, por m\u00e1s trabajo y por todos los derechos humanos que nos merecemos como trabajadores\u201d, reafirm\u00f3 ante el aplauso generalizado.<\/p>\n<p>Y finaliz\u00f3 asegurando que \u201cde la misma forma que estamos ac\u00e1, en la seccional R\u00edo Cuarto los compa\u00f1eros decidieron hacer su propia actividad para que ATE tambi\u00e9n tenga una voz fuerte en el interior. Para m\u00ed es un honor estar con ustedes, nos hemos saludado despu\u00e9s de las elecciones. Sepan que vamos por m\u00e1s, desde lo nacional, los provinciales que hoy est\u00e1n en la lucha por la recomposici\u00f3n salarial\u201d<\/p>\n<p><strong>Otros puntos <\/strong><\/p>\n<ul>\n<li>\u201cCuando nos hablan de liberar las importaciones, compa\u00f1eros, nosotros no estamos en contra, siempre y cuando no perjudique a la industria nacional, porque cuando entraron los productos extranjeros se fundi\u00f3 la industria. S\u00f3lo pedimos que la importaci\u00f3n no perjudique lo poco que queda de la industria nacional\u201d.<\/li>\n<\/ul>\n<figure id=\"attachment_6142\" aria-describedby=\"caption-attachment-6142\" style=\"width: 550px\" class=\"wp-caption aligncenter\"><a href=\"http:\/\/www.atecordoba.org\/wp-content\/uploads\/2015\/12\/DSC_0257-e1449170143196.jpg\"><img loading=\"lazy\" decoding=\"async\" class=\"wp-image-6142 size-full\" src=\"http:\/\/www.atecordoba.org\/wp-content\/uploads\/2015\/12\/DSC_0257-e1449170143196.jpg\" alt=\"DSC_0257\" width=\"550\" height=\"309\" \/><\/a><figcaption id=\"caption-attachment-6142\" class=\"wp-caption-text\">La columna de ATE, durante el acto del Suoem frente a la Municipalidad de C\u00f3rdoba.<\/figcaption><\/figure>\n<ul>\n<li>\u201cHay ejemplos de los problemas que surgen con la importaci\u00f3n cuando est\u00e1 mal manejada, como en el caso de la salud p\u00fablica: los hospitales no pueden importar repuestos actualmente para la aparatolog\u00eda que se rompi\u00f3, y el Estado termina derivando a las cl\u00ednicas privadas para hacer los tratamientos porque las cl\u00ednicas si consiguen los repuestos en el mercado negro. El sistema, como est\u00e1, termina perjudicando a las instituciones estatales. Lo mismo nos sucedi\u00f3 en R\u00edo Tercero en el polo industrial. Ahora les digo que si entran las importaciones, los hospitales no van a tener m\u00e1s la excusa para derivar los pacientes al sistema privado\u201d.<\/li>\n<\/ul>\n<p><a href=\"http:\/\/www.atecordoba.org\/wp-content\/uploads\/2015\/12\/DSC_0233-e1449170255609.jpg\"><img loading=\"lazy\" decoding=\"async\" class=\"aligncenter size-full wp-image-6143\" src=\"http:\/\/www.atecordoba.org\/wp-content\/uploads\/2015\/12\/DSC_0233-e1449170255609.jpg\" alt=\"DSC_0233\" width=\"550\" height=\"309\" \/><\/a><\/p>\n<ul>\n<li>\u201cEstamos pensando que para este gobierno que viene vamos a dar una se\u00f1al de buena voluntad, pero tambi\u00e9n vamos a resistir si quieren voltear los derechos que hemos conseguido. No estamos en contra de la democracia, est\u00e1n ellos cuando hablan de retiros voluntarios, del achique del Estado. No somos nosotros quienes hacemos las cosas mal, por qu\u00e9 no vamos a resistir\u201d.<\/li>\n<\/ul>\n<p><a href=\"http:\/\/www.atecordoba.org\/wp-content\/uploads\/2015\/12\/DSC_0224-e1449169759121.jpg\"><img loading=\"lazy\" decoding=\"async\" class=\"aligncenter size-full wp-image-6139\" src=\"http:\/\/www.atecordoba.org\/wp-content\/uploads\/2015\/12\/DSC_0224-e1449169759121.jpg\" alt=\"DSC_0224\" width=\"550\" height=\"309\" \/><\/a><\/p>\n<ul>\n<li>\u201cHemos hecho hoy una demostraci\u00f3n de solidaridad con los compa\u00f1eros municipales de C\u00f3rdoba. Sobrados son los motivos que tienen para estar en la calle y seguramente que nos vamos a encontrar repetidas veces. Les pido compa\u00f1eros que tengamos hoy m\u00e1s que nunca un esp\u00edritu de unidad, no s\u00f3lo entre los compa\u00f1eros de ATE sino con todos los gremios\u201d.<\/li>\n<\/ul>\n<p><a href=\"http:\/\/www.atecordoba.org\/wp-content\/uploads\/2015\/12\/DSC_0207-e1449170712971.jpg\"><img loading=\"lazy\" decoding=\"async\" class=\"aligncenter size-full wp-image-6146\" src=\"http:\/\/www.atecordoba.org\/wp-content\/uploads\/2015\/12\/DSC_0207-e1449170712971.jpg\" alt=\"DSC_0207\" width=\"550\" height=\"309\" \/><\/a><\/p>\n<ul>\n<li>\u201cPas\u00f3 el momento de estar separados, es el momento de la unidad, de estar todos juntos. Tenemos la necesidad de unirnos, tal es as\u00ed que desde ATE promovemos la unidad de la CTA, porque es una herramienta que nos hace falta a los trabajadores. Llegar\u00e1 el d\u00eda que sea una sola\u201d.<\/li>\n<\/ul>\n<p><a href=\"http:\/\/www.atecordoba.org\/wp-content\/uploads\/2015\/12\/DSC_0213-e1449170668443.jpg\"><img loading=\"lazy\" decoding=\"async\" class=\"aligncenter size-full wp-image-6145\" src=\"http:\/\/www.atecordoba.org\/wp-content\/uploads\/2015\/12\/DSC_0213-e1449170668443.jpg\" alt=\"DSC_0213\" width=\"550\" height=\"309\" \/><\/a><\/p>\n<ul>\n<li>\u201cNunca dejemos de lado que ATE, gobierne quien gobierne, es de los trabajadores\u201d.<\/li>\n<\/ul>\n<p><a href=\"http:\/\/www.atecordoba.org\/wp-content\/uploads\/2015\/12\/DSC_0239-e1449173842156.jpg\"><img loading=\"lazy\" decoding=\"async\" class=\"aligncenter size-full wp-image-6148\" src=\"http:\/\/www.atecordoba.org\/wp-content\/uploads\/2015\/12\/DSC_0239-e1449173842156.jpg\" alt=\"DSC_0239\" width=\"550\" height=\"309\" \/><\/a><\/p>\n","protected":false},"excerpt":{"rendered":"<p>El consejo Directivo Provincial encabez\u00f3 una marcha al Ministerio de Trabajo, con la presencia de compa\u00f1eros nacionales, provinciales y municipales. Fuerte acompa\u00f1amiento de las seccionales Villa mar\u00eda y R\u00edo Tercero. Con abandono de tareas a las 9 horas y concentraci\u00f3n en la sede de ATE a las 10, hoy se cumpli\u00f3 el paro nacional en [&hellip;]<\/p>\n","protected":false},"author":1,"featured_media":19220,"comment_status":"open","ping_status":"open","sticky":false,"template":"","format":"standard","meta":{"_exactmetrics_skip_tracking":false,"_exactmetrics_sitenote_active":false,"_exactmetrics_sitenote_note":"","_exactmetrics_sitenote_category":0,"jnews-multi-image_gallery":[],"jnews_single_post":[],"jnews_primary_category":[],"jnews_social_meta":[],"jnews_review":[],"enable_review":"","type":"","name":"","summary":"","brand":"","sku":"","good":[],"bad":[],"score_override":"","override_value":"","rating":[],"price":[],"jnews_override_counter":[],"jnews_post_split":[],"footnotes":""},"categories":[1],"tags":[],"class_list":["post-6135","post","type-post","status-publish","format-standard","has-post-thumbnail","hentry","category-sin-categoria"],"jetpack_featured_media_url":"https:\/\/atecordoba.org\/wp-content\/uploads\/2020\/05\/logo-nuevochico-e1561581322808.png","_links":{"self":[{"href":"https:\/\/atecordoba.org\/index.php?rest_route=\/wp\/v2\/posts\/6135","targetHints":{"allow":["GET"]}}],"collection":[{"href":"https:\/\/atecordoba.org\/index.php?rest_route=\/wp\/v2\/posts"}],"about":[{"href":"https:\/\/atecordoba.org\/index.php?rest_route=\/wp\/v2\/types\/post"}],"author":[{"embeddable":true,"href":"https:\/\/atecordoba.org\/index.php?rest_route=\/wp\/v2\/users\/1"}],"replies":[{"embeddable":true,"href":"https:\/\/atecordoba.org\/index.php?rest_route=%2Fwp%2Fv2%2Fcomments&post=6135"}],"version-history":[{"count":0,"href":"https:\/\/atecordoba.org\/index.php?rest_route=\/wp\/v2\/posts\/6135\/revisions"}],"wp:featuredmedia":[{"embeddable":true,"href":"https:\/\/atecordoba.org\/index.php?rest_route=\/wp\/v2\/media\/19220"}],"wp:attachment":[{"href":"https:\/\/atecordoba.org\/index.php?rest_route=%2Fwp%2Fv2%2Fmedia&parent=6135"}],"wp:term":[{"taxonomy":"category","embeddable":true,"href":"https:\/\/atecordoba.org\/index.php?rest_route=%2Fwp%2Fv2%2Fcategories&post=6135"},{"taxonomy":"post_tag","embeddable":true,"href":"https:\/\/atecordoba.org\/index.php?rest_route=%2Fwp%2Fv2%2Ftags&post=6135"}],"curies":[{"name":"wp","href":"https:\/\/api.w.org\/{rel}","templated":true}]}}