{"id":6123,"date":"2015-12-01T19:28:04","date_gmt":"2015-12-01T22:28:04","guid":{"rendered":"http:\/\/www.atecordoba.org\/?p=6123"},"modified":"2015-12-01T19:28:04","modified_gmt":"2015-12-01T22:28:04","slug":"paro-nacional-el-jueves-3-por-el-pase-a-planta-de-90-mil-precarizados-y-un-bono-de-5000","status":"publish","type":"post","link":"https:\/\/atecordoba.org\/?p=6123","title":{"rendered":"Paro nacional el jueves 3 por el pase a planta de 90 mil precarizados y un bono de $5000"},"content":{"rendered":"<p><em>Trabajadores estatales de todo el pa\u00eds realizar\u00e1n el pr\u00f3ximo jueves 3 de diciembre un paro de actividades por 24 horas, en funci\u00f3n de lo resuelto por ATE nacional, con movilizaciones en todo el pa\u00eds.<\/em><\/p>\n<p><a href=\"http:\/\/www.atecordoba.org\/wp-content\/uploads\/2015\/09\/IMG-20150924-WA0001-e1443475588984.jpg\"><img loading=\"lazy\" decoding=\"async\" class=\"aligncenter size-full wp-image-5756\" src=\"http:\/\/www.atecordoba.org\/wp-content\/uploads\/2015\/09\/IMG-20150924-WA0001-e1443475588984.jpg\" alt=\"IMG-20150924-WA0001\" width=\"550\" height=\"413\" \/><\/a><\/p>\n<p>La medida obedece al reclamo por el pase a planta permanente de alrededor de 90 mil trabajadores precarizados en el Estado nacional, as\u00ed como un bono de fin de a\u00f1o de 5000 pesos que compense la escalada inflacionaria existente, producto del aumento de precios generalizado en bienes y servicios p\u00fablicos que sufren nuestros salarios.<\/p>\n<p>En C\u00f3rdoba la modalidad de la medida de fuerza ser\u00e1 con abandono de los lugares de trabajo a las 9 horas y concentraci\u00f3n en la sede del Consejo Directivo Provincial, Entre Rios 450, a las 10 horas, para desde all\u00ed marchar a la delegaci\u00f3n del Ministerio \u00a0de Trabajo. En tal sentido, ATE C\u00f3rdoba convoca a los cuerpos de delegados nacionales, provinciales y municipales a participar activamente del paro y marchar en C\u00f3rdoba.<\/p>\n<p>De la misma forma, las seccionales del interior provincial realizar\u00e1n el paro en funci\u00f3n de la modalidad que resuelvan los compa\u00f1eros.<\/p>\n<p>Vale se\u00f1alar que, de los casi 90.000 precarizados, unos 66.000 son trabajadores con contratos temporales y otros 22.000 que cumplen funciones mediante lo que nuestra organizaci\u00f3n llama \u201cel estado oculto\u201d, es decir realizan tareas para el Estado a trav\u00e9s de\u00a0\u00a0la tercerizaci\u00f3n del servicio a fundaciones o como becarios.<\/p>\n<p>La ATE entiende que se trata de un universo muy importante de trabajadores y que indistintamente sea la administraci\u00f3n saliente de Cristina Kirchner o su sucesor Mauricio Macri \u201cdebe darse una respuesta que materialice el ingreso a planta de los compa\u00f1eros\u201d, tal como explic\u00f3 nuestra secretaria de Organizaci\u00f3n nacional, Silvia Le\u00f3n.<\/p>\n<p>&nbsp;<\/p>\n<p style=\"text-align: right;\">Mar\u00eda Liliana Salerno<\/p>\n<p style=\"text-align: right;\">Secretaria General<\/p>\n","protected":false},"excerpt":{"rendered":"<p>Trabajadores estatales de todo el pa\u00eds realizar\u00e1n el pr\u00f3ximo jueves 3 de diciembre un paro de actividades por 24 horas, en funci\u00f3n de lo resuelto por ATE nacional, con movilizaciones en todo el pa\u00eds. La medida obedece al reclamo por el pase a planta permanente de alrededor de 90 mil trabajadores precarizados en el Estado [&hellip;]<\/p>\n","protected":false},"author":1,"featured_media":19220,"comment_status":"open","ping_status":"open","sticky":false,"template":"","format":"standard","meta":{"_exactmetrics_skip_tracking":false,"_exactmetrics_sitenote_active":false,"_exactmetrics_sitenote_note":"","_exactmetrics_sitenote_category":0,"jnews-multi-image_gallery":[],"jnews_single_post":[],"jnews_primary_category":[],"jnews_social_meta":[],"jnews_review":[],"enable_review":"","type":"","name":"","summary":"","brand":"","sku":"","good":[],"bad":[],"score_override":"","override_value":"","rating":[],"price":[],"jnews_override_counter":[],"jnews_post_split":[],"footnotes":""},"categories":[1],"tags":[],"class_list":["post-6123","post","type-post","status-publish","format-standard","has-post-thumbnail","hentry","category-sin-categoria"],"jetpack_featured_media_url":"https:\/\/atecordoba.org\/wp-content\/uploads\/2020\/05\/logo-nuevochico-e1561581322808.png","_links":{"self":[{"href":"https:\/\/atecordoba.org\/index.php?rest_route=\/wp\/v2\/posts\/6123","targetHints":{"allow":["GET"]}}],"collection":[{"href":"https:\/\/atecordoba.org\/index.php?rest_route=\/wp\/v2\/posts"}],"about":[{"href":"https:\/\/atecordoba.org\/index.php?rest_route=\/wp\/v2\/types\/post"}],"author":[{"embeddable":true,"href":"https:\/\/atecordoba.org\/index.php?rest_route=\/wp\/v2\/users\/1"}],"replies":[{"embeddable":true,"href":"https:\/\/atecordoba.org\/index.php?rest_route=%2Fwp%2Fv2%2Fcomments&post=6123"}],"version-history":[{"count":0,"href":"https:\/\/atecordoba.org\/index.php?rest_route=\/wp\/v2\/posts\/6123\/revisions"}],"wp:featuredmedia":[{"embeddable":true,"href":"https:\/\/atecordoba.org\/index.php?rest_route=\/wp\/v2\/media\/19220"}],"wp:attachment":[{"href":"https:\/\/atecordoba.org\/index.php?rest_route=%2Fwp%2Fv2%2Fmedia&parent=6123"}],"wp:term":[{"taxonomy":"category","embeddable":true,"href":"https:\/\/atecordoba.org\/index.php?rest_route=%2Fwp%2Fv2%2Fcategories&post=6123"},{"taxonomy":"post_tag","embeddable":true,"href":"https:\/\/atecordoba.org\/index.php?rest_route=%2Fwp%2Fv2%2Ftags&post=6123"}],"curies":[{"name":"wp","href":"https:\/\/api.w.org\/{rel}","templated":true}]}}