{"id":6059,"date":"2015-11-26T15:36:19","date_gmt":"2015-11-26T18:36:19","guid":{"rendered":"http:\/\/www.atecordoba.org\/?p=6059"},"modified":"2020-06-09T15:43:04","modified_gmt":"2020-06-09T18:43:04","slug":"el-grito-por-niunamenos-copo-ayer-el-centro-de-cordoba","status":"publish","type":"post","link":"https:\/\/atecordoba.org\/?p=6059","title":{"rendered":"El grito por #Niunamenos cop\u00f3 ayer el centro de C\u00f3rdoba"},"content":{"rendered":"<p><em>Ayer ATE C\u00f3rdoba camin\u00f3 las calles de la ciudad junto a miles que salieron a\u00a0reclamar por pol\u00edticas p\u00fablicas contra la violencia de g\u00e9nero.\u00a0<\/em><\/p>\n<p><a href=\"http:\/\/atecordoba.org\/wp-content\/uploads\/2020\/06\/DSC_0174-e1448562877987.jpg\"><img loading=\"lazy\" decoding=\"async\" class=\"aligncenter size-full wp-image-6060\" src=\"http:\/\/atecordoba.org\/wp-content\/uploads\/2020\/06\/DSC_0174-e1448562877987.jpg\" alt=\"DSC_0174\" width=\"550\" height=\"309\" \/><\/a><\/p>\n<p>Delegados, militantes e integrantes de la comisi\u00f3n directiva de ATE, junto al Centro de Jubilados, marcharon ayer nuevamente, bajo la convocatoria del Departamento de G\u00e9nero y de toda la sociedad para volver a solicitar la implementaci\u00f3n y financiamiento de la ley 26.485, que promueve la Protecci\u00f3n\u00a0 integral para prevenir sancionar y erradicar la violencia contra las mujeres en los \u00e1mbitos\u00a0 que se desarrollen sus relaciones interpersonales.<\/p>\n<p><a href=\"http:\/\/atecordoba.org\/wp-content\/uploads\/2020\/06\/DSC_0178-e1448562920137.jpg\"><img loading=\"lazy\" decoding=\"async\" class=\"aligncenter size-full wp-image-6061\" src=\"http:\/\/atecordoba.org\/wp-content\/uploads\/2020\/06\/DSC_0178-e1448562920137.jpg\" alt=\"DSC_0178\" width=\"550\" height=\"978\" \/><\/a><\/p>\n<p>Se trat\u00f3 de una marcha masiva que conjug\u00f3 a mujeres, hombres y familias para reclamar pol\u00edticas de Estado concretas que sostengan la lucha contra la violencia de g\u00e9nero. \u201cLa violencia de g\u00e9nero ha sido, y sigue siendo, un delito oculto, invisible. La consideraci\u00f3n de que las mujeres somos objetos de propiedad de los varones es la regla de principal del patriarcado. Si el poder es masculino, la capacidad de corregir y castigar tambi\u00e9n es de los varones. La violencia de g\u00e9nero reduce a la mujer a un objeto\u201d, consider\u00f3 la compa\u00f1era Gloria Almada, integrante del Departamento de G\u00e9nero del CDP.<\/p>\n<p><a href=\"http:\/\/atecordoba.org\/wp-content\/uploads\/2020\/06\/DSC_0166-e1448562956133.jpg\"><img loading=\"lazy\" decoding=\"async\" class=\"aligncenter size-full wp-image-6062\" src=\"http:\/\/atecordoba.org\/wp-content\/uploads\/2020\/06\/DSC_0166-e1448562956133.jpg\" alt=\"DSC_0166\" width=\"550\" height=\"309\" \/><\/a><\/p>\n<p>Y agreg\u00f3: \u201ccreo que la conducci\u00f3n del CDP acompa\u00f1\u00f3 esta consigna y\u00a0 seguir\u00e1 participando con una militancia comprometida \u00a0en la cuesti\u00f3n de g\u00e9nero, ya que es hoy una de nuestras mayores herramientas de transformaci\u00f3n en la batalla cultural., con el fin de visibilizar el problema y dar el acompa\u00f1amiento necesario a las v\u00edctimas de los afiliados de nuestro gremio\u201d.<\/p>\n<p>En la oportunidad estuvieron presentes nuestro secretario Adjunto, Luis Barcena, y la presidente del Centro de Jubilados, Carmen Neder, en otros dirigentes.<\/p>\n","protected":false},"excerpt":{"rendered":"<p>Ayer ATE C\u00f3rdoba camin\u00f3 las calles de la ciudad junto a miles que salieron a\u00a0reclamar por pol\u00edticas p\u00fablicas contra la violencia de g\u00e9nero.\u00a0 Delegados, militantes e integrantes de la comisi\u00f3n directiva de ATE, junto al Centro de Jubilados, marcharon ayer nuevamente, bajo la convocatoria del Departamento de G\u00e9nero y de toda la sociedad para volver [&hellip;]<\/p>\n","protected":false},"author":1,"featured_media":19220,"comment_status":"open","ping_status":"open","sticky":false,"template":"","format":"standard","meta":{"_exactmetrics_skip_tracking":false,"_exactmetrics_sitenote_active":false,"_exactmetrics_sitenote_note":"","_exactmetrics_sitenote_category":0,"jnews-multi-image_gallery":[],"jnews_single_post":[],"jnews_primary_category":[],"jnews_social_meta":[],"jnews_review":[],"enable_review":"","type":"","name":"","summary":"","brand":"","sku":"","good":[],"bad":[],"score_override":"","override_value":"","rating":[],"price":[],"jnews_override_counter":[],"jnews_post_split":[],"footnotes":""},"categories":[325],"tags":[],"class_list":["post-6059","post","type-post","status-publish","format-standard","has-post-thumbnail","hentry","category-generos-y-diversidades"],"jetpack_featured_media_url":"https:\/\/atecordoba.org\/wp-content\/uploads\/2020\/05\/logo-nuevochico-e1561581322808.png","_links":{"self":[{"href":"https:\/\/atecordoba.org\/index.php?rest_route=\/wp\/v2\/posts\/6059","targetHints":{"allow":["GET"]}}],"collection":[{"href":"https:\/\/atecordoba.org\/index.php?rest_route=\/wp\/v2\/posts"}],"about":[{"href":"https:\/\/atecordoba.org\/index.php?rest_route=\/wp\/v2\/types\/post"}],"author":[{"embeddable":true,"href":"https:\/\/atecordoba.org\/index.php?rest_route=\/wp\/v2\/users\/1"}],"replies":[{"embeddable":true,"href":"https:\/\/atecordoba.org\/index.php?rest_route=%2Fwp%2Fv2%2Fcomments&post=6059"}],"version-history":[{"count":1,"href":"https:\/\/atecordoba.org\/index.php?rest_route=\/wp\/v2\/posts\/6059\/revisions"}],"predecessor-version":[{"id":20020,"href":"https:\/\/atecordoba.org\/index.php?rest_route=\/wp\/v2\/posts\/6059\/revisions\/20020"}],"wp:featuredmedia":[{"embeddable":true,"href":"https:\/\/atecordoba.org\/index.php?rest_route=\/wp\/v2\/media\/19220"}],"wp:attachment":[{"href":"https:\/\/atecordoba.org\/index.php?rest_route=%2Fwp%2Fv2%2Fmedia&parent=6059"}],"wp:term":[{"taxonomy":"category","embeddable":true,"href":"https:\/\/atecordoba.org\/index.php?rest_route=%2Fwp%2Fv2%2Fcategories&post=6059"},{"taxonomy":"post_tag","embeddable":true,"href":"https:\/\/atecordoba.org\/index.php?rest_route=%2Fwp%2Fv2%2Ftags&post=6059"}],"curies":[{"name":"wp","href":"https:\/\/api.w.org\/{rel}","templated":true}]}}