{"id":6050,"date":"2015-11-25T16:53:30","date_gmt":"2015-11-25T19:53:30","guid":{"rendered":"http:\/\/www.atecordoba.org\/?p=6050"},"modified":"2015-11-25T16:53:30","modified_gmt":"2015-11-25T19:53:30","slug":"vecinos-se-sumaron-a-los-trabajadores-en-un-abrazo-al-hospital-transito-caceres-de-allende","status":"publish","type":"post","link":"https:\/\/atecordoba.org\/?p=6050","title":{"rendered":"Vecinos se sumaron a los trabajadores en un abrazo al hospital Tr\u00e1nsito C\u00e1ceres de Allende"},"content":{"rendered":"<p>&nbsp;<\/p>\n<p><em>En una protesta realizada hoy, trabajadores y vecinos de la comunidad que se atiende en el nosocomio provincial referente en traumatolog\u00eda realizaron hoy un abrazo simb\u00f3lico al centro de salud en defensa del hospital p\u00fablico. ATE denuncia cierre parcial de servicios por falta de personal, disminuci\u00f3n de las camas de internado y un proyecto de traslado a la periferia de la ciudad. Tambi\u00e9n se suman reclamos salariales.<\/em><\/p>\n<p><a href=\"http:\/\/www.atecordoba.org\/wp-content\/uploads\/2015\/11\/IMG-20151125-WA0004-e1448481134432.jpg\"><img loading=\"lazy\" decoding=\"async\" class=\"aligncenter size-full wp-image-6053\" src=\"http:\/\/www.atecordoba.org\/wp-content\/uploads\/2015\/11\/IMG-20151125-WA0004-e1448481134432.jpg\" alt=\"IMG-20151125-WA0004\" width=\"550\" height=\"978\" \/><\/a><\/p>\n<p>El hospital Tr\u00e1nsito C\u00e1ceres de Allende es uno de los centros de conflictividad que se viene expresando con mayor fuerza dentro del sistema hospitalario provincial. El cuerpo de delegados de ATE ha realizado las \u00faltimas semanas una seguidilla de asambleas donde los trabajadores expresan su preocupaci\u00f3n por el vaciamiento sistem\u00e1tico que sufre el centro de salud, que es referente provincial en traumatolog\u00eda.<\/p>\n<p>El lunes pasado los compa\u00f1eros resolvieron convocar a la comunidad a participar de un abrazo simb\u00f3lico del hospital para se\u00f1alar la voluntad de defenderlo, atento a la falta de insumos, el cierre parcial de servicios por falta de personal \u2013ya que no se suplanta a los trabajadores que se jubilan o toman licencia\u2013 y la disminuci\u00f3n de camas en el internado, todas claves que dan contexto al proceso de vaciamiento que no se detiene hace tiempo.<\/p>\n<p><a href=\"http:\/\/www.atecordoba.org\/wp-content\/uploads\/2015\/11\/IMG-20151125-WA0006-e1448481153759.jpg\"><img loading=\"lazy\" decoding=\"async\" class=\"aligncenter size-full wp-image-6052\" src=\"http:\/\/www.atecordoba.org\/wp-content\/uploads\/2015\/11\/IMG-20151125-WA0006-e1448481153759.jpg\" alt=\"IMG-20151125-WA0006\" width=\"550\" height=\"309\" \/><\/a><\/p>\n<p>\u201cEstamos en lucha. No podemos aceptar que C\u00f3rdoba pierda un hospital de esta importancia. Todas las falencias que sufrimos terminan afectando la atenci\u00f3n de los pacientes, al mismo tiempo que la falta de servicios se deriva al sector privado, engrosando las billeteras de los empresarios de las cl\u00ednicas mientras el Tr\u00e1nsito pierde servicios hist\u00f3ricos\u201d, explic\u00f3 hoy por la ma\u00f1ana Eduardo Pereyra, vocal del Consejo Directivo Provincial y delegado del sector.<\/p>\n<p>\u201cA esto se suman las versiones sobre el traslado del hospital a un sector cerca de la avenida Juan B Justo, cerca de la Circunvalaci\u00f3n. Esto huele a negocio inmobiliario porque los terrenos donde est\u00e1 hoy el tr\u00e1nsito tienen mucho valor de mercado\u201d, agreg\u00f3 Pereyra.<\/p>\n<p>Hoy por la ma\u00f1ana, los trabajadores iniciaron la jornada con una asamblea a las 8 horas, frente al turnero, \u00a0que resinti\u00f3 la atenci\u00f3n de los pacientes, y a las 10 la convocatoria\u00a0 a la comunidad, que hab\u00eda sido volanteada previamente, arrim\u00f3 a una importante cantidad de vecinos. Todos juntos realizaron un corte de calle para expresar ese abrazo simb\u00f3lico que deja claro que el hospital no se va a entregar a una estrategia de negocios del gobierno provincial.<\/p>\n<p><a href=\"http:\/\/www.atecordoba.org\/wp-content\/uploads\/2015\/11\/IMG-20151125-WA0005-e1448481182781.jpg\"><img loading=\"lazy\" decoding=\"async\" class=\"aligncenter size-full wp-image-6051\" src=\"http:\/\/www.atecordoba.org\/wp-content\/uploads\/2015\/11\/IMG-20151125-WA0005-e1448481182781.jpg\" alt=\"IMG-20151125-WA0005\" width=\"550\" height=\"309\" \/><\/a><\/p>\n<p>&nbsp;<\/p>\n<p>Finalizada la protesta, los trabajadores se comprometieron a realizar una nueva asamblea el pr\u00f3ximo martes 1\u00ba de diciembre, desde las 8 a las 11 horas, para evaluar una protesta conjunta con otros hospitales que tambi\u00e9n se encuentran en conflicto. En consecuencia, reci\u00e9n despu\u00e9s de finalizar la asamblea se entregar\u00e1n turnos de atenci\u00f3n. Como es habitual, est\u00e1n garantizadas las guardias m\u00ednimas para atender emergencias.<\/p>\n<p><a href=\"http:\/\/www.atecordoba.org\/wp-content\/uploads\/2015\/11\/silla-de-ruedas-e1448559644867.jpg\"><img loading=\"lazy\" decoding=\"async\" class=\"aligncenter size-full wp-image-6055\" src=\"http:\/\/www.atecordoba.org\/wp-content\/uploads\/2015\/11\/silla-de-ruedas-e1448559644867.jpg\" alt=\"silla de ruedas\" width=\"550\" height=\"413\" \/><\/a><\/p>\n<p><strong>Reclamo salarial<\/strong><\/p>\n<p>Por otro lado, los trabajadores tambi\u00e9n exigen que el gobierno convoque a una mesa de discusi\u00f3n salarial para obtener una compensaci\u00f3n por el aumento de precios generales y servicios (como el transporte p\u00fablico) que afectan duramente el bolsillo de las familias, sobre todo con la perspectiva de las fiestas de fin de a\u00f1o.<\/p>\n","protected":false},"excerpt":{"rendered":"<p>&nbsp; En una protesta realizada hoy, trabajadores y vecinos de la comunidad que se atiende en el nosocomio provincial referente en traumatolog\u00eda realizaron hoy un abrazo simb\u00f3lico al centro de salud en defensa del hospital p\u00fablico. ATE denuncia cierre parcial de servicios por falta de personal, disminuci\u00f3n de las camas de internado y un proyecto [&hellip;]<\/p>\n","protected":false},"author":1,"featured_media":19220,"comment_status":"open","ping_status":"open","sticky":false,"template":"","format":"standard","meta":{"_exactmetrics_skip_tracking":false,"_exactmetrics_sitenote_active":false,"_exactmetrics_sitenote_note":"","_exactmetrics_sitenote_category":0,"jnews-multi-image_gallery":[],"jnews_single_post":[],"jnews_primary_category":[],"jnews_social_meta":[],"jnews_review":[],"enable_review":"","type":"","name":"","summary":"","brand":"","sku":"","good":[],"bad":[],"score_override":"","override_value":"","rating":[],"price":[],"jnews_override_counter":[],"jnews_post_split":[],"footnotes":""},"categories":[7,8],"tags":[],"class_list":["post-6050","post","type-post","status-publish","format-standard","has-post-thumbnail","hentry","category-hospitales","category-provinciales"],"jetpack_featured_media_url":"https:\/\/atecordoba.org\/wp-content\/uploads\/2020\/05\/logo-nuevochico-e1561581322808.png","_links":{"self":[{"href":"https:\/\/atecordoba.org\/index.php?rest_route=\/wp\/v2\/posts\/6050","targetHints":{"allow":["GET"]}}],"collection":[{"href":"https:\/\/atecordoba.org\/index.php?rest_route=\/wp\/v2\/posts"}],"about":[{"href":"https:\/\/atecordoba.org\/index.php?rest_route=\/wp\/v2\/types\/post"}],"author":[{"embeddable":true,"href":"https:\/\/atecordoba.org\/index.php?rest_route=\/wp\/v2\/users\/1"}],"replies":[{"embeddable":true,"href":"https:\/\/atecordoba.org\/index.php?rest_route=%2Fwp%2Fv2%2Fcomments&post=6050"}],"version-history":[{"count":0,"href":"https:\/\/atecordoba.org\/index.php?rest_route=\/wp\/v2\/posts\/6050\/revisions"}],"wp:featuredmedia":[{"embeddable":true,"href":"https:\/\/atecordoba.org\/index.php?rest_route=\/wp\/v2\/media\/19220"}],"wp:attachment":[{"href":"https:\/\/atecordoba.org\/index.php?rest_route=%2Fwp%2Fv2%2Fmedia&parent=6050"}],"wp:term":[{"taxonomy":"category","embeddable":true,"href":"https:\/\/atecordoba.org\/index.php?rest_route=%2Fwp%2Fv2%2Fcategories&post=6050"},{"taxonomy":"post_tag","embeddable":true,"href":"https:\/\/atecordoba.org\/index.php?rest_route=%2Fwp%2Fv2%2Ftags&post=6050"}],"curies":[{"name":"wp","href":"https:\/\/api.w.org\/{rel}","templated":true}]}}