{"id":6044,"date":"2015-11-25T15:22:13","date_gmt":"2015-11-25T18:22:13","guid":{"rendered":"http:\/\/www.atecordoba.org\/?p=6044"},"modified":"2020-06-09T15:43:04","modified_gmt":"2020-06-09T18:43:04","slug":"ate-estara-presente-en-la-marcha-niunamenos-que-se-realizara-hoy-a-las-17-horas","status":"publish","type":"post","link":"https:\/\/atecordoba.org\/?p=6044","title":{"rendered":"ATE estar\u00e1 presente en la marcha #Niunamenos que se realizar\u00e1 hoy a las 17 horas"},"content":{"rendered":"<p><em>Por iniciativa del Departamento de G\u00e9nero, el Consejo Directivo Provincial convoca a nuestros afiliados a la movilizaci\u00f3n contra la violencia de g\u00e9nero, en el marco de la campa\u00f1a #Niunamenos, que se llevar\u00e1 a cabo hoy 25 de noviembre. De esta forma ATE mantiene vigente su pol\u00edtica de lucha contra la violencia de g\u00e9nero que viene desarrollando con distintas iniciativas durante todo el 2015.<\/em><\/p>\n<p><a href=\"http:\/\/atecordoba.org\/wp-content\/uploads\/2020\/06\/ATE-ni-una-menos.png\"><img loading=\"lazy\" decoding=\"async\" class=\"aligncenter size-full wp-image-6045\" src=\"http:\/\/atecordoba.org\/wp-content\/uploads\/2020\/06\/ATE-ni-una-menos.png\" alt=\"ATE ni una menos\" width=\"359\" height=\"272\" \/><\/a><\/p>\n<p>Desde 1981 cada 25 de Noviembre se recuerda a las hermanas Patricia Minerva y Mar\u00eda Teresa Mirabel, activistas pol\u00edticas de la Rep\u00fablica dominicana, asesinadas por la dictadura de Rafael Trujillo. En 1999 la Asamblea General de la ONU declar\u00f3 el D\u00eda Internacional de la Eliminaci\u00f3n de la Violencia contra la Mujer.<\/p>\n<p>Las Naciones Unidas\u00a0 comienza una Campa\u00f1a de diecis\u00e9is (16) d\u00edas que comienza el 25 -11 hasta el \u00a0diez (10) de diciembre, siendo \u00e9ste el d\u00eda de los derechos Humanos. El fin es llamar la acci\u00f3n para poner fin a la violencia contra mujeres y ni\u00f1os.<\/p>\n<p>Por esto\u00a0 ATE vuelve a\u00a0 salir a las calles,\u00a0 ante la seguidilla de femicidios de los \u00faltimos meses en distintos puntos del pa\u00eds, para pedir la puesta en pr\u00e1ctica de la Ley de Emergencia y solicitar la respuesta org\u00e1nica y categ\u00f3rica de los estados en sus tres niveles.<\/p>\n<h4>\u00bfPor qu\u00e9 marchamos?<\/h4>\n<p>El pasado 3 de junio fuimos miles en las calles, pedimos medidas urgentes y obtuvimos respuestas, pero parciales. Necesitamos un compromiso serio.<\/p>\n<ul>\n<li>Porque logramos que nos escuchen y ahora queremos respuestas efectivas y pol\u00edticas coordinadas e integrales.<\/li>\n<li>Porque la violencia contra las mujeres es una cuesti\u00f3n de Estado y los gobiernos deben asumir responsabilidades urgentes.<\/li>\n<li>Porque empoderarnos como mujeres es la clave: desnaturalicemos las violencias cotidianas.<\/li>\n<li>Porque la violencia machista lesiona a todos los g\u00e9neros.<\/li>\n<li>Porque hacer visibles las violencias es un primer paso para sacarlas de la normalidad.<\/li>\n<li>Porque denunciar sin riesgo para la v\u00edctima es nuestro derecho.<\/li>\n<li>Porque el patriarcado no es otra cosa que la autoridad y la dominaci\u00f3n ancestral del hombre sobre la mujer y nos menosprecia a diario.<\/li>\n<li>Porque la violencia no es solo f\u00edsica: tambi\u00e9n marchamos para decir basta a la violencia psicol\u00f3gica, sexual, obst\u00e9trica, econ\u00f3mica, dom\u00e9stica y laboral. Basta de violencia simb\u00f3lica y medi\u00e1tica; basta a la violencia transg\u00e9nero; basta de cr\u00edmenes de odio contra lesbianas, gays, trans, bisexuales o intersex. Decimos s\u00ed a la diversidad, al respeto y al amor.<\/li>\n<li>Porque la violencia contra las mujeres es una violaci\u00f3n a los derechos humanos.<\/li>\n<li>Porque en lo que va del a\u00f1o 2015, murieron 207 mujeres v\u00edctimas de femicidios, seg\u00fan la Casa del Encuentro.<\/li>\n<li>Porque en C\u00f3rdoba, s\u00f3lo 6 de 18 femicidios fueron considerados como tales por la Justicia.<\/li>\n<\/ul>\n<h4>\u00bfQu\u00e9 reclamamos?<\/h4>\n<ul>\n<li>Exigimos nuevamente la <strong>declaraci\u00f3n de emergencia<\/strong> provincial y nacional.<\/li>\n<li>Exigimos nuevamente recursos, atenci\u00f3n y asesoramiento integral y gratuito para las mujeres v\u00edctimas de violencia, garantizando el acceso a la Justicia.<\/li>\n<li>Exigimos nuevamente capacitaci\u00f3n en perspectiva de g\u00e9nero para los funcionarios y agentes del Estado encargados de atender a las v\u00edctimas. As\u00ed como en todos los niveles de la educaci\u00f3n para generar pr\u00e1cticas de respeto en cada instancia de formaci\u00f3n y relaci\u00f3n entre las personas.<\/li>\n<li>Exigimos nuevamente la adhesi\u00f3n, reglamentaci\u00f3n y presupuesto acorde en la Provincia de C\u00f3rdoba de la Ley Nacional 26.845, de Protecci\u00f3n Integral a las Mujeres, con control participativo y democr\u00e1tico de ese presupuesto para su correcta aplicaci\u00f3n.<\/li>\n<li>Exigimos nuevamente la revisi\u00f3n y adecuaci\u00f3n de la Ley Provincial 9.283 de Violencia Familiar.<\/li>\n<li>Exigimos el cumplimiento efectivo de los derechos garantizados en la Ley Nacional 25.926 de Parto Respetado en hospitales p\u00fablicos y privados.<\/li>\n<li>Exigimos la coordinaci\u00f3n de los registros de violencia de g\u00e9nero y femicidios y publicaci\u00f3n peri\u00f3dica de estad\u00edsticas confiables.<\/li>\n<li>Exigimos el cumplimiento de los programas provinciales y nacionales que garanticen el derecho a la salud sexual y la procreaci\u00f3n responsable.<\/li>\n<li>Exigimos la aplicaci\u00f3n efectiva de la Ley 26.150 de Educaci\u00f3n Sexual Integral en todos los establecimientos educativos provinciales donde actualmente no se aplique.<\/li>\n<li>Exigimos al Tribunal Superior de Justicia de C\u00f3rdoba que se expida con urgencia y permita la aplicaci\u00f3n en los hospitales provinciales de la Gu\u00eda de Procedimiento para la Atenci\u00f3n de Pacientes que soliciten Pr\u00e1cticas de Aborto no Punibles, avalada por la Corte Suprema de Justicia de la Naci\u00f3n.<\/li>\n<\/ul>\n<p>&nbsp;<\/p>\n","protected":false},"excerpt":{"rendered":"<p>Por iniciativa del Departamento de G\u00e9nero, el Consejo Directivo Provincial convoca a nuestros afiliados a la movilizaci\u00f3n contra la violencia de g\u00e9nero, en el marco de la campa\u00f1a #Niunamenos, que se llevar\u00e1 a cabo hoy 25 de noviembre. De esta forma ATE mantiene vigente su pol\u00edtica de lucha contra la violencia de g\u00e9nero que viene [&hellip;]<\/p>\n","protected":false},"author":1,"featured_media":19220,"comment_status":"open","ping_status":"open","sticky":false,"template":"","format":"standard","meta":{"_exactmetrics_skip_tracking":false,"_exactmetrics_sitenote_active":false,"_exactmetrics_sitenote_note":"","_exactmetrics_sitenote_category":0,"jnews-multi-image_gallery":[],"jnews_single_post":[],"jnews_primary_category":[],"jnews_social_meta":[],"jnews_review":[],"enable_review":"","type":"","name":"","summary":"","brand":"","sku":"","good":[],"bad":[],"score_override":"","override_value":"","rating":[],"price":[],"jnews_override_counter":[],"jnews_post_split":[],"footnotes":""},"categories":[325],"tags":[],"class_list":["post-6044","post","type-post","status-publish","format-standard","has-post-thumbnail","hentry","category-generos-y-diversidades"],"jetpack_featured_media_url":"https:\/\/atecordoba.org\/wp-content\/uploads\/2020\/05\/logo-nuevochico-e1561581322808.png","_links":{"self":[{"href":"https:\/\/atecordoba.org\/index.php?rest_route=\/wp\/v2\/posts\/6044","targetHints":{"allow":["GET"]}}],"collection":[{"href":"https:\/\/atecordoba.org\/index.php?rest_route=\/wp\/v2\/posts"}],"about":[{"href":"https:\/\/atecordoba.org\/index.php?rest_route=\/wp\/v2\/types\/post"}],"author":[{"embeddable":true,"href":"https:\/\/atecordoba.org\/index.php?rest_route=\/wp\/v2\/users\/1"}],"replies":[{"embeddable":true,"href":"https:\/\/atecordoba.org\/index.php?rest_route=%2Fwp%2Fv2%2Fcomments&post=6044"}],"version-history":[{"count":1,"href":"https:\/\/atecordoba.org\/index.php?rest_route=\/wp\/v2\/posts\/6044\/revisions"}],"predecessor-version":[{"id":20022,"href":"https:\/\/atecordoba.org\/index.php?rest_route=\/wp\/v2\/posts\/6044\/revisions\/20022"}],"wp:featuredmedia":[{"embeddable":true,"href":"https:\/\/atecordoba.org\/index.php?rest_route=\/wp\/v2\/media\/19220"}],"wp:attachment":[{"href":"https:\/\/atecordoba.org\/index.php?rest_route=%2Fwp%2Fv2%2Fmedia&parent=6044"}],"wp:term":[{"taxonomy":"category","embeddable":true,"href":"https:\/\/atecordoba.org\/index.php?rest_route=%2Fwp%2Fv2%2Fcategories&post=6044"},{"taxonomy":"post_tag","embeddable":true,"href":"https:\/\/atecordoba.org\/index.php?rest_route=%2Fwp%2Fv2%2Ftags&post=6044"}],"curies":[{"name":"wp","href":"https:\/\/api.w.org\/{rel}","templated":true}]}}