{"id":6018,"date":"2015-11-17T21:14:48","date_gmt":"2015-11-18T00:14:48","guid":{"rendered":"http:\/\/www.atecordoba.org\/?p=6018"},"modified":"2015-11-17T21:14:48","modified_gmt":"2015-11-18T00:14:48","slug":"fiesta-militante-en-la-asuncion-de-la-nueva-cd-de-ate-cordoba","status":"publish","type":"post","link":"https:\/\/atecordoba.org\/?p=6018","title":{"rendered":"Fiesta militante en la asunci\u00f3n de la nueva CD de ATE C\u00f3rdoba"},"content":{"rendered":"<p><em>Con la presencia del secretario General de ATE nacional, los dirigentes de las tres seccionales y compa\u00f1eros de toda la provincia, la conducci\u00f3n elegida en C\u00f3rdoba el pasado dos de septiembre tom\u00f3 posesi\u00f3n de los cargos, encabezados por Mar\u00eda Liliana Salerno y Luis Barcena. Emotivos homenajes a Mar\u00eda Teresa Romero y Cacho Mengarelli. Asumi\u00f3 tambi\u00e9n el centro de Jubilados Provincial.<\/em><\/p>\n<p><a href=\"http:\/\/www.atecordoba.org\/wp-content\/uploads\/2015\/11\/ATE-Acto-de-Asunci\u00f3n-de-Autoridades-15-de-47-e1447804251974.jpg\"><img loading=\"lazy\" decoding=\"async\" class=\"aligncenter size-full wp-image-6019\" src=\"http:\/\/www.atecordoba.org\/wp-content\/uploads\/2015\/11\/ATE-Acto-de-Asunci\u00f3n-de-Autoridades-15-de-47-e1447804251974.jpg\" alt=\"ATE-Acto de Asunci\u00f3n de Autoridades (15 de 47)\" width=\"550\" height=\"367\" \/><\/a><\/p>\n<p>El sal\u00f3n de la mutual Mas, ubicado a una cuadra de la sede de nuestro Consejo Directivo provincial, se desbord\u00f3 de militantes a partir de las seis de la tarde de ayer, cuando se inici\u00f3 el acto de asunci\u00f3n de la nueva conducci\u00f3n provincial.<\/p>\n<p>En la oportunidad, estuvo presente el secretario General del Consejo Directivo nacional, Hugo Cachorro Godoy, acompa\u00f1ado<a href=\"http:\/\/www.atecordoba.org\/wp-content\/uploads\/2015\/11\/ATE-Acto-de-Asunci\u00f3n-de-Autoridades-33-de-47-e1447804390365.jpg\"><img loading=\"lazy\" decoding=\"async\" class=\" wp-image-6020 alignright\" src=\"http:\/\/www.atecordoba.org\/wp-content\/uploads\/2015\/11\/ATE-Acto-de-Asunci\u00f3n-de-Autoridades-33-de-47-e1447804390365.jpg\" alt=\"ATE-Acto de Asunci\u00f3n de Autoridades (33 de 47)\" width=\"393\" height=\"262\" \/><\/a> por dirigentes nacionales como Silvia Le\u00f3n y Marta Galante, entre otros. Tambi\u00e9n estuvieron presentes los secretarios Generales de las seccionales Villa Mar\u00eda, Fernando Mercado, R\u00edo Tercero, Cristian Colman, y R\u00edo Cuarto, Walter Avalos.<\/p>\n<p>Compa\u00f1eros de diversos sectores lucieron orgullosos sus pecheras y acompa\u00f1aron con aplausos y cantos un acto que dio el puntapi\u00e9 inicial a la nueva gesti\u00f3n, que sucede a Mar\u00eda Teresa Romero.<\/p>\n<p>Mar\u00eda Liliana Salerno se present\u00f3 formalmente ante el auditorio como nueva secretaria General de C\u00f3rdoba y agradeci\u00f3 a la militancia que logr\u00f3 que un 80% de los votantes eligieran la lista Verde Anusate para conducir los destinos de nuestra ATE por los pr\u00f3ximos cuatro a\u00f1os.<\/p>\n<p>\u201cA nuestro gremio le cuesta todo el doble porque no tenemos amistades en el gobierno. Ahora tenemos que crecer en la provincia, es fundamental. Sabemos que al expandirnos tendremos que formar a muchos m\u00e1s compa\u00f1eros, ahora tenemos la suerte que la secretaria de Formaci\u00f3n de la naci\u00f3n conoce perfectamente las necesidades de la provincia. M\u00e1s cuerpos de delegados, m\u00e1s juntas internas exigen focalizarnos en ese esfuerzo\u201d, lanz\u00f3 la dirigente en un mensaje de trabajo y compromiso de la gesti\u00f3n que se inicia.<\/p>\n<p><a href=\"http:\/\/www.atecordoba.org\/wp-content\/uploads\/2015\/11\/ATE-Acto-de-Asunci\u00f3n-de-Autoridades-9-de-13-e1447804442273.jpg\"><img loading=\"lazy\" decoding=\"async\" class=\"aligncenter size-full wp-image-6021\" src=\"http:\/\/www.atecordoba.org\/wp-content\/uploads\/2015\/11\/ATE-Acto-de-Asunci\u00f3n-de-Autoridades-9-de-13-e1447804442273.jpg\" alt=\"ATE-Acto de Asunci\u00f3n de Autoridades (9 de 13)\" width=\"550\" height=\"367\" \/><\/a><\/p>\n<p>Y emiti\u00f3 un claro mensaje pol\u00edtico en la coyuntura que atraviesa el pa\u00eds al se\u00f1alar que \u201cvengo de la cultura peronista y en el marco de esta disputa que nos tiene atentos sobre el destino del gobierno, es importante que cada trabajador vote a conciencia, tranquilo que gobierne quien gobierne, ATE es de los trabajadores\u201d.<\/p>\n<p><a href=\"http:\/\/www.atecordoba.org\/wp-content\/uploads\/2015\/11\/ATE-Acto-de-Asunci\u00f3n-de-Autoridades-31-de-47-e1447804474116.jpg\"><img loading=\"lazy\" decoding=\"async\" class=\" wp-image-6022 alignleft\" src=\"http:\/\/www.atecordoba.org\/wp-content\/uploads\/2015\/11\/ATE-Acto-de-Asunci\u00f3n-de-Autoridades-31-de-47-e1447804474116.jpg\" alt=\"ATE-Acto de Asunci\u00f3n de Autoridades (31 de 47)\" width=\"420\" height=\"282\" \/><\/a>La foto de presentaci\u00f3n de la conducci\u00f3n cordobesa ocup\u00f3 todo el escenario, integrado por todos los miembros de la Comisi\u00f3n Directiva elegida en la lista Verde Anusate.<\/p>\n<p>El acto dur\u00f3 algo m\u00e1s de dos horas y finaliz\u00f3 con el discurso de Godoy, auspiciando un fuerte crecimiento de ATE en C\u00f3rdoba y se\u00f1alando que \u201cnecesitamos a esta provincia para llegar a las 300 seccionales en todo el pa\u00eds\u201d.<\/p>\n<p><strong>Homenajes<\/strong><\/p>\n<p>Un momento muy emotivo se vivi\u00f3 cuando los compa\u00f1eros dieron a Oscar Cacho Mengarelli &#8211; hist\u00f3rico dirigente de nuestra provincia, secretario General del CDP por varios periodos, fundador de Anusate, junto a V\u00edctor de Gennaro, Germ\u00e1n Abdala y H\u00e9ctor Quagliaro entre otros, forjador de la CTA de la provincia, y secretario Adjunto del CDP en la \u00faltima gesti\u00f3n- una pechera enmarcada de la marcha grande que se realizara all\u00e1 por el 2001, cuando la CTA recorri\u00f3 el pa\u00eds en defensa del trabajo y la dignidad del pueblo.<\/p>\n<p><a href=\"http:\/\/www.atecordoba.org\/wp-content\/uploads\/2015\/11\/ATE-Acto-de-Asunci\u00f3n-de-Autoridades-4-de-10-e1447804562838.jpg\"><img loading=\"lazy\" decoding=\"async\" class=\"aligncenter size-full wp-image-6023\" src=\"http:\/\/www.atecordoba.org\/wp-content\/uploads\/2015\/11\/ATE-Acto-de-Asunci\u00f3n-de-Autoridades-4-de-10-e1447804562838.jpg\" alt=\"ATE-Acto de Asunci\u00f3n de Autoridades (4 de 10)\" width=\"550\" height=\"367\" \/><\/a><\/p>\n<p>No pod\u00eda elegirse mejor reconocimiento a un militante de todas las horas. Compa\u00f1eros como Soledad Garc\u00eda, Vitin Baronetto, junto a Guido Dreizik, secretario General de la CTA Provincia, \u00a0Francisco Pav\u00e1n de CTA Capital, entregaron el presente, que quedar\u00e1 en el coraz\u00f3n de nuestro querido compa\u00f1ero.<\/p>\n<p><a href=\"http:\/\/www.atecordoba.org\/wp-content\/uploads\/2015\/11\/ATE-Acto-de-Asunci\u00f3n-de-Autoridades-30-de-47-e1447804607305.jpg\"><img loading=\"lazy\" decoding=\"async\" class=\" wp-image-6024 alignright\" src=\"http:\/\/www.atecordoba.org\/wp-content\/uploads\/2015\/11\/ATE-Acto-de-Asunci\u00f3n-de-Autoridades-30-de-47-e1447804607305.jpg\" alt=\"ATE-Acto de Asunci\u00f3n de Autoridades (30 de 47)\" width=\"384\" height=\"256\" \/><\/a><\/p>\n<p>Su discurso de agradecimiento hizo un recorrido por aquellas viejas luchas reivindicativas, para terminar aleccionando que \u201csi el Cordobazo fue un grito de libertad de la clase trabajadora, mientras ATE est\u00e9 dispuesta a pegar ese grito el sue\u00f1o de la patria liberada es posible y no vamos a renunciar a ello\u201d.<\/p>\n<p>Tambi\u00e9n se homenaje\u00f3 a Mar\u00eda Teresa Romero, que desde la semana pasada es secretaria de Formaci\u00f3n del Consejo Nacional, una plaqueta reconoci\u00f3 su paso imborrable por la secretaria General de C\u00f3rdoba, que ve sus frutos en el salto que da la provincia para tener nuevamente un dirigente integrando la mesa nacional despu\u00e9s de muchos a\u00f1os, cuando estuvieron los compa\u00f1eros Zapata y Arroyo.<\/p>\n<p>Romero agradeci\u00f3 el apoyo de todos los compa\u00f1eros durante su gesti\u00f3n. \u201cUn abrazo inmenso a mis compa\u00f1eros de C\u00f3rdoba porque cuando a uno lo azota la angustia, cuando no sabemos para d\u00f3nde ir, cuando nos dicen que todo lo que hacemos est\u00e1 <a href=\"http:\/\/www.atecordoba.org\/wp-content\/uploads\/2015\/11\/ATE-Acto-de-Asunci\u00f3n-de-Autoridades-5-de-47-e1447804696304.jpg\"><img loading=\"lazy\" decoding=\"async\" class=\" wp-image-6025 alignleft\" src=\"http:\/\/www.atecordoba.org\/wp-content\/uploads\/2015\/11\/ATE-Acto-de-Asunci\u00f3n-de-Autoridades-5-de-47-e1447804696304.jpg\" alt=\"ATE-Acto de Asunci\u00f3n de Autoridades (5 de 47)\" width=\"353\" height=\"235\" \/><\/a>mal, en los momentos m\u00e1s duros y cruciales, nuestros compa\u00f1eros contundentemente nos dicen que trabajamos bien, que ese es el camino. Un abrazo inmenso a Mar\u00eda Liliana Salerno y Luis Barcena. Ahora que voy a Buenos Aires, aun cuando cuesta acostumbrarse, el cari\u00f1o que recibo de los compa\u00f1eros me convencen estamos bien, que vamos a poder trabajar y hacer lo que tenemos que hacer\u201d.<\/p>\n<p><strong>Discursos<\/strong><\/p>\n<p>Mar\u00eda Liliana Salerno record\u00f3 su identidad de fabriquera por pertenecer a la F\u00e1brica Militar de R\u00edo Tercero. \u201cVengo de Fabricaciones Militares, madre de la industria nacional, y sufrimos al igual que otros sectores sufrimos el achique y las privatizaciones. Eso empez\u00f3 con el primer gobierno de la democracia, cuando se iniciaron las prescindibilidades\u201d, se\u00f1al\u00f3.<\/p>\n<p><a href=\"http:\/\/www.atecordoba.org\/wp-content\/uploads\/2015\/11\/ATE-Acto-de-Asunci\u00f3n-de-Autoridades-6-de-10-e1447804765532.jpg\"><img loading=\"lazy\" decoding=\"async\" class=\"aligncenter size-full wp-image-6026\" src=\"http:\/\/www.atecordoba.org\/wp-content\/uploads\/2015\/11\/ATE-Acto-de-Asunci\u00f3n-de-Autoridades-6-de-10-e1447804765532.jpg\" alt=\"ATE-Acto de Asunci\u00f3n de Autoridades (6 de 10)\" width=\"550\" height=\"367\" \/><\/a><\/p>\n<p>\u201cDurante todos esos a\u00f1os de ajuste dimos la pelea que correspond\u00eda, tuvimos el mismo sufrimiento que el resto de los trabajadores pero nunca bajamos los brazos. Despu\u00e9s de 50 a\u00f1os de creada la \u00faltima f\u00e1brica militar en este pa\u00eds, hoy podemos festejar una planta nueva en Jachal, en la provincia de San Juan. No nos importa cu\u00e1l es el gobierno que da trabajo, que quede claro que no estamos en contra del medio ambiente y si en contra de la megaminer\u00eda pero este tema, como el de la energ\u00eda at\u00f3mica, queremos discutir como conducci\u00f3n donde corresponda oportunamente en el marco de los bienes comunes\u201d, afirm\u00f3.<\/p>\n<p><a href=\"http:\/\/www.atecordoba.org\/wp-content\/uploads\/2015\/11\/ATE-Acto-de-Asunci\u00f3n-de-Autoridades-2-de-47-e1447804818562.jpg\"><img loading=\"lazy\" decoding=\"async\" class=\" wp-image-6027 alignright\" src=\"http:\/\/www.atecordoba.org\/wp-content\/uploads\/2015\/11\/ATE-Acto-de-Asunci\u00f3n-de-Autoridades-2-de-47-e1447804818562.jpg\" alt=\"ATE-Acto de Asunci\u00f3n de Autoridades (2 de 47)\" width=\"375\" height=\"250\" \/><\/a><\/p>\n<p>Despu\u00e9s desgran\u00f3 el abordaje de la problem\u00e1tica que expresan los distintos sectores estatales representados en nuestra ATE. \u201cA nivel provincial, conseguimos el c\u00f3digo de descuento gracias a la conducci\u00f3n de Anusate, nos queda hacerlo en la Legislatura provincial donde no somos reconocidos. Hablamos de la cuota gremial para desarrollarnos en todo el territorio provincial\u201d.<\/p>\n<p>\u201cTenemos la suerte que los compa\u00f1eros municipales est\u00e1n recogiendo los frutos de tantos a\u00f1os de caminar. En el sur, la seccional de R\u00edo Cuarto hay una veintena de municipios que firman paritarias; en el norte hubo un fallo favorable en Cruz del Eje, al igual que en San Agust\u00edn. Esto genera que \u00faltimamente compa\u00f1eros de todos lados se ponen en contacto lo que significa que vamos por el buen rumbo y por eso pido que lo sepamos trabajar. Esta expansi\u00f3n sobre las municipalidades es muy importante, los fallos de la justicia son todos favorables para ATE\u201d, dijo Salerno.<\/p>\n<p><a href=\"http:\/\/www.atecordoba.org\/wp-content\/uploads\/2015\/11\/ATE-Acto-de-Asunci\u00f3n-de-Autoridades-9-de-47-e1447804868240.jpg\"><img loading=\"lazy\" decoding=\"async\" class=\" wp-image-6028 alignleft\" src=\"http:\/\/www.atecordoba.org\/wp-content\/uploads\/2015\/11\/ATE-Acto-de-Asunci\u00f3n-de-Autoridades-9-de-47-e1447804868240.jpg\" alt=\"ATE-Acto de Asunci\u00f3n de Autoridades (9 de 47)\" width=\"365\" height=\"243\" \/><\/a>Y agreg\u00f3: \u201cRespecto a los nacionales, siempre fuimos respetuosos de los usos y costumbres, porque sabemos lo que es la autonom\u00eda pero desde este Consejo Directivo Provincial queremos dar el debate sobre las juntas internas porque no les vamos a permitir a las juntas internas de capital federal que nos manejen los nacionales en esta provincia\u201d.<\/p>\n<p>Previamente, Luis Barcena, secretario Adjunto del CDP, destac\u00f3 el papel de la militancia en la elecci\u00f3n del pasado 2 de septiembre: \u201ctenemos que celebrar que logramos la s\u00edntesis para que todos los sectores pudieran integrar nuestra lista. Hay que destacar que en esta elecci\u00f3n no pudieron contra ATE a pesar de todos los intentos que realizaron. Pusieron toda la estructura del gobierno pero no pudieron quebrarnos, porque tenemos las convicciones bien firmes\u201d.<\/p>\n<p>En ese sentido, Barcena destac\u00f3 que esas convicciones se fundan en que \u201cpeleamos por el 82% m\u00f3vil, por los compa\u00f1eros precarizados, esa forma de esclavitud que existe en los municipios del interior provincial, que le pagan la verg\u00fcenza de 800 o 1000 pesos al mes. \u00a0Y digno es ese trabajador que contin\u00faa haciendo su tarea\u201d.<\/p>\n<p><a href=\"http:\/\/www.atecordoba.org\/wp-content\/uploads\/2015\/11\/ATE-Acto-de-Asunci\u00f3n-de-Autoridades-32-de-47-e1447804923171.jpg\"><img loading=\"lazy\" decoding=\"async\" class=\"aligncenter size-full wp-image-6029\" src=\"http:\/\/www.atecordoba.org\/wp-content\/uploads\/2015\/11\/ATE-Acto-de-Asunci\u00f3n-de-Autoridades-32-de-47-e1447804923171.jpg\" alt=\"ATE-Acto de Asunci\u00f3n de Autoridades (32 de 47)\" width=\"550\" height=\"367\" \/><\/a><\/p>\n<p>Y remarc\u00f3 la necesidad de \u201cmilitar mucho m\u00e1s para extendernos desde el norte al sur de la provincia. Tenemos el compromiso de involucrarnos, no solo por solidaridad sino por la convicci\u00f3n de que nos merecemos una vida digna\u201d.<\/p>\n<p>Finalmente, el compa\u00f1ero Hugo Godoy tom\u00f3 el micr\u00f3fono para declarar la alegr\u00eda de participar de un a\u00f1o \u201ctan cargado de militancia. Estamos muy felices, acompa\u00f1ando la asunci\u00f3n de las nuevas autoridades de ATE en todo el pa\u00eds\u201d.<\/p>\n<p><a href=\"http:\/\/www.atecordoba.org\/wp-content\/uploads\/2015\/11\/ATE-Acto-de-Asunci\u00f3n-de-Autoridades-44-de-47-e1447804986804.jpg\"><img loading=\"lazy\" decoding=\"async\" class=\"aligncenter size-full wp-image-6030\" src=\"http:\/\/www.atecordoba.org\/wp-content\/uploads\/2015\/11\/ATE-Acto-de-Asunci\u00f3n-de-Autoridades-44-de-47-e1447804986804.jpg\" alt=\"ATE-Acto de Asunci\u00f3n de Autoridades (44 de 47)\" width=\"550\" height=\"367\" \/><\/a><\/p>\n<p>\u201cEl s\u00e1bado estuvimos en Rosario, el viernes en Entre R\u00edos, ma\u00f1ana en La Plata. Y C\u00f3rdoba adquiere una relevancia fundamental, ingresando en una etapa de gran crecimiento. El triunfo de haber logrado el reconocimiento pleno de la representaci\u00f3n sindical en el \u00e1mbito provincial seguramente va a posibilitar un estallido de afiliaciones, tanto en el \u00e1mbito provincial como municipal\u201d, asegur\u00f3 el dirigente.<\/p>\n<p><a href=\"http:\/\/www.atecordoba.org\/wp-content\/uploads\/2015\/11\/ATE-Acto-de-Asunci\u00f3n-de-Autoridades-47-de-47-e1447805028843.jpg\"><img loading=\"lazy\" decoding=\"async\" class=\"aligncenter size-full wp-image-6031\" src=\"http:\/\/www.atecordoba.org\/wp-content\/uploads\/2015\/11\/ATE-Acto-de-Asunci\u00f3n-de-Autoridades-47-de-47-e1447805028843.jpg\" alt=\"ATE-Acto de Asunci\u00f3n de Autoridades (47 de 47)\" width=\"550\" height=\"367\" \/><\/a><\/p>\n<p>Durante su discurso, Godoy describi\u00f3 la una etapa que se viene como un momento en que, \u00a0representando a los trabajadores del Estado nacional \u201cse plantea pulsear con el futuro presidente por los derechos de los estatales, para que las paritarias nacionales vuelvan a ser reales y no s\u00f3lo una formalidad. Eso va a depender en gran parte del protagonismo de los trabajadores\u201d.<\/p>\n<p>Y afirm\u00f3: \u201cAqu\u00ed en C\u00f3rdoba hay una experiencia extraordinaria en ese sentido y estoy seguro de poder contar con toda esa energ\u00eda y el entusiasmo de la militancia y de los trabajadores estatales cordobeses. Si hay derechos que debemos recuperar ser\u00e1n fundamentalmente en el \u00e1mbito provincial y municipal: a convenciones colectivas, a la asignaci\u00f3n universal por hijo para <a href=\"http:\/\/www.atecordoba.org\/wp-content\/uploads\/2015\/11\/ATE-Acto-de-Asunci\u00f3n-de-Autoridades-3-de-47-e1447805092266.jpg\"><img loading=\"lazy\" decoding=\"async\" class=\" wp-image-6032 alignleft\" src=\"http:\/\/www.atecordoba.org\/wp-content\/uploads\/2015\/11\/ATE-Acto-de-Asunci\u00f3n-de-Autoridades-3-de-47-e1447805092266.jpg\" alt=\"ATE-Acto de Asunci\u00f3n de Autoridades (3 de 47)\" width=\"363\" height=\"242\" \/><\/a>que alcance a los hijos de los estatales, de ser respetado el salario m\u00ednimo, vital y m\u00f3vil como piso de los municipales y provinciales. En ese sentido, dimos un paso fundamental en la Comisi\u00f3n de Asuntos Laborales de la C\u00e1mara de Diputados al aprobarse por unanimidad el proyecto que presentamos desde ATE abre una perspectiva de construcci\u00f3n y de nuevos pisos de derechos para los trabajadores estatales\u201d.<\/p>\n<p>Para finalizar, en otro p\u00e1rrafo de su alocuci\u00f3n, Godoy destac\u00f3 que \u201cla asunci\u00f3n de Mar\u00eda Liliana Salerno y Luis Barcena, respaldados por la presencia de Mar\u00eda Teresa Romero en el nuevo equipo de conducci\u00f3n nacional, que para m\u00ed es una incorporaci\u00f3n de gran importancia, abre una etapa de crecimiento cuantitativo y cualitativo en C\u00f3rdoba y desde ac\u00e1 para todo el pa\u00eds\u201d.<\/p>\n<p>El acto finaliz\u00f3 con un brindis fraterno donde estuvieron presentes compa\u00f1eros de organizaciones hermanas como el Cispren, bajo la presencia de su secretario General, Carlos Valduvino, y el Gremial, Esteban Liendo, y distintos integrantes de nuestra<a href=\"http:\/\/www.atecordoba.org\/wp-content\/uploads\/2015\/11\/ATE-Acto-de-Asunci\u00f3n-de-Autoridades-6-de-47-e1447805146793.jpg\"><img loading=\"lazy\" decoding=\"async\" class=\"wp-image-6033 alignright\" src=\"http:\/\/www.atecordoba.org\/wp-content\/uploads\/2015\/11\/ATE-Acto-de-Asunci\u00f3n-de-Autoridades-6-de-47-e1447805146793.jpg\" alt=\"ATE-Acto de Asunci\u00f3n de Autoridades (6 de 47)\" width=\"379\" height=\"253\" \/><\/a> CTA y de organizaciones que pelean d\u00eda a d\u00eda en las calles la disputa por mejorar la vida de los trabajadores.<\/p>\n<p><strong>Jubilados<\/strong><\/p>\n<p>Tambi\u00e9n asumi\u00f3 el Centro de Jubilados de la Provincia, encabezado por la compa\u00f1era Carmen Neder, que dio un discurso donde se comprometi\u00f3 a redoblar los esfuerzos para mejorar los servicios que brinda el organismo y pelear al mismo tiempo por los derechos vulnerados de los compa\u00f1eros jubilados.<\/p>\n<p>Estuvo acompa\u00f1ada por las compa\u00f1eras jubiladas Lidia Mesa y Olivia Ruiz, que trajeron el saludo de la mesa nacional de jubilados y de la provincia de Buenos Aires.<\/p>\n<p><a href=\"http:\/\/www.atecordoba.org\/wp-content\/uploads\/2015\/11\/ATE-Acto-de-Asunci\u00f3n-de-Autoridades-29-de-47-e1447805219313.jpg\"><img loading=\"lazy\" decoding=\"async\" class=\"aligncenter size-full wp-image-6034\" src=\"http:\/\/www.atecordoba.org\/wp-content\/uploads\/2015\/11\/ATE-Acto-de-Asunci\u00f3n-de-Autoridades-29-de-47-e1447805219313.jpg\" alt=\"ATE-Acto de Asunci\u00f3n de Autoridades (29 de 47)\" width=\"550\" height=\"367\" \/><\/a><\/p>\n<p><a href=\"http:\/\/www.atecordoba.org\/wp-content\/uploads\/2015\/11\/ATE-Acto-de-Asunci\u00f3n-de-Autoridades-10-de-13-e1447805259598.jpg\"><img loading=\"lazy\" decoding=\"async\" class=\"aligncenter size-full wp-image-6035\" src=\"http:\/\/www.atecordoba.org\/wp-content\/uploads\/2015\/11\/ATE-Acto-de-Asunci\u00f3n-de-Autoridades-10-de-13-e1447805259598.jpg\" alt=\"ATE-Acto de Asunci\u00f3n de Autoridades (10 de 13)\" width=\"550\" height=\"367\" \/><\/a><\/p>\n<p><a href=\"http:\/\/www.atecordoba.org\/wp-content\/uploads\/2015\/11\/ATE-Acto-de-Asunci\u00f3n-de-Autoridades-7-de-10-e1447805298303.jpg\"><img loading=\"lazy\" decoding=\"async\" class=\"aligncenter size-full wp-image-6036\" src=\"http:\/\/www.atecordoba.org\/wp-content\/uploads\/2015\/11\/ATE-Acto-de-Asunci\u00f3n-de-Autoridades-7-de-10-e1447805298303.jpg\" alt=\"ATE-Acto de Asunci\u00f3n de Autoridades (7 de 10)\" width=\"550\" height=\"414\" \/><\/a><\/p>\n<p><a href=\"http:\/\/www.atecordoba.org\/wp-content\/uploads\/2015\/11\/ATE-Acto-de-Asunci\u00f3n-de-Autoridades-7-de-13-e1447805345937.jpg\"><img loading=\"lazy\" decoding=\"async\" class=\"aligncenter size-full wp-image-6037\" src=\"http:\/\/www.atecordoba.org\/wp-content\/uploads\/2015\/11\/ATE-Acto-de-Asunci\u00f3n-de-Autoridades-7-de-13-e1447805345937.jpg\" alt=\"ATE-Acto de Asunci\u00f3n de Autoridades (7 de 13)\" width=\"550\" height=\"367\" \/><\/a><\/p>\n<p><a href=\"http:\/\/www.atecordoba.org\/wp-content\/uploads\/2015\/11\/ATE-Acto-de-Asunci\u00f3n-de-Autoridades-5-de-10-e1447805404391.jpg\"><img loading=\"lazy\" decoding=\"async\" class=\"aligncenter size-full wp-image-6038\" src=\"http:\/\/www.atecordoba.org\/wp-content\/uploads\/2015\/11\/ATE-Acto-de-Asunci\u00f3n-de-Autoridades-5-de-10-e1447805404391.jpg\" alt=\"ATE-Acto de Asunci\u00f3n de Autoridades (5 de 10)\" width=\"550\" height=\"367\" \/><\/a><\/p>\n<p><a href=\"http:\/\/www.atecordoba.org\/wp-content\/uploads\/2015\/11\/ATE-Acto-de-Asunci\u00f3n-de-Autoridades-27-de-47-e1447805447562.jpg\"><img loading=\"lazy\" decoding=\"async\" class=\"aligncenter size-full wp-image-6039\" src=\"http:\/\/www.atecordoba.org\/wp-content\/uploads\/2015\/11\/ATE-Acto-de-Asunci\u00f3n-de-Autoridades-27-de-47-e1447805447562.jpg\" alt=\"ATE-Acto de Asunci\u00f3n de Autoridades (27 de 47)\" width=\"550\" height=\"367\" \/><\/a><\/p>\n<p><a href=\"http:\/\/www.atecordoba.org\/wp-content\/uploads\/2015\/11\/ATE-Acto-de-Asunci\u00f3n-de-Autoridades-1-de-10-e1447805508176.jpg\"><img loading=\"lazy\" decoding=\"async\" class=\"aligncenter size-full wp-image-6040\" src=\"http:\/\/www.atecordoba.org\/wp-content\/uploads\/2015\/11\/ATE-Acto-de-Asunci\u00f3n-de-Autoridades-1-de-10-e1447805508176.jpg\" alt=\"ATE-Acto de Asunci\u00f3n de Autoridades (1 de 10)\" width=\"550\" height=\"367\" \/><\/a><\/p>\n<p><a href=\"http:\/\/www.atecordoba.org\/wp-content\/uploads\/2015\/11\/ATE-Acto-de-Asunci\u00f3n-de-Autoridades-16-de-47-e1447805546352.jpg\"><img loading=\"lazy\" decoding=\"async\" class=\"aligncenter size-full wp-image-6041\" src=\"http:\/\/www.atecordoba.org\/wp-content\/uploads\/2015\/11\/ATE-Acto-de-Asunci\u00f3n-de-Autoridades-16-de-47-e1447805546352.jpg\" alt=\"ATE-Acto de Asunci\u00f3n de Autoridades (16 de 47)\" width=\"550\" height=\"367\" \/><\/a><\/p>\n<p>&nbsp;<\/p>\n","protected":false},"excerpt":{"rendered":"<p>Con la presencia del secretario General de ATE nacional, los dirigentes de las tres seccionales y compa\u00f1eros de toda la provincia, la conducci\u00f3n elegida en C\u00f3rdoba el pasado dos de septiembre tom\u00f3 posesi\u00f3n de los cargos, encabezados por Mar\u00eda Liliana Salerno y Luis Barcena. Emotivos homenajes a Mar\u00eda Teresa Romero y Cacho Mengarelli. Asumi\u00f3 tambi\u00e9n [&hellip;]<\/p>\n","protected":false},"author":1,"featured_media":19220,"comment_status":"open","ping_status":"open","sticky":false,"template":"","format":"standard","meta":{"_exactmetrics_skip_tracking":false,"_exactmetrics_sitenote_active":false,"_exactmetrics_sitenote_note":"","_exactmetrics_sitenote_category":0,"jnews-multi-image_gallery":[],"jnews_single_post":[],"jnews_primary_category":[],"jnews_social_meta":[],"jnews_review":[],"enable_review":"","type":"","name":"","summary":"","brand":"","sku":"","good":[],"bad":[],"score_override":"","override_value":"","rating":[],"price":[],"jnews_override_counter":[],"jnews_post_split":[],"footnotes":""},"categories":[1],"tags":[],"class_list":["post-6018","post","type-post","status-publish","format-standard","has-post-thumbnail","hentry","category-sin-categoria"],"jetpack_featured_media_url":"https:\/\/atecordoba.org\/wp-content\/uploads\/2020\/05\/logo-nuevochico-e1561581322808.png","_links":{"self":[{"href":"https:\/\/atecordoba.org\/index.php?rest_route=\/wp\/v2\/posts\/6018","targetHints":{"allow":["GET"]}}],"collection":[{"href":"https:\/\/atecordoba.org\/index.php?rest_route=\/wp\/v2\/posts"}],"about":[{"href":"https:\/\/atecordoba.org\/index.php?rest_route=\/wp\/v2\/types\/post"}],"author":[{"embeddable":true,"href":"https:\/\/atecordoba.org\/index.php?rest_route=\/wp\/v2\/users\/1"}],"replies":[{"embeddable":true,"href":"https:\/\/atecordoba.org\/index.php?rest_route=%2Fwp%2Fv2%2Fcomments&post=6018"}],"version-history":[{"count":0,"href":"https:\/\/atecordoba.org\/index.php?rest_route=\/wp\/v2\/posts\/6018\/revisions"}],"wp:featuredmedia":[{"embeddable":true,"href":"https:\/\/atecordoba.org\/index.php?rest_route=\/wp\/v2\/media\/19220"}],"wp:attachment":[{"href":"https:\/\/atecordoba.org\/index.php?rest_route=%2Fwp%2Fv2%2Fmedia&parent=6018"}],"wp:term":[{"taxonomy":"category","embeddable":true,"href":"https:\/\/atecordoba.org\/index.php?rest_route=%2Fwp%2Fv2%2Fcategories&post=6018"},{"taxonomy":"post_tag","embeddable":true,"href":"https:\/\/atecordoba.org\/index.php?rest_route=%2Fwp%2Fv2%2Ftags&post=6018"}],"curies":[{"name":"wp","href":"https:\/\/api.w.org\/{rel}","templated":true}]}}