{"id":6008,"date":"2015-11-12T20:07:14","date_gmt":"2015-11-12T23:07:14","guid":{"rendered":"http:\/\/www.atecordoba.org\/?p=6008"},"modified":"2015-11-12T20:07:14","modified_gmt":"2015-11-12T23:07:14","slug":"en-defensa-propia-taller-de-capacitacion-sobre-la-legalidad-de-ate-en-la-unc","status":"publish","type":"post","link":"https:\/\/atecordoba.org\/?p=6008","title":{"rendered":"En defensa propia: taller de capacitaci\u00f3n sobre la legalidad de ATE en la UNC"},"content":{"rendered":"<p><em>Debido al hostigamiento permanente que las autoridades de la Universidad Nacional de C\u00f3rdoba someten a delegados y afiliados, el Consejo Directivo Provincial (CDP) llev\u00f3 a cabo la semana pasada un taller de capacitaci\u00f3n sobre la legalidad y el \u00e1mbito de representaci\u00f3n de ATE en el sector, a cargo de nuestros abogados Mar\u00eda Terragno y Eugenio Biafore.\u00a0<\/em><\/p>\n<p><a href=\"http:\/\/www.atecordoba.org\/wp-content\/uploads\/2015\/11\/DSC_0103-e1447369523460.jpg\"><img loading=\"lazy\" decoding=\"async\" class=\"aligncenter size-full wp-image-6009\" src=\"http:\/\/www.atecordoba.org\/wp-content\/uploads\/2015\/11\/DSC_0103-e1447369523460.jpg\" alt=\"DSC_0103\" width=\"550\" height=\"309\" \/><\/a><\/p>\n<p>Un importante grupo de compa\u00f1eros no docentes de distintas dependencias y unidades acad\u00e9micas de la Universidad Nacional de C\u00f3rdoba participaron el mi\u00e9rcoles 4 de noviembre en una capacitaci\u00f3n sobre los aspectos legales que avalan el \u00e1mbito de representaci\u00f3n de ATE en la casa de estudios.<\/p>\n<p>El taller se llev\u00f3 a cabo para brindar herramientas\u00a0legales a los compa\u00f1eros frente al hostigamiento\u00a0\u00a0de las autoridades de la UNC, que pretenden desconocer la representaci\u00f3n de ATE.\u00a0&#8220;Resolvimos juntarnos para que los afiliados sepan con claridad que tenemos legalidad y que debemos salir a hacer valer nuestros derechos como sindicato en la universidad, m\u00e1s all\u00e1 de los que digan las autoridades. Esa actitud\u00a0de la UNC no es ni m\u00e1s ni menos que negarles\u00a0a los trabajadores el derecho constitucional a elegir qu\u00e9 gremio los representa mejor. Evidentemente el crecimiento en la afiliaciones que tiene ATE demuestra que nos est\u00e1n eligiendo m\u00e1s compa\u00f1eros de los que a las autoridades les gustar\u00eda&#8221;, explic\u00f3 Francisco Pavan, prosecretario Gremial del CDP.<\/p>\n<p>Y agrego: &#8220;\u00bfSer\u00e1 porque denunciamos la precarizaci\u00f3n laboral que los trabajadores sufren de manera generalizada o\u00a0la falta de reconocimiento de la funci\u00f3n real que desempe\u00f1an los compa\u00f1eros?&#8221;.<\/p>\n<p><a href=\"http:\/\/www.atecordoba.org\/wp-content\/uploads\/2015\/11\/DSC_0109-e1447369557386.jpg\"><img loading=\"lazy\" decoding=\"async\" class=\"aligncenter size-full wp-image-6010\" src=\"http:\/\/www.atecordoba.org\/wp-content\/uploads\/2015\/11\/DSC_0109-e1447369557386.jpg\" alt=\"DSC_0109\" width=\"550\" height=\"309\" \/><\/a><\/p>\n<p>Nuestros abogados Terragno y Biafore desarrollaron los conceptos legales de representaci\u00f3n sindical, el papel del delegado ante los trabajadores, las sentencias de la Corte Suprema y los antecedentes que llevaron al reconocimiento de ATE en la provincia de C\u00f3rdoba.<\/p>\n<p>Tambi\u00e9n se destac\u00f3 la incoherencia de los planteos para no reconocer a ATE en el sistema universitario nacional. Por ejemplo, en la Universidad Nacional de Quilmes o en caso de la Universidad Nacional del Arte (entre otros) ATE es el gremio mayoritario y el \u00fanico con personer\u00eda gremial, las autoridades\u00a0tambi\u00e9n niegan la representaci\u00f3n de nuestro gremio, dando cuenta que ciertos funcionarios se sienten m\u00e1s c\u00f3modos con gremios &#8220;amigos&#8221;.<\/p>\n<p>&#8220;Salimos fortalecidos de este taller, m\u00e1s convencidos que nunca de que muchas veces quieren envolver a los compa\u00f1eros con enga\u00f1os para evitar que nos organicemos. Pero que nadie tenga dudas que este es un camino que elegimos de manera colectiva y vamos a mantener&#8221;, cerr\u00f3 Marcelo Ludue\u00f1a, trabajador no docente y vocal del CDP.<\/p>\n","protected":false},"excerpt":{"rendered":"<p>Debido al hostigamiento permanente que las autoridades de la Universidad Nacional de C\u00f3rdoba someten a delegados y afiliados, el Consejo Directivo Provincial (CDP) llev\u00f3 a cabo la semana pasada un taller de capacitaci\u00f3n sobre la legalidad y el \u00e1mbito de representaci\u00f3n de ATE en el sector, a cargo de nuestros abogados Mar\u00eda Terragno y Eugenio [&hellip;]<\/p>\n","protected":false},"author":1,"featured_media":19220,"comment_status":"open","ping_status":"open","sticky":false,"template":"","format":"standard","meta":{"_exactmetrics_skip_tracking":false,"_exactmetrics_sitenote_active":false,"_exactmetrics_sitenote_note":"","_exactmetrics_sitenote_category":0,"jnews-multi-image_gallery":[],"jnews_single_post":[],"jnews_primary_category":[],"jnews_social_meta":[],"jnews_review":[],"enable_review":"","type":"","name":"","summary":"","brand":"","sku":"","good":[],"bad":[],"score_override":"","override_value":"","rating":[],"price":[],"jnews_override_counter":[],"jnews_post_split":[],"footnotes":""},"categories":[89],"tags":[],"class_list":["post-6008","post","type-post","status-publish","format-standard","has-post-thumbnail","hentry","category-unc"],"jetpack_featured_media_url":"https:\/\/atecordoba.org\/wp-content\/uploads\/2020\/05\/logo-nuevochico-e1561581322808.png","_links":{"self":[{"href":"https:\/\/atecordoba.org\/index.php?rest_route=\/wp\/v2\/posts\/6008","targetHints":{"allow":["GET"]}}],"collection":[{"href":"https:\/\/atecordoba.org\/index.php?rest_route=\/wp\/v2\/posts"}],"about":[{"href":"https:\/\/atecordoba.org\/index.php?rest_route=\/wp\/v2\/types\/post"}],"author":[{"embeddable":true,"href":"https:\/\/atecordoba.org\/index.php?rest_route=\/wp\/v2\/users\/1"}],"replies":[{"embeddable":true,"href":"https:\/\/atecordoba.org\/index.php?rest_route=%2Fwp%2Fv2%2Fcomments&post=6008"}],"version-history":[{"count":0,"href":"https:\/\/atecordoba.org\/index.php?rest_route=\/wp\/v2\/posts\/6008\/revisions"}],"wp:featuredmedia":[{"embeddable":true,"href":"https:\/\/atecordoba.org\/index.php?rest_route=\/wp\/v2\/media\/19220"}],"wp:attachment":[{"href":"https:\/\/atecordoba.org\/index.php?rest_route=%2Fwp%2Fv2%2Fmedia&parent=6008"}],"wp:term":[{"taxonomy":"category","embeddable":true,"href":"https:\/\/atecordoba.org\/index.php?rest_route=%2Fwp%2Fv2%2Fcategories&post=6008"},{"taxonomy":"post_tag","embeddable":true,"href":"https:\/\/atecordoba.org\/index.php?rest_route=%2Fwp%2Fv2%2Ftags&post=6008"}],"curies":[{"name":"wp","href":"https:\/\/api.w.org\/{rel}","templated":true}]}}