{"id":6004,"date":"2015-11-12T19:00:22","date_gmt":"2015-11-12T22:00:22","guid":{"rendered":"http:\/\/www.atecordoba.org\/?p=6004"},"modified":"2015-11-12T19:00:22","modified_gmt":"2015-11-12T22:00:22","slug":"avance-hacia-el-salario-minimo-para-todos-los-estatales","status":"publish","type":"post","link":"https:\/\/atecordoba.org\/?p=6004","title":{"rendered":"Avance hacia el salario m\u00ednimo para todos los estatales"},"content":{"rendered":"<p><em>La Comisi\u00f3n de Legislaci\u00f3n Laboral de la C\u00e1mara de Diputados de la Naci\u00f3n aprob\u00f3 hoy por unanimidad un dictamen que aprueba un <a href=\"http:\/\/www.hcdn.gob.ar\/proyectos\/proyecto.jsp?id=180603\" target=\"_blank\" rel=\"noopener noreferrer\">proyecto del diputado V\u00edctor De Gennaro<\/a>. La iniciativa impedir\u00e1 que los trabajadores y trabajadoras provinciales y municipales encuadrados en la Ley de Contrato de Trabajo perciban un salario inferior al m\u00ednimo, vital y m\u00f3vil establecido por el gobierno nacional.<\/em><\/p>\n<p><a href=\"http:\/\/www.atecordoba.org\/wp-content\/uploads\/2015\/11\/Victor-De-Gennaro-e1447365588934.jpg\"><img loading=\"lazy\" decoding=\"async\" class=\"aligncenter size-full wp-image-6005\" src=\"http:\/\/www.atecordoba.org\/wp-content\/uploads\/2015\/11\/Victor-De-Gennaro-e1447365588934.jpg\" alt=\"Victor-De-Gennaro\" width=\"550\" height=\"368\" \/><\/a><\/p>\n<p>El proyecto busca modificar el art\u00edculo 140 de a la <a href=\"http:\/\/infoleg.mecon.gov.ar\/infolegInternet\/anexos\/0-4999\/412\/texact.htm\" target=\"_blank\" rel=\"noopener noreferrer\">Ley 24013, de Protecci\u00f3n del Trabajo<\/a>.\u00a0El nuevo texto establece que \u201ctodos los trabajadores comprendidos en la Ley de Contrato de Trabajo (t.o. 1976), de la Administraci\u00f3n P\u00fablica Nacional, Provincial y Municipal y de todas las entidades y organismos en que el Estado nacional, provincial o municipal act\u00fae como empleador, tendr\u00e1n derecho a percibir una remuneraci\u00f3n no inferior al salario m\u00ednimo, vital y m\u00f3vil que se establezca de conformidad a lo preceptuado en esta ley\u201d.<\/p>\n<p>De aprobarse esta ley, el cambio m\u00e1s importante es que la nueva redacci\u00f3n incluir\u00e1 a los trabajadores y las trabajadoras de las administraciones provinciales y municipales, ya que hasta ahora s\u00f3lo se refer\u00eda a aquellos que se desempe\u00f1an en la Administraci\u00f3n P\u00fablica Nacional. Esto implica el reconocimiento de que en muchas de esas dependencias se cobra menos que el salario m\u00ednimo, vital y m\u00f3vil, que hoy es de $4716 y que el primero de enero pasar\u00e1 a ser de $6060.<a href=\"http:\/\/aterosario.org.ar\/wp-content\/uploads\/2015\/11\/Victor-De-Gennaro.jpg?aa95ea\"><br \/>\n<\/a><\/p>\n<p>El proyecto originario de De Gennaro\u00a0establec\u00eda cambios tambi\u00e9n en los art\u00edculos 136 y 139 de la Ley 24013, que los legisladores del Frente para la Victoria no quisieron avalar.<\/p>\n","protected":false},"excerpt":{"rendered":"<p>La Comisi\u00f3n de Legislaci\u00f3n Laboral de la C\u00e1mara de Diputados de la Naci\u00f3n aprob\u00f3 hoy por unanimidad un dictamen que aprueba un proyecto del diputado V\u00edctor De Gennaro. La iniciativa impedir\u00e1 que los trabajadores y trabajadoras provinciales y municipales encuadrados en la Ley de Contrato de Trabajo perciban un salario inferior al m\u00ednimo, vital y [&hellip;]<\/p>\n","protected":false},"author":1,"featured_media":19220,"comment_status":"open","ping_status":"open","sticky":false,"template":"","format":"standard","meta":{"_exactmetrics_skip_tracking":false,"_exactmetrics_sitenote_active":false,"_exactmetrics_sitenote_note":"","_exactmetrics_sitenote_category":0,"jnews-multi-image_gallery":[],"jnews_single_post":[],"jnews_primary_category":[],"jnews_social_meta":[],"jnews_review":[],"enable_review":"","type":"","name":"","summary":"","brand":"","sku":"","good":[],"bad":[],"score_override":"","override_value":"","rating":[],"price":[],"jnews_override_counter":[],"jnews_post_split":[],"footnotes":""},"categories":[1],"tags":[],"class_list":["post-6004","post","type-post","status-publish","format-standard","has-post-thumbnail","hentry","category-sin-categoria"],"jetpack_featured_media_url":"https:\/\/atecordoba.org\/wp-content\/uploads\/2020\/05\/logo-nuevochico-e1561581322808.png","_links":{"self":[{"href":"https:\/\/atecordoba.org\/index.php?rest_route=\/wp\/v2\/posts\/6004","targetHints":{"allow":["GET"]}}],"collection":[{"href":"https:\/\/atecordoba.org\/index.php?rest_route=\/wp\/v2\/posts"}],"about":[{"href":"https:\/\/atecordoba.org\/index.php?rest_route=\/wp\/v2\/types\/post"}],"author":[{"embeddable":true,"href":"https:\/\/atecordoba.org\/index.php?rest_route=\/wp\/v2\/users\/1"}],"replies":[{"embeddable":true,"href":"https:\/\/atecordoba.org\/index.php?rest_route=%2Fwp%2Fv2%2Fcomments&post=6004"}],"version-history":[{"count":0,"href":"https:\/\/atecordoba.org\/index.php?rest_route=\/wp\/v2\/posts\/6004\/revisions"}],"wp:featuredmedia":[{"embeddable":true,"href":"https:\/\/atecordoba.org\/index.php?rest_route=\/wp\/v2\/media\/19220"}],"wp:attachment":[{"href":"https:\/\/atecordoba.org\/index.php?rest_route=%2Fwp%2Fv2%2Fmedia&parent=6004"}],"wp:term":[{"taxonomy":"category","embeddable":true,"href":"https:\/\/atecordoba.org\/index.php?rest_route=%2Fwp%2Fv2%2Fcategories&post=6004"},{"taxonomy":"post_tag","embeddable":true,"href":"https:\/\/atecordoba.org\/index.php?rest_route=%2Fwp%2Fv2%2Ftags&post=6004"}],"curies":[{"name":"wp","href":"https:\/\/api.w.org\/{rel}","templated":true}]}}