{"id":5995,"date":"2015-11-10T16:04:13","date_gmt":"2015-11-10T19:04:13","guid":{"rendered":"http:\/\/www.atecordoba.org\/?p=5995"},"modified":"2015-11-10T16:04:13","modified_gmt":"2015-11-10T19:04:13","slug":"precarizacion-un-vicio-neoliberal-que-se-acrecienta","status":"publish","type":"post","link":"https:\/\/atecordoba.org\/?p=5995","title":{"rendered":"Precarizaci\u00f3n: un vicio neoliberal que se acrecienta"},"content":{"rendered":"<p><em>Desde 2002 hasta diciembre de 2014, el porcentaje de trabajadores que no est\u00e1 en planta permanente sino contratado en el Estado nacional pas\u00f3 del 6,3% al 17,1%. El dato surge de la Oficina Nacional de Presupuesto y el INDEC, dependientes del Ministerio de Econom\u00eda. Son alrededor de 70 mil trabajadores cuyos contratos vencen el 31 de diciembre pr\u00f3ximo.<\/em><\/p>\n<p><a href=\"http:\/\/www.atecordoba.org\/wp-content\/uploads\/2015\/11\/bandera-precarizacion-e1447182149976.jpg\"><img loading=\"lazy\" decoding=\"async\" class=\"aligncenter size-full wp-image-5996\" src=\"http:\/\/www.atecordoba.org\/wp-content\/uploads\/2015\/11\/bandera-precarizacion-e1447182149976.jpg\" alt=\"bandera precarizacion\" width=\"550\" height=\"322\" \/><\/a><\/p>\n<p><span style=\"font-style: inherit; font-weight: inherit;\">El Instituto de Estudios sobre Estado y Participaci\u00f3n de ATE (IDEP) elabor\u00f3 un material cuya informaci\u00f3n proviene de una fuente oficial y p\u00fablica. All\u00ed denuncia un doble fraude laboral del Estado nacional. Por un lado, el permanente empleo de trabajadores bajo contratos que establecen tareas temporarias. De este modo, se ahorra el pago de adicionales y costos de un eventual despido. Por otro, que ese porcentaje de compa\u00f1eros supera el 15% admitido en un decreto de 2006.<\/span><\/p>\n<p><span style=\"font-style: inherit; font-weight: inherit;\"><span style=\"font-style: inherit; font-weight: inherit;\">\u201cEstas modalidades m\u00e1s flexibles y precarias de contrataci\u00f3n se implementaron a partir del congelamiento de vacantes en la planta permanente del sector p\u00fablico que se dio en 1994 y se mantuvo mayormente hasta 2008, momento a partir del cual comenzaron a abrirse concursos aunque de manera incipiente, quedando fuertemente arraigadas estas pr\u00e1cticas de fraude laboral al interior del Estado\u201d, explicita el IDEP.<\/span><\/span><\/p>\n<p><span style=\"font-style: inherit; font-weight: inherit;\"><span style=\"font-style: inherit; font-weight: inherit;\">Los dirigentes de ATE esgrimen un discurso contrario al de los medios de comunicaci\u00f3n: no es un problema el empleo de trabajadores que robustecen el Estado. El problema es la precariedad de ese empleo y que el proceso de pase a planta abierto en 2008 privilegia primero a aquellos compa\u00f1eros con menor antig\u00fcedad.<\/span><\/span><\/p>\n<p><span style=\"font-style: inherit; font-weight: inherit;\"><b><strong style=\"font-style: inherit;\"><span style=\"font-style: inherit; font-weight: inherit;\">\u00bfCu\u00e1les son los ministerios que m\u00e1s precarizan?<\/span><\/strong><\/b><\/span><\/p>\n<p><span style=\"font-style: inherit; font-weight: inherit;\"><span style=\"font-style: inherit; font-weight: inherit;\">El incremento del peso de los contratados en el total de ocupados es un fen\u00f3meno que evolucion\u00f3 principalmente en la \u00f3rbita del Poder Ejecutivo, que emplea al 88% de los estatales nacionales. Pas\u00f3 del 6,5% en 2002 al 18,7% a fines del a\u00f1o pasado.<\/span><\/span><\/p>\n<p><span style=\"font-style: inherit; font-weight: inherit;\"><span style=\"font-style: inherit; font-weight: inherit;\">Actualmente, el r\u00e1nking de los ministerios nacionales que precariza mayor cantidad de trabajadores lo lidera Desarrollo Social, con un alt\u00edsimo 86,6% de compa\u00f1eros. Lo sigue la Jefatura de Gabinete, con un 64,5%; Econom\u00eda, con un 64,1%; Presidencia, con un 61,6%; y Planificaci\u00f3n Federal, con un 61,3%.<\/span><\/span><\/p>\n<p><span style=\"font-style: inherit; font-weight: inherit;\"><span style=\"font-style: inherit; font-weight: inherit;\">Por debajo se sit\u00faa el resto de las carteras, encontr\u00e1ndose en \u00faltimo lugar el Ministerio de Defensa, con s\u00f3lo el 3,1% de trabajadores precarizados; y el de Seguridad, con el 0,4%.<\/span><span style=\"font-style: inherit; font-weight: inherit;\">\u00a0<\/span><\/span><\/p>\n","protected":false},"excerpt":{"rendered":"<p>Desde 2002 hasta diciembre de 2014, el porcentaje de trabajadores que no est\u00e1 en planta permanente sino contratado en el Estado nacional pas\u00f3 del 6,3% al 17,1%. El dato surge de la Oficina Nacional de Presupuesto y el INDEC, dependientes del Ministerio de Econom\u00eda. Son alrededor de 70 mil trabajadores cuyos contratos vencen el 31 [&hellip;]<\/p>\n","protected":false},"author":1,"featured_media":19220,"comment_status":"open","ping_status":"open","sticky":false,"template":"","format":"standard","meta":{"_exactmetrics_skip_tracking":false,"_exactmetrics_sitenote_active":false,"_exactmetrics_sitenote_note":"","_exactmetrics_sitenote_category":0,"jnews-multi-image_gallery":[],"jnews_single_post":[],"jnews_primary_category":[],"jnews_social_meta":[],"jnews_review":[],"enable_review":"","type":"","name":"","summary":"","brand":"","sku":"","good":[],"bad":[],"score_override":"","override_value":"","rating":[],"price":[],"jnews_override_counter":[],"jnews_post_split":[],"footnotes":""},"categories":[1],"tags":[],"class_list":["post-5995","post","type-post","status-publish","format-standard","has-post-thumbnail","hentry","category-sin-categoria"],"jetpack_featured_media_url":"https:\/\/atecordoba.org\/wp-content\/uploads\/2020\/05\/logo-nuevochico-e1561581322808.png","_links":{"self":[{"href":"https:\/\/atecordoba.org\/index.php?rest_route=\/wp\/v2\/posts\/5995","targetHints":{"allow":["GET"]}}],"collection":[{"href":"https:\/\/atecordoba.org\/index.php?rest_route=\/wp\/v2\/posts"}],"about":[{"href":"https:\/\/atecordoba.org\/index.php?rest_route=\/wp\/v2\/types\/post"}],"author":[{"embeddable":true,"href":"https:\/\/atecordoba.org\/index.php?rest_route=\/wp\/v2\/users\/1"}],"replies":[{"embeddable":true,"href":"https:\/\/atecordoba.org\/index.php?rest_route=%2Fwp%2Fv2%2Fcomments&post=5995"}],"version-history":[{"count":0,"href":"https:\/\/atecordoba.org\/index.php?rest_route=\/wp\/v2\/posts\/5995\/revisions"}],"wp:featuredmedia":[{"embeddable":true,"href":"https:\/\/atecordoba.org\/index.php?rest_route=\/wp\/v2\/media\/19220"}],"wp:attachment":[{"href":"https:\/\/atecordoba.org\/index.php?rest_route=%2Fwp%2Fv2%2Fmedia&parent=5995"}],"wp:term":[{"taxonomy":"category","embeddable":true,"href":"https:\/\/atecordoba.org\/index.php?rest_route=%2Fwp%2Fv2%2Fcategories&post=5995"},{"taxonomy":"post_tag","embeddable":true,"href":"https:\/\/atecordoba.org\/index.php?rest_route=%2Fwp%2Fv2%2Ftags&post=5995"}],"curies":[{"name":"wp","href":"https:\/\/api.w.org\/{rel}","templated":true}]}}