{"id":5992,"date":"2015-11-09T17:01:34","date_gmt":"2015-11-09T20:01:34","guid":{"rendered":"http:\/\/www.atecordoba.org\/?p=5992"},"modified":"2015-11-09T17:01:34","modified_gmt":"2015-11-09T20:01:34","slug":"el-proximo-lunes-asume-la-nueva-conduccion-de-ate-cordoba","status":"publish","type":"post","link":"https:\/\/atecordoba.org\/?p=5992","title":{"rendered":"El pr\u00f3ximo lunes asume la nueva conducci\u00f3n de ATE C\u00f3rdoba"},"content":{"rendered":"<p><em>El acto se realizar\u00e1 el lunes 16 de noviembre a las 17.30 horas en el local de la Mutual MAS, Entre R\u00edos 364. Mar\u00eda Liliana Salerno, secretaria General, y Luis Barcena, Adjunto, asumen la conducci\u00f3n del secretariado del Consejo Directivo Provincial para el periodo 2015-2019.<\/em><\/p>\n<p><a href=\"http:\/\/www.atecordoba.org\/wp-content\/uploads\/2015\/11\/General001-e1447099251258.jpg\"><img loading=\"lazy\" decoding=\"async\" class=\"aligncenter size-full wp-image-5993\" src=\"http:\/\/www.atecordoba.org\/wp-content\/uploads\/2015\/11\/General001-e1447099251258.jpg\" alt=\"General001\" width=\"550\" height=\"423\" \/><\/a><\/p>\n<p>El Consejo Directivo Provincial de ATE C\u00f3rdoba invita a la asunci\u00f3n de las nuevas autoridades de la conducci\u00f3n de nuestro gremio. Est\u00e1n convocados todos nuestros afiliados, delegados y militantes, activos y jubilados.<\/p>\n<p>Se trata de la conducci\u00f3n que obtuvo el reconocimiento de la masa afiliatoria el pasado 2 de septiembre, cuando en las elecciones de renovaci\u00f3n de autoridades la lista Verde Anusate se impuso con un apoyo de m\u00e1s del 80% de los votos.<\/p>\n<p>El acto, que se llevar\u00e1 a cabo en el sal\u00f3n de actos de la Mutual MAS, ubicado en el primer piso, contar\u00e1 con la presencia del secretario General del Consejo Directivo Nacional de ATE, Hugo Godoy, junto con la secretaria de Formaci\u00f3n Mar\u00eda Teresa Romero, de los secretarios generales de las tres seccionales de la provincia, Villa Mar\u00eda, R\u00edo Tercero y R\u00edo Cuarto, de las delegaciones del interior provincial.<\/p>\n<p>Asimismo, estar\u00e1 presente la conducci\u00f3n de la CTA provincia de C\u00f3rdoba, encabezada por el compa\u00f1ero Guido Dreizik, y las conducciones de las organizaciones hermanas que militan junto a nuestra ATE en la defensa de los trabajadores y sus derechos.<\/p>\n<p>En la oportunidad, tambi\u00e9n asumir\u00e1 la nueva conducci\u00f3n del Centro de Jubilados Provincial de ATE C\u00f3rdoba.<\/p>\n<p><span style=\"text-decoration: underline;\">N\u00f3mina completa de los compa\u00f1eros que asumen la nueva conducci\u00f3n:<\/span><\/p>\n<ul>\n<li>Secretario General: Mar\u00eda Liliana Salerno<\/li>\n<li>Secretario General Adjunto: Luis Barcena<\/li>\n<li>Secretario Administrativo: Walter Secondino<\/li>\n<li>Prosecretario Administrativo: Eugenia Palacio<\/li>\n<li>Secretario Gremial: Diego Guerra<\/li>\n<li>Prosecretario Gremial: Francisco Pavan<\/li>\n<li>Secretario de Acci\u00f3n Pol\u00edtica: Federico Giuliani<\/li>\n<li>Secretario de Organizaci\u00f3n: Victor Lecuona<\/li>\n<li>Secretario de Interior: Alejandro Murua<\/li>\n<li>Secretario de Actas: Norma Gabosi<\/li>\n<li>Secretario de Comunicaci\u00f3n Daniel Pawluchuzk<\/li>\n<li>Secretario de Acci\u00f3n Social, Turismo y Cultura: Miriam Martino<\/li>\n<li>Secretario de Finanzas: Mar\u00eda Palomeque<\/li>\n<li>Prosecretario de Finanzas: Jos\u00e9 Luis Diaz<\/li>\n<li>Secretario de Formaci\u00f3n: Jos\u00e9 Gorozo<\/li>\n<li>1 vocal titular: Alejandro Charra<\/li>\n<li>2 vocal titular: Jorge Sanabria<\/li>\n<li>3 vocal titular: Eduardo Pereyra<\/li>\n<li>4 vocal titular: Gustavo Zarate<\/li>\n<li>5 vocal titular: Cintia Conesta<\/li>\n<li>6 vocal titular: Fernando Castro<\/li>\n<li>7 vocal titular: Alejandra Agnone<\/li>\n<li>8 vocal titular: Estela Corzo<\/li>\n<li>9 vocal titular: Mart\u00edn Stibel<\/li>\n<li>10 vocal titular: Ricardo Reyna<\/li>\n<li>11 vocal titular: Hugo Dur\u00e1n<\/li>\n<li>12 vocal titular: Santiago Belizan<\/li>\n<li>13 vocal titular: Mar\u00eda Elena Ciolli<\/li>\n<li>14 vocal titular: Daniel Fenoglio<\/li>\n<li>15 vocal titular: Sonia Castro<\/li>\n<li>16 vocal titular: Marcelo Gonz\u00e1lez Ludue\u00f1a<\/li>\n<li>17 vocal titular: Ernesto Arias<\/li>\n<li>18 vocal titular: Roberto Espinosa<\/li>\n<li>19 vocal titular: Silvia Pizzirussi<\/li>\n<li>20 vocal titular: Edith Innamorato<\/li>\n<li>21 vocal titular: Sergio Ferreyra<\/li>\n<li>22 vocal titular: Delia Arce Zalazar<\/li>\n<li>23 vocal titular: Gustavo Astudillo<\/li>\n<li>24 vocal titular: Jos\u00e9 Alerzia<\/li>\n<li>25 vocal titular: Ivan Hossly<\/li>\n<\/ul>\n<p><span style=\"text-decoration: underline;\">Comisi\u00f3n Revisora de Cuentas<\/span><\/p>\n<ul>\n<li>1 titular: Rita Toncovich<\/li>\n<li>2 titular: Hugo Torres<\/li>\n<li>3 titular: Mauro Paviolo<\/li>\n<li>1 suplente: Diego Chavez<\/li>\n<li>2 suplente: Ver\u00f3nica Giordano<\/li>\n<li>3 suplente: Raul Brangi<\/li>\n<\/ul>\n<p><span style=\"text-decoration: underline;\">Delegados a los congresos de ATE<\/span><\/p>\n<p>Titulares:<\/p>\n<ul>\n<li>Mar\u00eda Liliana Salerno<\/li>\n<li>Luis Barcena<\/li>\n<li>Walter Secondino<\/li>\n<li>Fernando Mercado<\/li>\n<li>Walter Avalos<\/li>\n<li>Federico Giuliani<\/li>\n<li>Miriam Martino<\/li>\n<\/ul>\n<p>Suplentes:<\/p>\n<ul>\n<li>Mar\u00eda Palomeque<\/li>\n<li>Rafaela Alcoba<\/li>\n<li>Sergio Gotelli<\/li>\n<li>Mar\u00eda del Milagro Spaventa<\/li>\n<li>Alberto Castro<\/li>\n<li>Gloria Almada de Baz\u00e1n<\/li>\n<li>Flexes Ciro Vazquez<\/li>\n<\/ul>\n<p>&nbsp;<\/p>\n","protected":false},"excerpt":{"rendered":"<p>El acto se realizar\u00e1 el lunes 16 de noviembre a las 17.30 horas en el local de la Mutual MAS, Entre R\u00edos 364. Mar\u00eda Liliana Salerno, secretaria General, y Luis Barcena, Adjunto, asumen la conducci\u00f3n del secretariado del Consejo Directivo Provincial para el periodo 2015-2019. El Consejo Directivo Provincial de ATE C\u00f3rdoba invita a la [&hellip;]<\/p>\n","protected":false},"author":1,"featured_media":19220,"comment_status":"open","ping_status":"open","sticky":false,"template":"","format":"standard","meta":{"_exactmetrics_skip_tracking":false,"_exactmetrics_sitenote_active":false,"_exactmetrics_sitenote_note":"","_exactmetrics_sitenote_category":0,"jnews-multi-image_gallery":[],"jnews_single_post":[],"jnews_primary_category":[],"jnews_social_meta":[],"jnews_review":[],"enable_review":"","type":"","name":"","summary":"","brand":"","sku":"","good":[],"bad":[],"score_override":"","override_value":"","rating":[],"price":[],"jnews_override_counter":[],"jnews_post_split":[],"footnotes":""},"categories":[1],"tags":[],"class_list":["post-5992","post","type-post","status-publish","format-standard","has-post-thumbnail","hentry","category-sin-categoria"],"jetpack_featured_media_url":"https:\/\/atecordoba.org\/wp-content\/uploads\/2020\/05\/logo-nuevochico-e1561581322808.png","_links":{"self":[{"href":"https:\/\/atecordoba.org\/index.php?rest_route=\/wp\/v2\/posts\/5992","targetHints":{"allow":["GET"]}}],"collection":[{"href":"https:\/\/atecordoba.org\/index.php?rest_route=\/wp\/v2\/posts"}],"about":[{"href":"https:\/\/atecordoba.org\/index.php?rest_route=\/wp\/v2\/types\/post"}],"author":[{"embeddable":true,"href":"https:\/\/atecordoba.org\/index.php?rest_route=\/wp\/v2\/users\/1"}],"replies":[{"embeddable":true,"href":"https:\/\/atecordoba.org\/index.php?rest_route=%2Fwp%2Fv2%2Fcomments&post=5992"}],"version-history":[{"count":0,"href":"https:\/\/atecordoba.org\/index.php?rest_route=\/wp\/v2\/posts\/5992\/revisions"}],"wp:featuredmedia":[{"embeddable":true,"href":"https:\/\/atecordoba.org\/index.php?rest_route=\/wp\/v2\/media\/19220"}],"wp:attachment":[{"href":"https:\/\/atecordoba.org\/index.php?rest_route=%2Fwp%2Fv2%2Fmedia&parent=5992"}],"wp:term":[{"taxonomy":"category","embeddable":true,"href":"https:\/\/atecordoba.org\/index.php?rest_route=%2Fwp%2Fv2%2Fcategories&post=5992"},{"taxonomy":"post_tag","embeddable":true,"href":"https:\/\/atecordoba.org\/index.php?rest_route=%2Fwp%2Fv2%2Ftags&post=5992"}],"curies":[{"name":"wp","href":"https:\/\/api.w.org\/{rel}","templated":true}]}}