{"id":5987,"date":"2015-11-09T15:05:15","date_gmt":"2015-11-09T18:05:15","guid":{"rendered":"http:\/\/www.atecordoba.org\/?p=5987"},"modified":"2015-11-09T15:05:15","modified_gmt":"2015-11-09T18:05:15","slug":"hugo-godoy-secretario-general-de-ate-somos-parte-de-una-historia","status":"publish","type":"post","link":"https:\/\/atecordoba.org\/?p=5987","title":{"rendered":"Hugo Godoy, secretario General de ATE: \u201cSomos parte de una historia\u201d"},"content":{"rendered":"<p><em>Durante el acto de asunci\u00f3n de la nueva conducci\u00f3n del Consejo Directivo Nacional de ATE, el flamante Secretario General del sindicato, Hugo \u2018Cachorro\u2019 Godoy, se dirigi\u00f3 a los cientos de compa\u00f1eros presentes en un emotivo discurso.<\/em><\/p>\n<p><a href=\"http:\/\/www.atecordoba.org\/wp-content\/uploads\/2015\/11\/godoy-3-e1447092254346.jpg\"><img loading=\"lazy\" decoding=\"async\" class=\"aligncenter size-full wp-image-5989\" src=\"http:\/\/www.atecordoba.org\/wp-content\/uploads\/2015\/11\/godoy-3-e1447092254346.jpg\" alt=\"godoy 3\" width=\"550\" height=\"367\" \/><\/a><\/p>\n<p><span style=\"font-style: inherit; font-weight: inherit;\"><span style=\"font-style: inherit; font-weight: inherit;\">A continuaci\u00f3n, fragmentos de la arenga del nuevo dirigente m\u00e1ximo del gremio de estatales:<\/span><\/span><\/p>\n<p>\u201cLa constancia de los trabajadores, la claridad de los equipos jur\u00eddicos para enfrentar las trampas que nos quisieron hacer, la firmeza y cristalinidad de la Junta Electoral que eligi\u00f3 nuestro Congreso, la decisi\u00f3n de los compa\u00f1eros de saber lo que estaba en juego y no pensar solamente en la realidad local o parcial, fueron los factores que nos permitieron llegar hasta ac\u00e1, a esta asunci\u00f3n, y poder abrir el camino a estos pr\u00f3ximos a\u00f1os que van a seguir siendo de construcci\u00f3n, de lucha, de creatividad, de capacidad de unirnos y de convocar a otros. No tenemos destino como sector si, como clase trabajadora, como pueblo y como Naci\u00f3n, no nos liberamos\u201d.<\/p>\n<p><span style=\"font-style: inherit; font-weight: inherit;\"><span style=\"font-style: inherit; font-weight: inherit;\">\u201cQuiero agradecer a compa\u00f1eros y compa\u00f1eras de otras listas que nos vinieron a saludar, como desde la nueva conducci\u00f3n del Consejo Directivo Capital Federal, que vino a reconocer nuestro triunfo\u201d.<\/span><\/span><\/p>\n<p><span style=\"font-style: inherit; font-weight: inherit;\"><span style=\"font-style: inherit; font-weight: inherit;\">\u201cLa consigna de \u2018ATE es de los Trabajadores, Gobierne quien Gobierne\u2019 se ciment\u00f3 en la voluntad de los 132 mil afiliados, m\u00e1s del 55 por ciento del padr\u00f3n, que con fiscalizaci\u00f3n de todo tipo, nacional e internacional, demostr\u00f3 que lo mejor que tiene ATE es su democracia interna y el protagonismo de los trabajadores. \u00a1No vamos a permitir que nadie decida por nosotros!\u201d<\/span><\/span><\/p>\n<p><a href=\"http:\/\/www.atecordoba.org\/wp-content\/uploads\/2015\/11\/godoy2.jpg\"><img loading=\"lazy\" decoding=\"async\" class=\"aligncenter  wp-image-5990\" src=\"http:\/\/www.atecordoba.org\/wp-content\/uploads\/2015\/11\/godoy2.jpg\" alt=\"godoy2\" width=\"550\" height=\"367\" \/><\/a><\/p>\n<p><span style=\"font-style: inherit; font-weight: inherit;\"><span style=\"font-style: inherit; font-weight: inherit;\">\u201cEl triunfo fue de la elecci\u00f3n. El triunfo fue de los que sostuvimos un proyecto. Y por eso nosotros somos parte de una historia. Y si, como parte de esa historia, nosotros tenemos que construir el futuro que viene, lo primero que tenemos que saber es reconocer los mandatos de esa historia. Son mandatos de valores\u201d.<\/span><\/span><\/p>\n<p><span style=\"font-style: inherit; font-weight: inherit;\"><span style=\"font-style: inherit; font-weight: inherit;\">\u201cHay compa\u00f1eras y compa\u00f1eros que son coherentes con esos valores y los sostienen a trav\u00e9s del tiempo. Y nos permiten a quienes nos sumamos, humilde pero decididamente, a ser constructores del mismo camino: A hacerlo juntos. Porque la mejor de las ense\u00f1anzas es la coherencia y la conducta. Por esto yo quiero pedirles a los compa\u00f1eros \u2018Cacho\u2019 Mengarelli, Carlos Custer y V\u00edctor De Gennaro que por favor, como fundadores de esta Agrupaci\u00f3n ANUSATE, nos acompa\u00f1en aqu\u00ed en el escenario para que todos seamos conscientes que somos parte de esta historia\u201d.<\/span><\/span><\/p>\n<p><span style=\"font-style: inherit; font-weight: inherit;\"><span style=\"font-style: inherit; font-weight: inherit;\">\u201cMe afili\u00e9 en el gremio en diciembre del \u201985, apenas entr\u00e9 a laburar en el Estado. Estuve borrado del padr\u00f3n por un dirigente durante nueve meses antes de que me reconocieran la afiliaci\u00f3n a ATE. Fue V\u00edctor De Gennaro, que en ese momento era Secretario General del gremio, quien reconoci\u00f3 a nuestra Agrupaci\u00f3n, que no era la \u00fanica de ANUSATE en La Plata, sino que eran tres. Porque debate pol\u00edtico en ATE hubo siempre. No es de ahora. Claro, hay algunos que quieren reprimir el debate. Pero para ANUSATE las diferencias son riquezas, y las procesamos juntos\u201d.<\/span><\/span><\/p>\n<p><span style=\"font-style: inherit; font-weight: inherit;\"><span style=\"font-style: inherit; font-weight: inherit;\">\u201cTenemos que construir la unidad en el debate, en la acci\u00f3n y en la capacidad de armar nuevas s\u00edntesis. Tenemos que tener la humildad de saber escuchar. Y, como dec\u00eda ayer en un hermos\u00edsimo plenario de la Agrupaci\u00f3n ANUSATE con 150 compa\u00f1eras y compa\u00f1eros, hay que ir a buscar a los que nos votaron y a los que no nos votaron. Hay que construir el debate pol\u00edtico del gremio que queremos, de la CTA que queremos, del pa\u00eds que queremos\u201d.<\/span><\/span><\/p>\n<p><a href=\"http:\/\/www.atecordoba.org\/wp-content\/uploads\/2015\/11\/godoy-1-e1447092292344.jpg\"><img loading=\"lazy\" decoding=\"async\" class=\"aligncenter size-full wp-image-5988\" src=\"http:\/\/www.atecordoba.org\/wp-content\/uploads\/2015\/11\/godoy-1-e1447092292344.jpg\" alt=\"godoy 1\" width=\"550\" height=\"367\" \/><\/a><\/p>\n<p><span style=\"font-style: inherit; font-weight: inherit;\"><span style=\"font-style: inherit; font-weight: inherit;\">&#8220;Cada momento hist\u00f3rico es diferente. No es lo mismo ANUSATE en el \u201977, no es lo mismo ATE en el \u201984, como no lo fue en el \u201991 cuando creamos los Consejos Directivos Provinciales, como no lo fue en el 2010 cuando nos quebraron a la CTA, como no lo es ahora cuando despu\u00e9s de casi 15 a\u00f1os del triunfo de la rebeli\u00f3n del pueblo vuelve a cerrarse la gobernabilidad del poder y nos plantean que nos resignemos y que aceptemos las cosas como vienen. Como dice Galeano: Las opciones son Dr\u00e1cula y el Hombre Lobo. Nosotros optamos por el poder de los trabajadores, por los valores que tiene la clase trabajadora. Porque desde esos valores vamos a construir una Patria diferente\u201d.<\/span><\/span><\/p>\n<p><span style=\"font-style: inherit; font-weight: inherit;\"><span style=\"font-style: inherit; font-weight: inherit;\">\u201cTenemos que reconstruir la confianza entre nosotros, la confianza a nuestras propias fuerzas, reconstruir la unidad popular para que el pueblo argentino sea capaz de escribir una nueva epopeya de liberaci\u00f3n. Pero para eso tenemos que reinventarnos. No se pueden repetir recetas. Estamos en un momento hist\u00f3rico nuevo, tenemos que reinventar ANUSATE. Tenemos que reinventarnos en ATE. Tenemos que reinventarnos en la CTA. Tenemos que reinventarnos con esta capacidad que tenemos de afirmarnos en valores fundamentales. Los de Nora Corti\u00f1as, los de la fundaci\u00f3n de ANUSATE, los de P\u00e9rez Esquivel. Esos valores de los hombres como Custer, que hicieron la CGT de los Argentinos. Es posible construir una sociedad nueva.<\/span><\/span><\/p>\n<p><span style=\"font-style: inherit; font-weight: inherit;\"><span style=\"font-style: inherit; font-weight: inherit;\">&#8220;No queremos este capitalismo dependiente y chupa sangre que genera pobreza en nuestro pa\u00eds. Hay que construir otra sociedad. Y si vamos a construir otra sociedad tenemos que tener militantes y dirigentes. Juntos, hombro con hombro, tenemos que construir un ATE poderoso. Para eso nos tenemos que reinventar. Hay que reinventar la CTA. Para m\u00ed es una satisfacci\u00f3n integrar esta novata Comisi\u00f3n Directiva, no porque tengamos pocos a\u00f1os sino porque tenemos el desaf\u00edo de ayudar a construir lo nuevo\u201d.<\/span><\/span><\/p>\n<p><span style=\"font-style: inherit; font-weight: inherit;\"><span style=\"font-style: inherit; font-weight: inherit;\">\u201cPara nosotros es una satisfacci\u00f3n que Jos\u00e9 Rigane y Ricardo Peidr\u00f3 nos dirijan la palabra porque somos parte indisoluble de esta CTA Aut\u00f3noma. Pero tambi\u00e9n sabemos que si vamos a afrontar desaf\u00edos nuevos, no podemos aceptar cosas que no queremos, no podemos aceptar que haya provincias y seccionales de la CTA que no tengan locales abiertos. Porque hay capacidad y recursos para eso. En todo caso, hay que tomar las decisiones pol\u00edticas para que esas realidades sean reconocidas, valoradas y potenciadas\u201d.<\/span><\/span><\/p>\n<p>\u201cTenemos que reinventarnos, tenemos que reinventar la unidad de la clase trabajadora. Y eso no se hace con sellos. No es \u2018somos nosotros y ya est\u00e1, y al que le gusta viene y al que no que vaya para otro lado\u2019. No, hay que ir a buscar a otros compa\u00f1eros. Lo que s\u00ed, no podemos conceder que una central de trabajadores repita los modelos de un sindicalismo empresario, tradicional y caduco. No queremos el sindicalismo de empresarios, el sindicalismo de guardaespaldas ni el sindicalismo de dirigentes ricos y militantes pobres\u201d.<\/p>\n<p><span style=\"font-style: inherit; font-weight: inherit;\"><span style=\"font-style: inherit; font-weight: inherit;\">\u201cVamos hacia una Central de masas si somos capaces de construir la unidad de la clase trabajadora. Para construirla hay que abrir el debate, en cada asamblea, en cada lugar de trabajo. Son los trabajadores los que van a elegir, no un grupo de dirigentes. Por eso, nosotros, dirigentes legitimados por ese mandato, tenemos que ir construir esa unidad para crear un nuevo modelo sindical que sea coherente con las necesidades de los trabajadores\u201d.<\/span><\/span><\/p>\n<p><span style=\"font-style: inherit; font-weight: inherit;\"><span style=\"font-style: inherit; font-weight: inherit;\">\u201cYa lo dec\u00edan nuestros libertadores: \u2018O inventamos o fracasamos\u2019. Nosotros decimos: \u2018O nos reinventamos o fracasamos\u2019. Tenemos la confianza, y nos lo demostraron ustedes en la campa\u00f1a, o cuando defendieron la CTA en el 2010, porque lo vivimos ayer con alegr\u00eda con el plenario de delegados de ANUSATE. Tenemos la potencialidad para reinventarnos. Tenemos que encarar estos nuevos desaf\u00edos en ATE y en la CTA\u201d.<\/span><\/span><\/p>\n","protected":false},"excerpt":{"rendered":"<p>Durante el acto de asunci\u00f3n de la nueva conducci\u00f3n del Consejo Directivo Nacional de ATE, el flamante Secretario General del sindicato, Hugo \u2018Cachorro\u2019 Godoy, se dirigi\u00f3 a los cientos de compa\u00f1eros presentes en un emotivo discurso. A continuaci\u00f3n, fragmentos de la arenga del nuevo dirigente m\u00e1ximo del gremio de estatales: \u201cLa constancia de los trabajadores, [&hellip;]<\/p>\n","protected":false},"author":1,"featured_media":19220,"comment_status":"open","ping_status":"open","sticky":false,"template":"","format":"standard","meta":{"_exactmetrics_skip_tracking":false,"_exactmetrics_sitenote_active":false,"_exactmetrics_sitenote_note":"","_exactmetrics_sitenote_category":0,"jnews-multi-image_gallery":[],"jnews_single_post":[],"jnews_primary_category":[],"jnews_social_meta":[],"jnews_review":[],"enable_review":"","type":"","name":"","summary":"","brand":"","sku":"","good":[],"bad":[],"score_override":"","override_value":"","rating":[],"price":[],"jnews_override_counter":[],"jnews_post_split":[],"footnotes":""},"categories":[1],"tags":[],"class_list":["post-5987","post","type-post","status-publish","format-standard","has-post-thumbnail","hentry","category-sin-categoria"],"jetpack_featured_media_url":"https:\/\/atecordoba.org\/wp-content\/uploads\/2020\/05\/logo-nuevochico-e1561581322808.png","_links":{"self":[{"href":"https:\/\/atecordoba.org\/index.php?rest_route=\/wp\/v2\/posts\/5987","targetHints":{"allow":["GET"]}}],"collection":[{"href":"https:\/\/atecordoba.org\/index.php?rest_route=\/wp\/v2\/posts"}],"about":[{"href":"https:\/\/atecordoba.org\/index.php?rest_route=\/wp\/v2\/types\/post"}],"author":[{"embeddable":true,"href":"https:\/\/atecordoba.org\/index.php?rest_route=\/wp\/v2\/users\/1"}],"replies":[{"embeddable":true,"href":"https:\/\/atecordoba.org\/index.php?rest_route=%2Fwp%2Fv2%2Fcomments&post=5987"}],"version-history":[{"count":0,"href":"https:\/\/atecordoba.org\/index.php?rest_route=\/wp\/v2\/posts\/5987\/revisions"}],"wp:featuredmedia":[{"embeddable":true,"href":"https:\/\/atecordoba.org\/index.php?rest_route=\/wp\/v2\/media\/19220"}],"wp:attachment":[{"href":"https:\/\/atecordoba.org\/index.php?rest_route=%2Fwp%2Fv2%2Fmedia&parent=5987"}],"wp:term":[{"taxonomy":"category","embeddable":true,"href":"https:\/\/atecordoba.org\/index.php?rest_route=%2Fwp%2Fv2%2Fcategories&post=5987"},{"taxonomy":"post_tag","embeddable":true,"href":"https:\/\/atecordoba.org\/index.php?rest_route=%2Fwp%2Fv2%2Ftags&post=5987"}],"curies":[{"name":"wp","href":"https:\/\/api.w.org\/{rel}","templated":true}]}}