{"id":5981,"date":"2015-11-09T14:59:59","date_gmt":"2015-11-09T17:59:59","guid":{"rendered":"http:\/\/www.atecordoba.org\/?p=5981"},"modified":"2015-11-09T14:59:59","modified_gmt":"2015-11-09T17:59:59","slug":"asumio-la-nueva-conduccion-nacional-de-ate","status":"publish","type":"post","link":"https:\/\/atecordoba.org\/?p=5981","title":{"rendered":"Asumi\u00f3 la nueva conducci\u00f3n nacional de ATE"},"content":{"rendered":"<p><em>Con la participaci\u00f3n de la militancia estatal asumi\u00f3 el viernes la nueva conducci\u00f3n de ATE que encabezan los compa\u00f1eros Hugo Godoy y Julio Fuentes, y que fuera elegida por el voto directo de 132 mil afiliados el 2 de septiembre pasado. Frente a las puertas de la sede nacional estuvieron presentes dirigentes de organizaciones hermanas y saludaron el acto decenas de hombres y mujeres del campo nacional y popular. Mar\u00eda Teresa Romero asumi\u00f3 como secretaria de Formaci\u00f3n del CDN.<\/em><\/p>\n<p><a href=\"http:\/\/www.atecordoba.org\/wp-content\/uploads\/2015\/11\/MEC5954-e1447091936350.jpg\"><img loading=\"lazy\" decoding=\"async\" class=\"aligncenter size-full wp-image-5984\" src=\"http:\/\/www.atecordoba.org\/wp-content\/uploads\/2015\/11\/MEC5954-e1447091936350.jpg\" alt=\"_MEC5954\" width=\"550\" height=\"367\" \/><\/a><\/p>\n<p>\u201cQuiero agradecer a todos los que bancaron el proceso electoral que signific\u00f3 una pulseada de car\u00e1cter nacional\u201d, comenz\u00f3 diciendo el Secretario General electo Hugo Godoy. Destac\u00f3 a quienes lo votaron y tambi\u00e9n a quienes no, y en este sentido puso de ejemplo el reconocimiento hecho por los compa\u00f1eros que ganaron la conducci\u00f3n de ATE Capital Federal. Subray\u00f3 adem\u00e1s, que en las recientes elecciones vot\u00f3 el 55% del padr\u00f3n, constituy\u00e9ndose una verdadera pr\u00e1ctica de democracia sindical.<\/p>\n<p>Godoy hizo un llamado a la unidad \u201csabiendo escuchar, siendo abierto en la discusi\u00f3n pol\u00edtica sobre qu\u00e9 queremos para nuestro gremio, para la CTA y nuestra patria\u201d, indic\u00f3. Y augur\u00f3 que \u201ces posible impulsar el crecimiento\u00a0\u00a0que debemos darle a ATE para pasar de 250.000 a 400.000 afiliados en este per\u00edodo\u201d, y que \u201ces posible duplicar las actuales 156 seccionales a 300\u201d.<\/p>\n<p>El Secretario General le adjudic\u00f3 un rol especial en el futuro de ATE a \u201cnuestras mujeres, nuestros j\u00f3venes y a los valores que permitan derribar este capitalismo que genera m\u00e1s pobreza en el pa\u00eds\u201d.<\/p>\n<p><a href=\"http:\/\/www.atecordoba.org\/wp-content\/uploads\/2015\/11\/MEC5890-1.jpg\"><img loading=\"lazy\" decoding=\"async\" class=\"aligncenter  wp-image-5983\" src=\"http:\/\/www.atecordoba.org\/wp-content\/uploads\/2015\/11\/MEC5890-1.jpg\" alt=\"_MEC5890 (1)\" width=\"550\" height=\"367\" \/><\/a><\/p>\n<p>Julio Fuentes, Secretario Adjunto electo, explic\u00f3 que adem\u00e1s del apoyo recibido en grandes organismos \u201cfue fundamental el respaldo en aquellos lugares de trabajo donde a veces no sobrepasamos los 40 compa\u00f1eros. El triunfo se da en toda la cancha\u201d. En este sentido, reafirm\u00f3 que hubo una conciencia clara de los trabajadores sobre este aspecto.<\/p>\n<p>Tambi\u00e9n Fuentes destac\u00f3 el enorme valor y militancia que tuvieron todos los compa\u00f1eros para dar la pelea, \u201cporque enfrente no s\u00f3lo hab\u00eda una lista, sino que se alinearon m\u00e1s 800 intendentes, 23 gobernadores, el jefe de Gobierno de la Ciudad y el propio gobierno nacional\u201d y remat\u00f3: \u201ca ellos le dimos batalla y ganamos las elecciones\u201d.<\/p>\n<p>La actividad hab\u00eda comenzado con la lectura del acta de asunci\u00f3n que hiciera el titular de la Junta Electoral Nacional del sindicato, poco despu\u00e9s de las 14 horas. En ese momento exacto asumieron las nuevas autoridades que regir\u00e1n los destinos de ATE para los pr\u00f3ximos cuatro a\u00f1os. Minutos antes, los asistentes entonaron el himno nacional, al comp\u00e1s de las voces del Coro Nacional de J\u00f3venes.<\/p>\n<p>Adem\u00e1s de Hugo Godoy en la Secretar\u00eda General y Julio Fuentes en la Adjunta, integran el Consejo Directivo Nacional Eduardo De Gennaro, Secretario Administrativo; Mario Mu\u00f1oz, Secretario Gremial; Silvia Le\u00f3n, Secretaria de Organizaci\u00f3n; Vicente Mart\u00ed, Secretario de Interior; Gladys Sosa, Secretaria de Finanzas; H\u00e9ctor M\u00e9ndez, Secretario de Comunicaci\u00f3n; y Mar\u00eda Terea Romero en la Secretar\u00eda de Formaci\u00f3n, a quienes se le suman vocales y revisores de cuentas.<\/p>\n<p><a href=\"http:\/\/www.atecordoba.org\/wp-content\/uploads\/2015\/11\/MEC6079-e1447091981273.jpg\"><img loading=\"lazy\" decoding=\"async\" class=\"aligncenter size-full wp-image-5982\" src=\"http:\/\/www.atecordoba.org\/wp-content\/uploads\/2015\/11\/MEC6079-e1447091981273.jpg\" alt=\"_MEC6079\" width=\"550\" height=\"367\" \/><\/a><\/p>\n<p>La primera oradora del nuevo secretariado fue Mar\u00eda Teresa Romero, quien entre otras cosas destac\u00f3 \u201clas convicciones que han mostrado los compa\u00f1eros a lo largo de todo el pa\u00eds\u201d, y adentr\u00e1ndose en las pr\u00f3ximas elecciones nacionales, enfatiz\u00f3 que \u201cteniendo en cuenta que se avecinan vientos que no soplan favorables, debemos redoblar toda nuestra lucha.\u00a0Nuestra frase de campa\u00f1a no es una c\u00e1scara vac\u00eda: ATE es de los trabajadores, gobierne quien gobierne\u201d.<\/p>\n<p>En seguida Silvia Le\u00f3n hizo hincapi\u00e9 en las banderas hist\u00f3ricas de ATE que servir\u00e1n de gu\u00eda \u201cpara seguir en el camino de recuperaci\u00f3n del Estado para los trabajadores\u201d. Y recalc\u00f3 que la consigna Ni Una Menos tambi\u00e9n se relaciona con la necesidad de trabajo digno para las compa\u00f1eras trabajadoras.<\/p>\n<p>Por su parte, Mario Mu\u00f1oz, trabajador de la Salud porte\u00f1a, hizo especial menci\u00f3n a los intentos de reprimir y judicializar la protesta social, denunciando que \u201ces un vil intento de sacar la lucha de los trabajadores de las calles\u201d.\u00a0En este sentido, llam\u00f3 a la unidad de las juntas internas, consejos directivos, seccionales y de la clase trabajadora en su conjunto.<\/p>\n<p>&nbsp;<\/p>\n<p><strong>Otras voces<\/strong><\/p>\n<p>Brevemente, los flamantes vocales Leonardo V\u00e1zquez, Eduardo Sotelo, Pablo Spataro, Francisco Dolman y Orestes Galeano hicieron uso de la palabra, saludando a los presentes, a sus familias y a su sector de trabajo.<\/p>\n<p>Lleg\u00f3 el turno despu\u00e9s de Pablo Cabrera, presidente de la Confederaci\u00f3n de Organizaciones de Funcionarios del Estado (COFE) del Uruguay, quien dijo que \u201ccuando los trabajadores est\u00e1n en las calles como hoy, est\u00e1 representada la lucha no s\u00f3lo de ustedes, sino de toda Latinoam\u00e9rica\u201d. Asimismo, felicit\u00f3 a ATE por el ejemplo de democracia sindical.<\/p>\n<p>Cabrera estuvo acompa\u00f1ado de los dirigentes de la CLATE\u00a0Ricardo Ramires (UNTE-SN de Paraguay) y Janette Soto (ANEF de Chile y Secretaria de G\u00e9nero de la confederaci\u00f3n latinoamericana).<\/p>\n<p>Una gran muestra de agradecimiento a ATE manifestaron los compa\u00f1eros secretarios adjuntos de la CTA, Jos\u00e9 Rigane y Ricardo Peidr\u00f3, quienes hicieron un recorrido por la historia contando el respaldo que les brind\u00f3 la organizaci\u00f3n estatal a su propia lucha gremial a fines de los \u201980 y todo los \u201990.<\/p>\n<p>&nbsp;<\/p>\n<p><strong>Presencias<\/strong><\/p>\n<p>Una larga lista de invitados presenci\u00f3 el acto. Entre ellos, los protagonistas de la recuperaci\u00f3n de ATE V\u00edctor de Gennaro, Carlos Custer y Oscar Mengarelli.<\/p>\n<p>Estuvieron presentes asimismo Pepe Peralta, Secretario General de la CTA Capital; los dirigentes de la CTA nacional que acompa\u00f1aron a Rigane y Peidr\u00f3, como Carolina Ocar y Adolfo Aguirre; Pancho Montiel, de la Federaci\u00f3n de Obreros Porturarios, Mar\u00edtimos y Navales; Juan Carlos Alderete, de la Corriente Clasista y Combativa; docentes de SUTEBA; los judiciales V\u00edctor Mendibil y Hugo Blasco;\u00a0Guillermo Pacagnini de CICOP;\u00a0Claudio Lozano, Hugo Amor, Madres de Plaza de Mayo y Juan Mart\u00edn Guevara.<\/p>\n","protected":false},"excerpt":{"rendered":"<p>Con la participaci\u00f3n de la militancia estatal asumi\u00f3 el viernes la nueva conducci\u00f3n de ATE que encabezan los compa\u00f1eros Hugo Godoy y Julio Fuentes, y que fuera elegida por el voto directo de 132 mil afiliados el 2 de septiembre pasado. Frente a las puertas de la sede nacional estuvieron presentes dirigentes de organizaciones hermanas [&hellip;]<\/p>\n","protected":false},"author":1,"featured_media":19220,"comment_status":"open","ping_status":"open","sticky":false,"template":"","format":"standard","meta":{"_exactmetrics_skip_tracking":false,"_exactmetrics_sitenote_active":false,"_exactmetrics_sitenote_note":"","_exactmetrics_sitenote_category":0,"jnews-multi-image_gallery":[],"jnews_single_post":[],"jnews_primary_category":[],"jnews_social_meta":[],"jnews_review":[],"enable_review":"","type":"","name":"","summary":"","brand":"","sku":"","good":[],"bad":[],"score_override":"","override_value":"","rating":[],"price":[],"jnews_override_counter":[],"jnews_post_split":[],"footnotes":""},"categories":[1],"tags":[],"class_list":["post-5981","post","type-post","status-publish","format-standard","has-post-thumbnail","hentry","category-sin-categoria"],"jetpack_featured_media_url":"https:\/\/atecordoba.org\/wp-content\/uploads\/2020\/05\/logo-nuevochico-e1561581322808.png","_links":{"self":[{"href":"https:\/\/atecordoba.org\/index.php?rest_route=\/wp\/v2\/posts\/5981","targetHints":{"allow":["GET"]}}],"collection":[{"href":"https:\/\/atecordoba.org\/index.php?rest_route=\/wp\/v2\/posts"}],"about":[{"href":"https:\/\/atecordoba.org\/index.php?rest_route=\/wp\/v2\/types\/post"}],"author":[{"embeddable":true,"href":"https:\/\/atecordoba.org\/index.php?rest_route=\/wp\/v2\/users\/1"}],"replies":[{"embeddable":true,"href":"https:\/\/atecordoba.org\/index.php?rest_route=%2Fwp%2Fv2%2Fcomments&post=5981"}],"version-history":[{"count":0,"href":"https:\/\/atecordoba.org\/index.php?rest_route=\/wp\/v2\/posts\/5981\/revisions"}],"wp:featuredmedia":[{"embeddable":true,"href":"https:\/\/atecordoba.org\/index.php?rest_route=\/wp\/v2\/media\/19220"}],"wp:attachment":[{"href":"https:\/\/atecordoba.org\/index.php?rest_route=%2Fwp%2Fv2%2Fmedia&parent=5981"}],"wp:term":[{"taxonomy":"category","embeddable":true,"href":"https:\/\/atecordoba.org\/index.php?rest_route=%2Fwp%2Fv2%2Fcategories&post=5981"},{"taxonomy":"post_tag","embeddable":true,"href":"https:\/\/atecordoba.org\/index.php?rest_route=%2Fwp%2Fv2%2Ftags&post=5981"}],"curies":[{"name":"wp","href":"https:\/\/api.w.org\/{rel}","templated":true}]}}