{"id":5971,"date":"2015-11-06T17:43:01","date_gmt":"2015-11-06T20:43:01","guid":{"rendered":"http:\/\/www.atecordoba.org\/?p=5971"},"modified":"2020-06-09T15:43:04","modified_gmt":"2020-06-09T18:43:04","slug":"se-realizo-el-tercer-modulo-del-taller-sobre-violencia-de-genero-propuesto-en-cruz-del-eje","status":"publish","type":"post","link":"https:\/\/atecordoba.org\/?p=5971","title":{"rendered":"Se realiz\u00f3 el tercer m\u00f3dulo del taller sobre violencia de g\u00e9nero en Cruz del Eje"},"content":{"rendered":"<p><em>Por iniciativa del Consejo Directivo Provincial, el departamento de G\u00e9nero concluy\u00f3 el tercer m\u00f3dulo del Taller\u00a0sobre Violencia de\u00a0G\u00e9nero en la ciudad de Cruz del Eje, donde ATE cuenta con una delegaci\u00f3n basada en gran cantidad de afiliados municipales.<\/em><\/p>\n<p><a href=\"http:\/\/atecordoba.org\/wp-content\/uploads\/2020\/06\/1.png\"><img loading=\"lazy\" decoding=\"async\" class=\"aligncenter size-full wp-image-5972\" src=\"http:\/\/atecordoba.org\/wp-content\/uploads\/2020\/06\/1.png\" alt=\"1\" width=\"550\" height=\"412\" \/><\/a><\/p>\n<p>El \u00faltimo modulo se realiz\u00f3 el pasado viernes 30 de octubre con la presencia de numerosos afiliados e invitados de Cruz del Eje, reunidos en el local de ATE sito en la ciudad.<\/p>\n<p>Como representante del\u00a0Departamento de G\u00e9nero del CDP, compa\u00f1era Gloria Almada, resumi\u00f3 la actividad se\u00f1alando que\u00a0&#8220;hemos llevado a cabo la construcci\u00f3n de una nueva red en contra de la violencia dom\u00e9stica, violencia laboral, el rol que debe cumplir el delegado y el accionar que puede tener el gremio en la prevenci\u00f3n, intervenci\u00f3n y acompa\u00f1amiento para el violentado frente a esta problem\u00e1tica. Siguiendo con el objetivo propuesto\u00a0 de contribuir a la capacitaci\u00f3n de los compa\u00f1eros,\u00a0 nos comprometimos\u00a0 en brindar un taller , que consisti\u00f3 en tres m\u00f3dulos: realizado el\u00a0 d\u00eda 2, 23 y este \u00faltimo realizado 30 de octubre, en donde se reflexion\u00f3 sobres tres ejes fundamentales de violencia planteados&#8221;.<\/p>\n<p><a href=\"http:\/\/atecordoba.org\/wp-content\/uploads\/2020\/06\/local-cruz-del-eje.png\"><img loading=\"lazy\" decoding=\"async\" class=\"aligncenter size-full wp-image-5973\" src=\"http:\/\/atecordoba.org\/wp-content\/uploads\/2020\/06\/local-cruz-del-eje.png\" alt=\"local cruz del eje\" width=\"550\" height=\"412\" \/><\/a><\/p>\n<p>Expresando el crecimiento organizativo que ATE tiene en la ciudad, la delegaci\u00f3n\u00a0design\u00f3 a la compa\u00f1era\u00a0Gilda Campos para que coordine el trabajo de abordaje de la problem\u00e1tica de violencia de g\u00e9nero, contando con el acompa\u00f1amiento del cuerpo de delegados y con el apoyo de todo el secretariado de ATE provincial, que conducen nuestra secretaria General, Mar\u00eda Liliana Salerno, y nuestro secretario Adjunto, Luis Barcena, que ide\u00f3 el taller cuando cumpl\u00eda funciones como secretario de Interior en la anterior conducci\u00f3n.<\/p>\n<p><a href=\"http:\/\/atecordoba.org\/wp-content\/uploads\/2020\/06\/entrega-diploma-taller-de-genero.png\"><img loading=\"lazy\" decoding=\"async\" class=\"aligncenter size-full wp-image-5974\" src=\"http:\/\/atecordoba.org\/wp-content\/uploads\/2020\/06\/entrega-diploma-taller-de-genero.png\" alt=\"entrega diploma taller de genero\" width=\"550\" height=\"412\" \/><\/a><\/p>\n<p>El primer m\u00f3dulo cont\u00f3 con la presencia de la\u00a0directora del Departamento de Genero de ATE nacional, Marta Galante.<\/p>\n<p>La compa\u00f1era Almada continu\u00f3 detallando los alcances del taller al se\u00f1alar que &#8220;nos reconforta el haber puesto de manifiesto frente a un nutrido grupo de participantes, no solo afiliados al gremio sino de la comunidad de dicha localidad, quienes participaron activamente, capacit\u00e1ndose \u00a0y\u00a0acotando \u00a0con sus propias experiencias laborales y familiares diarias.\u00a0Esto proporcion\u00f3 un proceso de retroalimentaci\u00f3n que nos enriqueci\u00f3 en ambos sentidos. Adem\u00e1s en la zona hace falta mucha comunicaci\u00f3n ya que el g\u00e9nero femenino no tiene todav\u00eda la visi\u00f3n en base a\u00a0igualdad de derechos y obligaciones, y sobre todo que no hay una contenci\u00f3n real frente a esta problem\u00e1tica&#8221;.<\/p>\n<p><a href=\"http:\/\/atecordoba.org\/wp-content\/uploads\/2020\/06\/entrega-diploma-taller-de-genero2.png\"><img loading=\"lazy\" decoding=\"async\" class=\"aligncenter size-full wp-image-5975\" src=\"http:\/\/atecordoba.org\/wp-content\/uploads\/2020\/06\/entrega-diploma-taller-de-genero2.png\" alt=\"entrega diploma taller de genero2\" width=\"550\" height=\"412\" \/><\/a><\/p>\n<p>Para dar un ejemplo de ello, Almada cont\u00f3 que\u00a0<em>\u201c<\/em>despu\u00e9s de la disertaci\u00f3n de Marta Galante, al \u00a0producirse el debate, un se\u00f1or presente culpo a la mujer de que era ella la que ocasionaba con su vestimenta y comportamiento lo que le suced\u00eda. Marta Galante con su diplomacia habitual y el conocimiento que la caracteriza, sali\u00f3 al cruce\u00a0 y le hizo ver su desacuerdo con lo que \u00e9l pensaba, con argumentos claros y concisos&#8221;.<\/p>\n<p>&#8220;Convencidos que con nuestra militancia, siempre con la vista puesta en los trabajadores, su problem\u00e1tica y la situaci\u00f3n de inequidad econ\u00f3mica y social en la que prestan sus servicios , como as\u00ed tambi\u00e9n la violencia a la que son sometidos, lograremos llevar adelante esta bandera de la no violencia de g\u00e9nero&#8221;,\u00a0sostuvo\u00a0Almada.<\/p>\n<p><a href=\"http:\/\/atecordoba.org\/wp-content\/uploads\/2020\/06\/entrega-diploma-taller-de-genero3.png\"><img loading=\"lazy\" decoding=\"async\" class=\"aligncenter size-full wp-image-5976\" src=\"http:\/\/atecordoba.org\/wp-content\/uploads\/2020\/06\/entrega-diploma-taller-de-genero3.png\" alt=\"entrega diploma taller de genero3\" width=\"550\" height=\"412\" \/><\/a><\/p>\n<p>Transcurridos los tres m\u00f3dulos y luego de la entrega de diplomas como corolario de \u00e9ste curso,\u00a0se sumaron nuevos\u00a0afiliados, que aun siendo de otro gremio. Adem\u00e1s,\u00a0el Departamento fue\u00a0convocado para dar otra charla informativa en colegios terciarios\u00a0 de\u00a0la\u00a0localidad y\u00a0tambi\u00e9n en la\u00a0ciudad de C\u00f3rdoba. Los presentes recibieron su diploma por haber participado del taller.<\/p>\n<p>&#8220;Los compa\u00f1eros delegados que integramos este curso, estamos satisfechos y con ganas de seguir en este camino de concientizaci\u00f3n a los que nos convoquen, para decirles de que todos podemos aspirar a ser libres y obtener una buena vida en el \u00e1mbito donde nos desempe\u00f1emos seg\u00fan nuestros roles. Hay que decir claramente que es nuestra misi\u00f3n informar y hacerles saber que el miedo es el mejor aliado\u00a0de\u00a0la violencia de g\u00e9nero, las v\u00edctimas deben desprenderse de \u00e9l\u00a0para empezar a terminar con ese flagelo&#8221;.<\/p>\n<p>&nbsp;<\/p>\n","protected":false},"excerpt":{"rendered":"<p>Por iniciativa del Consejo Directivo Provincial, el departamento de G\u00e9nero concluy\u00f3 el tercer m\u00f3dulo del Taller\u00a0sobre Violencia de\u00a0G\u00e9nero en la ciudad de Cruz del Eje, donde ATE cuenta con una delegaci\u00f3n basada en gran cantidad de afiliados municipales. El \u00faltimo modulo se realiz\u00f3 el pasado viernes 30 de octubre con la presencia de numerosos afiliados [&hellip;]<\/p>\n","protected":false},"author":1,"featured_media":19220,"comment_status":"open","ping_status":"open","sticky":false,"template":"","format":"standard","meta":{"_exactmetrics_skip_tracking":false,"_exactmetrics_sitenote_active":false,"_exactmetrics_sitenote_note":"","_exactmetrics_sitenote_category":0,"jnews-multi-image_gallery":[],"jnews_single_post":[],"jnews_primary_category":[],"jnews_social_meta":[],"jnews_review":[],"enable_review":"","type":"","name":"","summary":"","brand":"","sku":"","good":[],"bad":[],"score_override":"","override_value":"","rating":[],"price":[],"jnews_override_counter":[],"jnews_post_split":[],"footnotes":""},"categories":[325],"tags":[],"class_list":["post-5971","post","type-post","status-publish","format-standard","has-post-thumbnail","hentry","category-generos-y-diversidades"],"jetpack_featured_media_url":"https:\/\/atecordoba.org\/wp-content\/uploads\/2020\/05\/logo-nuevochico-e1561581322808.png","_links":{"self":[{"href":"https:\/\/atecordoba.org\/index.php?rest_route=\/wp\/v2\/posts\/5971","targetHints":{"allow":["GET"]}}],"collection":[{"href":"https:\/\/atecordoba.org\/index.php?rest_route=\/wp\/v2\/posts"}],"about":[{"href":"https:\/\/atecordoba.org\/index.php?rest_route=\/wp\/v2\/types\/post"}],"author":[{"embeddable":true,"href":"https:\/\/atecordoba.org\/index.php?rest_route=\/wp\/v2\/users\/1"}],"replies":[{"embeddable":true,"href":"https:\/\/atecordoba.org\/index.php?rest_route=%2Fwp%2Fv2%2Fcomments&post=5971"}],"version-history":[{"count":1,"href":"https:\/\/atecordoba.org\/index.php?rest_route=\/wp\/v2\/posts\/5971\/revisions"}],"predecessor-version":[{"id":20028,"href":"https:\/\/atecordoba.org\/index.php?rest_route=\/wp\/v2\/posts\/5971\/revisions\/20028"}],"wp:featuredmedia":[{"embeddable":true,"href":"https:\/\/atecordoba.org\/index.php?rest_route=\/wp\/v2\/media\/19220"}],"wp:attachment":[{"href":"https:\/\/atecordoba.org\/index.php?rest_route=%2Fwp%2Fv2%2Fmedia&parent=5971"}],"wp:term":[{"taxonomy":"category","embeddable":true,"href":"https:\/\/atecordoba.org\/index.php?rest_route=%2Fwp%2Fv2%2Fcategories&post=5971"},{"taxonomy":"post_tag","embeddable":true,"href":"https:\/\/atecordoba.org\/index.php?rest_route=%2Fwp%2Fv2%2Ftags&post=5971"}],"curies":[{"name":"wp","href":"https:\/\/api.w.org\/{rel}","templated":true}]}}