{"id":5965,"date":"2015-11-05T19:25:34","date_gmt":"2015-11-05T22:25:34","guid":{"rendered":"http:\/\/www.atecordoba.org\/?p=5965"},"modified":"2015-11-05T19:25:34","modified_gmt":"2015-11-05T22:25:34","slug":"el-hospital-regional-de-rio-tercero-se-sumo-a-las-asambleas-con-reclamos-salariales-y-de-organizacion-de-los-servicios","status":"publish","type":"post","link":"https:\/\/atecordoba.org\/?p=5965","title":{"rendered":"El Hospital Regional de R\u00edo Tercero se sum\u00f3 a las asambleas con reclamos salariales y de organizaci\u00f3n de los servicios"},"content":{"rendered":"<p><em>Los trabajadores del centro de salud realizaron ayer una asamblea que resinti\u00f3 la atenci\u00f3n de los pacientes ante los reiterados problemas en la infraestructura que llevaron al cierre de dos salas de cl\u00ednica quir\u00fargica. Adem\u00e1s se sumaron reclamos salariales.<\/em><\/p>\n<p><a href=\"http:\/\/www.atecordoba.org\/wp-content\/uploads\/2015\/11\/IMG-20151105-WA0007-e1446762292760.jpg\"><img loading=\"lazy\" decoding=\"async\" class=\"aligncenter size-full wp-image-5966\" src=\"http:\/\/www.atecordoba.org\/wp-content\/uploads\/2015\/11\/IMG-20151105-WA0007-e1446762292760.jpg\" alt=\"IMG-20151105-WA0007\" width=\"550\" height=\"413\" \/><\/a><\/p>\n<p>Los compa\u00f1eros debatieron la necesidad de obtener una recomposici\u00f3n salarial con vistas a fin de a\u00f1o, al igual lo vienen expresando otros nosocomios provinciales. &#8220;Pelear por la mejora de haberes es una necesidad que tiene todo el plantel de trabajadores&#8221;, dijo Susana Demichelis, trabajadora de hospital e integrante de la comisi\u00f3n directiva de la seccional R\u00edo Tercero de ATE.<\/p>\n<p>A este reclamo se sum\u00f3 la preocupaci\u00f3n por la clausura de las dos salas de cl\u00ednica quir\u00fargica, colapsadas por el taponamiento de los desag\u00fces que inund\u00f3 el lugar de aguas sucias. Los trabajadores sostienen que deben encararse obras de infraestructura para remediar la situaci\u00f3n, ya que los pacientes est\u00e1n siendo derivados a centros privados. &#8220;Adem\u00e1s gran parte del edificio, que est\u00e1 mi viejo y deteriorado, tiene humedades, se llueve adentro cuando hay temporales, la situaci\u00f3n es grave&#8221;, se\u00f1al\u00f3 la trabajadora.<\/p>\n<p>Por otro lado, la asamblea trat\u00f3 la desorganizaci\u00f3n que sufren los distintos servicios, sea por falta de personal para atender la aparatolog\u00eda, sea por carencia de insumos, o porque algunos aparatos clave est\u00e1n fuera de uso. Es particularmente grave la falta de profesionales anestesistas los d\u00edas mi\u00e9rcoles. &#8220;El servicio se encuentra sin personal designado los mi\u00e9rcoles porque quien estaba sac\u00f3 licencia y no fue reemplazado. Los m\u00e9dicos ya avisaron que\u00a0van a presentar recursos de amparo si se presenta una emergencia y no se cuenta con el anestesista&#8221;, agreg\u00f3\u00a0Demichelis.<\/p>\n<p>El personal del hospital tambi\u00e9n reclama el cumplimiento de la promesa del gobierno provincial de construir un nuevo edificio. El compromiso fue realizada durante el primer gobierno de Jos\u00e9 Manuel De la Sota; posteriormente Juan Schiaretti repiti\u00f3 la promesa, pero pasados los a\u00f1os no hay atisbo de que se lleve adelante el proyecto.<\/p>\n<p>Los trabajadores reclamaron respuestas urgentes del Ministerio de Salud para afrontar la situaci\u00f3n.<\/p>\n","protected":false},"excerpt":{"rendered":"<p>Los trabajadores del centro de salud realizaron ayer una asamblea que resinti\u00f3 la atenci\u00f3n de los pacientes ante los reiterados problemas en la infraestructura que llevaron al cierre de dos salas de cl\u00ednica quir\u00fargica. Adem\u00e1s se sumaron reclamos salariales. Los compa\u00f1eros debatieron la necesidad de obtener una recomposici\u00f3n salarial con vistas a fin de a\u00f1o, [&hellip;]<\/p>\n","protected":false},"author":1,"featured_media":19220,"comment_status":"open","ping_status":"open","sticky":false,"template":"","format":"standard","meta":{"_exactmetrics_skip_tracking":false,"_exactmetrics_sitenote_active":false,"_exactmetrics_sitenote_note":"","_exactmetrics_sitenote_category":0,"jnews-multi-image_gallery":[],"jnews_single_post":[],"jnews_primary_category":[],"jnews_social_meta":[],"jnews_review":[],"enable_review":"","type":"","name":"","summary":"","brand":"","sku":"","good":[],"bad":[],"score_override":"","override_value":"","rating":[],"price":[],"jnews_override_counter":[],"jnews_post_split":[],"footnotes":""},"categories":[7,8,13],"tags":[],"class_list":["post-5965","post","type-post","status-publish","format-standard","has-post-thumbnail","hentry","category-hospitales","category-provinciales","category-rio-tercero"],"jetpack_featured_media_url":"https:\/\/atecordoba.org\/wp-content\/uploads\/2020\/05\/logo-nuevochico-e1561581322808.png","_links":{"self":[{"href":"https:\/\/atecordoba.org\/index.php?rest_route=\/wp\/v2\/posts\/5965","targetHints":{"allow":["GET"]}}],"collection":[{"href":"https:\/\/atecordoba.org\/index.php?rest_route=\/wp\/v2\/posts"}],"about":[{"href":"https:\/\/atecordoba.org\/index.php?rest_route=\/wp\/v2\/types\/post"}],"author":[{"embeddable":true,"href":"https:\/\/atecordoba.org\/index.php?rest_route=\/wp\/v2\/users\/1"}],"replies":[{"embeddable":true,"href":"https:\/\/atecordoba.org\/index.php?rest_route=%2Fwp%2Fv2%2Fcomments&post=5965"}],"version-history":[{"count":0,"href":"https:\/\/atecordoba.org\/index.php?rest_route=\/wp\/v2\/posts\/5965\/revisions"}],"wp:featuredmedia":[{"embeddable":true,"href":"https:\/\/atecordoba.org\/index.php?rest_route=\/wp\/v2\/media\/19220"}],"wp:attachment":[{"href":"https:\/\/atecordoba.org\/index.php?rest_route=%2Fwp%2Fv2%2Fmedia&parent=5965"}],"wp:term":[{"taxonomy":"category","embeddable":true,"href":"https:\/\/atecordoba.org\/index.php?rest_route=%2Fwp%2Fv2%2Fcategories&post=5965"},{"taxonomy":"post_tag","embeddable":true,"href":"https:\/\/atecordoba.org\/index.php?rest_route=%2Fwp%2Fv2%2Ftags&post=5965"}],"curies":[{"name":"wp","href":"https:\/\/api.w.org\/{rel}","templated":true}]}}