{"id":5961,"date":"2015-11-04T19:16:10","date_gmt":"2015-11-04T22:16:10","guid":{"rendered":"http:\/\/www.atecordoba.org\/?p=5961"},"modified":"2015-11-04T19:16:10","modified_gmt":"2015-11-04T22:16:10","slug":"asamblea-en-el-hospital-transito-caceres-en-apoyo-al-misericordia","status":"publish","type":"post","link":"https:\/\/atecordoba.org\/?p=5961","title":{"rendered":"Asamblea en el Hospital Tr\u00e1nsito C\u00e1ceres en apoyo al Misericordia"},"content":{"rendered":"<p><em>Ma\u00f1ana los trabajadores del hospital Tr\u00e1nsito C\u00e1ceres de Allende realizar\u00e1n una asamblea a partir de las 10 horas que interrumpir\u00e1 por dos horas el funcionamiento de los turneros del centro de salud, tanto el de los consultorios como el del laboratorio.<\/em><\/p>\n<p><a href=\"http:\/\/www.atecordoba.org\/wp-content\/uploads\/2015\/11\/1-e1446675344357.jpg\"><img loading=\"lazy\" decoding=\"async\" class=\"aligncenter size-full wp-image-5962\" src=\"http:\/\/www.atecordoba.org\/wp-content\/uploads\/2015\/11\/1-e1446675344357.jpg\" alt=\"1\" width=\"550\" height=\"309\" \/><\/a><\/p>\n<p>La medida fue resuelta en apoyo a los reclamos de los compa\u00f1eros del Hospital Misericordia, que plantearon esta semana a las autoridades una recomposici\u00f3n salarial para fin de a\u00f1o que compense la inflaci\u00f3n que se viene registrando, as\u00ed como la subas del transporte p\u00fablico y otros items que integran la canasta familiar.<\/p>\n<p>Si bien el Tr\u00e1nsito ven\u00eda con su agenda propia de reivindicaciones, expresada en sucesivas asambleas realizadas, el pedido salarial llevado a cabo hoy por medio centenar de compa\u00f1eros torna urgente una respuesta para reestablecer la tranquilidad en el sector.<\/p>\n","protected":false},"excerpt":{"rendered":"<p>Ma\u00f1ana los trabajadores del hospital Tr\u00e1nsito C\u00e1ceres de Allende realizar\u00e1n una asamblea a partir de las 10 horas que interrumpir\u00e1 por dos horas el funcionamiento de los turneros del centro de salud, tanto el de los consultorios como el del laboratorio. La medida fue resuelta en apoyo a los reclamos de los compa\u00f1eros del Hospital [&hellip;]<\/p>\n","protected":false},"author":1,"featured_media":19220,"comment_status":"open","ping_status":"open","sticky":false,"template":"","format":"standard","meta":{"_exactmetrics_skip_tracking":false,"_exactmetrics_sitenote_active":false,"_exactmetrics_sitenote_note":"","_exactmetrics_sitenote_category":0,"jnews-multi-image_gallery":[],"jnews_single_post":[],"jnews_primary_category":[],"jnews_social_meta":[],"jnews_review":[],"enable_review":"","type":"","name":"","summary":"","brand":"","sku":"","good":[],"bad":[],"score_override":"","override_value":"","rating":[],"price":[],"jnews_override_counter":[],"jnews_post_split":[],"footnotes":""},"categories":[7,8],"tags":[],"class_list":["post-5961","post","type-post","status-publish","format-standard","has-post-thumbnail","hentry","category-hospitales","category-provinciales"],"jetpack_featured_media_url":"https:\/\/atecordoba.org\/wp-content\/uploads\/2020\/05\/logo-nuevochico-e1561581322808.png","_links":{"self":[{"href":"https:\/\/atecordoba.org\/index.php?rest_route=\/wp\/v2\/posts\/5961","targetHints":{"allow":["GET"]}}],"collection":[{"href":"https:\/\/atecordoba.org\/index.php?rest_route=\/wp\/v2\/posts"}],"about":[{"href":"https:\/\/atecordoba.org\/index.php?rest_route=\/wp\/v2\/types\/post"}],"author":[{"embeddable":true,"href":"https:\/\/atecordoba.org\/index.php?rest_route=\/wp\/v2\/users\/1"}],"replies":[{"embeddable":true,"href":"https:\/\/atecordoba.org\/index.php?rest_route=%2Fwp%2Fv2%2Fcomments&post=5961"}],"version-history":[{"count":0,"href":"https:\/\/atecordoba.org\/index.php?rest_route=\/wp\/v2\/posts\/5961\/revisions"}],"wp:featuredmedia":[{"embeddable":true,"href":"https:\/\/atecordoba.org\/index.php?rest_route=\/wp\/v2\/media\/19220"}],"wp:attachment":[{"href":"https:\/\/atecordoba.org\/index.php?rest_route=%2Fwp%2Fv2%2Fmedia&parent=5961"}],"wp:term":[{"taxonomy":"category","embeddable":true,"href":"https:\/\/atecordoba.org\/index.php?rest_route=%2Fwp%2Fv2%2Fcategories&post=5961"},{"taxonomy":"post_tag","embeddable":true,"href":"https:\/\/atecordoba.org\/index.php?rest_route=%2Fwp%2Fv2%2Ftags&post=5961"}],"curies":[{"name":"wp","href":"https:\/\/api.w.org\/{rel}","templated":true}]}}