{"id":5956,"date":"2015-11-04T16:28:09","date_gmt":"2015-11-04T19:28:09","guid":{"rendered":"http:\/\/www.atecordoba.org\/?p=5956"},"modified":"2015-11-04T16:28:09","modified_gmt":"2015-11-04T19:28:09","slug":"elecciones-nacionales-en-ate-el-ministerio-de-trabajo-reconocio-el-triunfo-de-la-lista-verde-anusate","status":"publish","type":"post","link":"https:\/\/atecordoba.org\/?p=5956","title":{"rendered":"Elecciones nacionales en ATE: El Ministerio de Trabajo reconoci\u00f3 el triunfo de la Lista Verde ANUSATE"},"content":{"rendered":"<p><em>El Ministro de Trabajo de la Naci\u00f3n, Carlos Tomada, se reuni\u00f3 anoche con la conducci\u00f3n nacional electa de ATE y, tras reconocer el triunfo de la Lista Verde ANUSATE en las elecciones internas del gremio, se comprometi\u00f3 a que antes del d\u00eda viernes estar\u00e1 a disposici\u00f3n la respuesta formal desde el ministerio. Estuvo presente la compa\u00f1era Mar\u00eda Teresa Romero, que el viernes asume como secretaria de Formaci\u00f3n del CDN.<\/em><\/p>\n<p><a href=\"http:\/\/www.atecordoba.org\/wp-content\/uploads\/2015\/11\/conduccion-nacional-tomada-e1446665244503.jpg\"><img loading=\"lazy\" decoding=\"async\" class=\"aligncenter size-full wp-image-5958\" src=\"http:\/\/www.atecordoba.org\/wp-content\/uploads\/2015\/11\/conduccion-nacional-tomada-e1446665244503.jpg\" alt=\"conduccion nacional - tomada\" width=\"550\" height=\"326\" \/><\/a><\/p>\n<p class=\"texto\">\u201cHemos escuchado con satisfacci\u00f3n la palabras del ministro Tomada quien reconoci\u00f3 el triunfo de nuestra lista y se comprometi\u00f3<span class=\"textexposedshow\"> a tener resueltas las impugnaciones pendientes en el transcurso de esta semana pero, m\u00e1s all\u00e1 que se pueda dar curso a alguna de ellas, no modificar\u00e1 el resultado de la elecci\u00f3n porque hay una diferencia de votos sustancial que hace que este resultado sea inalterable\u201d, se\u00f1al\u00f3 el Secretario General electo, Hugo Godoy.<\/span><\/p>\n<p class=\"texto\">Junto a Julio Fuentes y una nutrida comitiva, Godoy se\u00f1al\u00f3 que \u201cen la reuni\u00f3n explicamos distintas situaciones del proceso electoral desde nuestra convicci\u00f3n y certezas que han hecho de la elecci\u00f3n de ATE un hecho masivo y ejemplar porque ha sido una elecci\u00f3n cristalina con una fuerte fiscalizaci\u00f3n del Ministerio de Trabajo y de los veedores internacional que ratificaron el comicio, m\u00e1s all\u00e1 de las impugnaciones que el otro sector ha presentado\u201d.<\/p>\n<p class=\"texto\"><a href=\"http:\/\/www.atecordoba.org\/wp-content\/uploads\/2015\/11\/conduccion-nacional-tomada-1-e1446665263966.jpg\"><img loading=\"lazy\" decoding=\"async\" class=\"aligncenter size-full wp-image-5957\" src=\"http:\/\/www.atecordoba.org\/wp-content\/uploads\/2015\/11\/conduccion-nacional-tomada-1-e1446665263966.jpg\" alt=\"conduccion nacional - tomada 1\" width=\"550\" height=\"367\" \/><\/a><\/p>\n<p class=\"texto\">Adem\u00e1s, Godoy asegur\u00f3 que el ministro se comprometi\u00f3 a que antes del d\u00eda 6 de noviembre, fecha donde se har\u00e1 el cambio de autoridades, \u201clas nuevas autoridades asumiremos ya con las respuestas definidas formalmente por el Ministerio de Trabajo, que en ning\u00fan caso, impedir\u00e1n que la comisi\u00f3n que recibi\u00f3 asuma p\u00fablicamente la conducci\u00f3n de nuestro gremio\u201d.<\/p>\n<p>&nbsp;<\/p>\n<p>&nbsp;<\/p>\n","protected":false},"excerpt":{"rendered":"<p>El Ministro de Trabajo de la Naci\u00f3n, Carlos Tomada, se reuni\u00f3 anoche con la conducci\u00f3n nacional electa de ATE y, tras reconocer el triunfo de la Lista Verde ANUSATE en las elecciones internas del gremio, se comprometi\u00f3 a que antes del d\u00eda viernes estar\u00e1 a disposici\u00f3n la respuesta formal desde el ministerio. Estuvo presente la [&hellip;]<\/p>\n","protected":false},"author":1,"featured_media":19220,"comment_status":"open","ping_status":"open","sticky":false,"template":"","format":"standard","meta":{"_exactmetrics_skip_tracking":false,"_exactmetrics_sitenote_active":false,"_exactmetrics_sitenote_note":"","_exactmetrics_sitenote_category":0,"jnews-multi-image_gallery":[],"jnews_single_post":[],"jnews_primary_category":[],"jnews_social_meta":[],"jnews_review":[],"enable_review":"","type":"","name":"","summary":"","brand":"","sku":"","good":[],"bad":[],"score_override":"","override_value":"","rating":[],"price":[],"jnews_override_counter":[],"jnews_post_split":[],"footnotes":""},"categories":[115,18],"tags":[],"class_list":["post-5956","post","type-post","status-publish","format-standard","has-post-thumbnail","hentry","category-elecciones-ate-2015","category-nacionales"],"jetpack_featured_media_url":"https:\/\/atecordoba.org\/wp-content\/uploads\/2020\/05\/logo-nuevochico-e1561581322808.png","_links":{"self":[{"href":"https:\/\/atecordoba.org\/index.php?rest_route=\/wp\/v2\/posts\/5956","targetHints":{"allow":["GET"]}}],"collection":[{"href":"https:\/\/atecordoba.org\/index.php?rest_route=\/wp\/v2\/posts"}],"about":[{"href":"https:\/\/atecordoba.org\/index.php?rest_route=\/wp\/v2\/types\/post"}],"author":[{"embeddable":true,"href":"https:\/\/atecordoba.org\/index.php?rest_route=\/wp\/v2\/users\/1"}],"replies":[{"embeddable":true,"href":"https:\/\/atecordoba.org\/index.php?rest_route=%2Fwp%2Fv2%2Fcomments&post=5956"}],"version-history":[{"count":0,"href":"https:\/\/atecordoba.org\/index.php?rest_route=\/wp\/v2\/posts\/5956\/revisions"}],"wp:featuredmedia":[{"embeddable":true,"href":"https:\/\/atecordoba.org\/index.php?rest_route=\/wp\/v2\/media\/19220"}],"wp:attachment":[{"href":"https:\/\/atecordoba.org\/index.php?rest_route=%2Fwp%2Fv2%2Fmedia&parent=5956"}],"wp:term":[{"taxonomy":"category","embeddable":true,"href":"https:\/\/atecordoba.org\/index.php?rest_route=%2Fwp%2Fv2%2Fcategories&post=5956"},{"taxonomy":"post_tag","embeddable":true,"href":"https:\/\/atecordoba.org\/index.php?rest_route=%2Fwp%2Fv2%2Ftags&post=5956"}],"curies":[{"name":"wp","href":"https:\/\/api.w.org\/{rel}","templated":true}]}}