{"id":5935,"date":"2015-11-02T19:29:57","date_gmt":"2015-11-02T22:29:57","guid":{"rendered":"http:\/\/www.atecordoba.org\/?p=5935"},"modified":"2015-11-02T19:29:57","modified_gmt":"2015-11-02T22:29:57","slug":"la-justicia-ratifica-la-representacion-sindical-de-ate-en-la-municipalidad-de-cruz-del-eje","status":"publish","type":"post","link":"https:\/\/atecordoba.org\/?p=5935","title":{"rendered":"La justicia ratifica la representaci\u00f3n sindical de ATE en la Municipalidad de Cruz del Eje"},"content":{"rendered":"<p><em>En un fallo emitido por el juzgado de primera instancia de Cruz del Eje, la justicia provincial estableci\u00f3 que ATE cuenta con \u00e1mbito de representaci\u00f3n sindical en dicha ciudad y orden\u00f3 a la municipalidad que reinstale a un delegado despedido en el marco de una campa\u00f1a persecutoria contra nuestro gremio.<\/em><\/p>\n<p><a href=\"http:\/\/www.atecordoba.org\/wp-content\/uploads\/2015\/11\/corte-de-ruta-cruz-del-eje4-e1446503216409.jpg\"><img loading=\"lazy\" decoding=\"async\" class=\"aligncenter size-full wp-image-5936\" src=\"http:\/\/www.atecordoba.org\/wp-content\/uploads\/2015\/11\/corte-de-ruta-cruz-del-eje4-e1446503216409.jpg\" alt=\"corte de ruta cruz del eje4\" width=\"550\" height=\"413\" \/><\/a><\/p>\n<p>La jueza Ana Zeller de Konicoff dict\u00f3 la resoluci\u00f3n la semana pasada, al generar sentencia en un juicio para la reinstalaci\u00f3n del delegado Pedro Mor\u00e1n, que hab\u00eda sido despedido en 2012. La municipalidad se hab\u00eda negado a reconocer a ATE a pesar de los fallos preexistentes de la Corte Suprema de Justicia de la Naci\u00f3n que ya dieron la raz\u00f3n a nuestro gremio en otras intendencias del pa\u00eds, como el caso del reconocido fallo de ATE contra la Municipalidad de Salta.<\/p>\n<p>Por eso, la jueza determin\u00f3 que ATE debe ser reconocido por el ejecutivo municipal como sindicato actualmente en pleno derecho para representar a los trabajadores.<\/p>\n<p>Esta sentencia se suma a la obtenida el a\u00f1o pasado en San Agust\u00edn, donde el municipio tambi\u00e9n se negaba a reconocer a ATE. Aquel juicio ganado por nuestro gremio fue llevado adelante por la seccional R\u00edo Tercero y consolid\u00f3 la opci\u00f3n de los trabajadores de ese municipio al optar por ATE como su gremio.<\/p>\n<p>El fallo marca tambi\u00e9n una tendencia general de la justicia en reconocer la libertad y democracia sindical en el \u00e1mbito del Estado, tanto sea nacional, como provincial o municipal, que desarbola al sistema de sindical en argentina, que se funda en el monopolio de representaci\u00f3n de un sindicato en detrimento de otros con igual derecho de representaci\u00f3n en tanto los trabajadores as\u00ed lo decidan.<\/p>\n<figure id=\"attachment_5937\" aria-describedby=\"caption-attachment-5937\" style=\"width: 550px\" class=\"wp-caption aligncenter\"><a href=\"http:\/\/www.atecordoba.org\/wp-content\/uploads\/2015\/11\/frente-al-consejo-deliberante3-e1446503336617.jpg\"><img loading=\"lazy\" decoding=\"async\" class=\"wp-image-5937 size-full\" src=\"http:\/\/www.atecordoba.org\/wp-content\/uploads\/2015\/11\/frente-al-consejo-deliberante3-e1446503336617.jpg\" alt=\"frente al consejo deliberante3\" width=\"550\" height=\"413\" \/><\/a><figcaption id=\"caption-attachment-5937\" class=\"wp-caption-text\">Con pechera blanca, el delegado reinstalado Pedro Moran, durante una protesta de ATE.<\/figcaption><\/figure>\n<p>Cruz del Eje se trata de un caso ejemplar de c\u00f3mo el poder pol\u00edtico realiz\u00f3 una feroz campa\u00f1a de persecuci\u00f3n y discriminaci\u00f3n contra nuestro gremio en aras de mantener las precarias condiciones laborales que sufren los municipales de dicha localidad. Pero, adem\u00e1s, expresa la impunidad con que pretende actuar un intendente, como Francisco Esteban, sobre el que pesa actualmente la presi\u00f3n preventiva por delitos contra la administraci\u00f3n p\u00fablica.<\/p>\n<p>Verdadero patr\u00f3n de estancia, Esteban ya hab\u00eda sido condenado en la d\u00e9cada a cuatro a\u00f1os de c\u00e1rcel durante otro mandato como intendente.<\/p>\n","protected":false},"excerpt":{"rendered":"<p>En un fallo emitido por el juzgado de primera instancia de Cruz del Eje, la justicia provincial estableci\u00f3 que ATE cuenta con \u00e1mbito de representaci\u00f3n sindical en dicha ciudad y orden\u00f3 a la municipalidad que reinstale a un delegado despedido en el marco de una campa\u00f1a persecutoria contra nuestro gremio. La jueza Ana Zeller de [&hellip;]<\/p>\n","protected":false},"author":1,"featured_media":19220,"comment_status":"open","ping_status":"open","sticky":false,"template":"","format":"standard","meta":{"_exactmetrics_skip_tracking":false,"_exactmetrics_sitenote_active":false,"_exactmetrics_sitenote_note":"","_exactmetrics_sitenote_category":0,"jnews-multi-image_gallery":[],"jnews_single_post":[],"jnews_primary_category":[],"jnews_social_meta":[],"jnews_review":[],"enable_review":"","type":"","name":"","summary":"","brand":"","sku":"","good":[],"bad":[],"score_override":"","override_value":"","rating":[],"price":[],"jnews_override_counter":[],"jnews_post_split":[],"footnotes":""},"categories":[20],"tags":[],"class_list":["post-5935","post","type-post","status-publish","format-standard","has-post-thumbnail","hentry","category-municipales"],"jetpack_featured_media_url":"https:\/\/atecordoba.org\/wp-content\/uploads\/2020\/05\/logo-nuevochico-e1561581322808.png","_links":{"self":[{"href":"https:\/\/atecordoba.org\/index.php?rest_route=\/wp\/v2\/posts\/5935","targetHints":{"allow":["GET"]}}],"collection":[{"href":"https:\/\/atecordoba.org\/index.php?rest_route=\/wp\/v2\/posts"}],"about":[{"href":"https:\/\/atecordoba.org\/index.php?rest_route=\/wp\/v2\/types\/post"}],"author":[{"embeddable":true,"href":"https:\/\/atecordoba.org\/index.php?rest_route=\/wp\/v2\/users\/1"}],"replies":[{"embeddable":true,"href":"https:\/\/atecordoba.org\/index.php?rest_route=%2Fwp%2Fv2%2Fcomments&post=5935"}],"version-history":[{"count":0,"href":"https:\/\/atecordoba.org\/index.php?rest_route=\/wp\/v2\/posts\/5935\/revisions"}],"wp:featuredmedia":[{"embeddable":true,"href":"https:\/\/atecordoba.org\/index.php?rest_route=\/wp\/v2\/media\/19220"}],"wp:attachment":[{"href":"https:\/\/atecordoba.org\/index.php?rest_route=%2Fwp%2Fv2%2Fmedia&parent=5935"}],"wp:term":[{"taxonomy":"category","embeddable":true,"href":"https:\/\/atecordoba.org\/index.php?rest_route=%2Fwp%2Fv2%2Fcategories&post=5935"},{"taxonomy":"post_tag","embeddable":true,"href":"https:\/\/atecordoba.org\/index.php?rest_route=%2Fwp%2Fv2%2Ftags&post=5935"}],"curies":[{"name":"wp","href":"https:\/\/api.w.org\/{rel}","templated":true}]}}