{"id":5926,"date":"2015-10-30T18:05:56","date_gmt":"2015-10-30T21:05:56","guid":{"rendered":"http:\/\/www.atecordoba.org\/?p=5926"},"modified":"2015-10-30T18:05:56","modified_gmt":"2015-10-30T21:05:56","slug":"los-municipales-de-san-carlos-minas-eligieron-delegados-de-ate","status":"publish","type":"post","link":"https:\/\/atecordoba.org\/?p=5926","title":{"rendered":"Los municipales de San Carlos Minas eligieron delegados de ATE"},"content":{"rendered":"<p><em>Los trabajadores<\/em><em>\u00a0<\/em><em>de la\u00a0localidad del noroeste provincial eligieron hoy su cuerpo de delegados municipal. El 75% del padr\u00f3n particip\u00f3 del sufragio que abre nuevos horizontes organizativos en la regi\u00f3n.<\/em><\/p>\n<p><a href=\"http:\/\/www.atecordoba.org\/wp-content\/uploads\/2015\/10\/IMG-20151030-WA0009-e1446239007183.jpg\"><img loading=\"lazy\" decoding=\"async\" class=\"aligncenter size-full wp-image-5928\" src=\"http:\/\/www.atecordoba.org\/wp-content\/uploads\/2015\/10\/IMG-20151030-WA0009-e1446239007183.jpg\" alt=\"IMG-20151030-WA0009\" width=\"550\" height=\"309\" \/><\/a><\/p>\n<p>La elecci\u00f3n es resultado de la masiva afiliaci\u00f3n que realizaron los compa\u00f1eros dependientes de la Municipalidad de San Carlos Minas. Con la coordinaci\u00f3n del responsable de municipales del Consejo Directivo Provincial, Alejandro Mur\u00faa, los trabajadores eligieron a Ramona\u00a0Mur\u00faa,\u00a0Oscar\u00a0Romero,\u00a0Pedro\u00a0Cebrero,\u00a0Patricia\u00a0Gigena y Rosa\u00a0Portela.<\/p>\n<p><a href=\"http:\/\/www.atecordoba.org\/wp-content\/uploads\/2015\/10\/IMG-20151030-WA0007-e1446239103199.jpg\"><img loading=\"lazy\" decoding=\"async\" class=\"aligncenter size-full wp-image-5930\" src=\"http:\/\/www.atecordoba.org\/wp-content\/uploads\/2015\/10\/IMG-20151030-WA0007-e1446239103199.jpg\" alt=\"IMG-20151030-WA0007\" width=\"550\" height=\"309\" \/><\/a><\/p>\n<p>De esta manera, y como ya se viene demostrando en los \u00faltimos meses, ATE crece y fortalece la estructura organizativo-gremial en la regi\u00f3n.<\/p>\n<p><a href=\"http:\/\/www.atecordoba.org\/wp-content\/uploads\/2015\/10\/IMG-20151030-WA0006-e1446239130184.jpg\"><img loading=\"lazy\" decoding=\"async\" class=\"aligncenter size-full wp-image-5929\" src=\"http:\/\/www.atecordoba.org\/wp-content\/uploads\/2015\/10\/IMG-20151030-WA0006-e1446239130184.jpg\" alt=\"IMG-20151030-WA0006\" width=\"550\" height=\"309\" \/><\/a><\/p>\n","protected":false},"excerpt":{"rendered":"<p>Los trabajadores\u00a0de la\u00a0localidad del noroeste provincial eligieron hoy su cuerpo de delegados municipal. El 75% del padr\u00f3n particip\u00f3 del sufragio que abre nuevos horizontes organizativos en la regi\u00f3n. La elecci\u00f3n es resultado de la masiva afiliaci\u00f3n que realizaron los compa\u00f1eros dependientes de la Municipalidad de San Carlos Minas. Con la coordinaci\u00f3n del responsable de municipales [&hellip;]<\/p>\n","protected":false},"author":1,"featured_media":19220,"comment_status":"open","ping_status":"open","sticky":false,"template":"","format":"standard","meta":{"_exactmetrics_skip_tracking":false,"_exactmetrics_sitenote_active":false,"_exactmetrics_sitenote_note":"","_exactmetrics_sitenote_category":0,"jnews-multi-image_gallery":[],"jnews_single_post":[],"jnews_primary_category":[],"jnews_social_meta":[],"jnews_review":[],"enable_review":"","type":"","name":"","summary":"","brand":"","sku":"","good":[],"bad":[],"score_override":"","override_value":"","rating":[],"price":[],"jnews_override_counter":[],"jnews_post_split":[],"footnotes":""},"categories":[20],"tags":[],"class_list":["post-5926","post","type-post","status-publish","format-standard","has-post-thumbnail","hentry","category-municipales"],"jetpack_featured_media_url":"https:\/\/atecordoba.org\/wp-content\/uploads\/2020\/05\/logo-nuevochico-e1561581322808.png","_links":{"self":[{"href":"https:\/\/atecordoba.org\/index.php?rest_route=\/wp\/v2\/posts\/5926","targetHints":{"allow":["GET"]}}],"collection":[{"href":"https:\/\/atecordoba.org\/index.php?rest_route=\/wp\/v2\/posts"}],"about":[{"href":"https:\/\/atecordoba.org\/index.php?rest_route=\/wp\/v2\/types\/post"}],"author":[{"embeddable":true,"href":"https:\/\/atecordoba.org\/index.php?rest_route=\/wp\/v2\/users\/1"}],"replies":[{"embeddable":true,"href":"https:\/\/atecordoba.org\/index.php?rest_route=%2Fwp%2Fv2%2Fcomments&post=5926"}],"version-history":[{"count":0,"href":"https:\/\/atecordoba.org\/index.php?rest_route=\/wp\/v2\/posts\/5926\/revisions"}],"wp:featuredmedia":[{"embeddable":true,"href":"https:\/\/atecordoba.org\/index.php?rest_route=\/wp\/v2\/media\/19220"}],"wp:attachment":[{"href":"https:\/\/atecordoba.org\/index.php?rest_route=%2Fwp%2Fv2%2Fmedia&parent=5926"}],"wp:term":[{"taxonomy":"category","embeddable":true,"href":"https:\/\/atecordoba.org\/index.php?rest_route=%2Fwp%2Fv2%2Fcategories&post=5926"},{"taxonomy":"post_tag","embeddable":true,"href":"https:\/\/atecordoba.org\/index.php?rest_route=%2Fwp%2Fv2%2Ftags&post=5926"}],"curies":[{"name":"wp","href":"https:\/\/api.w.org\/{rel}","templated":true}]}}