{"id":5920,"date":"2015-10-30T15:47:04","date_gmt":"2015-10-30T18:47:04","guid":{"rendered":"http:\/\/www.atecordoba.org\/?p=5920"},"modified":"2015-10-30T15:47:04","modified_gmt":"2015-10-30T18:47:04","slug":"gran-participacion-en-la-eleccion-de-delegados-de-ate-en-el-hospital-transito-caceres-de-allende","status":"publish","type":"post","link":"https:\/\/atecordoba.org\/?p=5920","title":{"rendered":"Gran participaci\u00f3n en la elecci\u00f3n de delegados de ATE en el Hospital Tr\u00e1nsito C\u00e1ceres de Allende"},"content":{"rendered":"<p><em>Ayer los trabajadores del centro de salud se volcaron masivamente a votar sus delegados de ATE por los pr\u00f3ximos dos a\u00f1os.\u00a0<\/em><\/p>\n<p><a href=\"http:\/\/www.atecordoba.org\/wp-content\/uploads\/2015\/10\/IMG_20151029_062710440-e1446230777860.jpg\"><img loading=\"lazy\" decoding=\"async\" class=\"aligncenter size-full wp-image-5924\" src=\"http:\/\/www.atecordoba.org\/wp-content\/uploads\/2015\/10\/IMG_20151029_062710440-e1446230777860.jpg\" alt=\"IMG_20151029_062710440\" width=\"550\" height=\"309\" \/><\/a><\/p>\n<p>En la oportunidad, votaron 190 compa\u00f1eros, resultando electos Eduardo Pereyra, Aida Soria, Walter Aban y F\u00e9lix Rodr\u00edguez.<\/p>\n<p>El Tr\u00e1nsito C\u00e1ceres de Allende es uno de los hospitales provinciales viene debatiendo fuertemente las carencias que evidencia el sistema de salud provincial. En ese sentido, Pereyra agradeci\u00f3\u00a0&#8220;el respaldo de los compa\u00f1eros y la participaci\u00f3n en esta elecci\u00f3n.\u00a0Fue una jornada de alegr\u00eda compartida por la mayor\u00eda del personal, que\u00a0demuestra que somos el gremio m\u00e1s representativo en el hospital&#8221;.<\/p>\n<p><a href=\"http:\/\/www.atecordoba.org\/wp-content\/uploads\/2015\/10\/IMG_20151029_171528623-e1446230796470.jpg\"><img loading=\"lazy\" decoding=\"async\" class=\"aligncenter size-full wp-image-5922\" src=\"http:\/\/www.atecordoba.org\/wp-content\/uploads\/2015\/10\/IMG_20151029_171528623-e1446230796470.jpg\" alt=\"IMG_20151029_171528623\" width=\"550\" height=\"309\" \/><\/a><\/p>\n<p>As\u00ed tambi\u00e9n, el delegado reafirm\u00f3 &#8220;el compromiso permanente\u00a0de ATE\u00a0en el reclamo el pase a planta de todos los contratados, la defensa irrestricta de los puestos de trabajo, el nombramiento de m\u00e1s personal para cubrir las vacantes, el mejoramiento de las condiciones laborales, el respeto por las leyes que regulan nuestra actividad y la lucha por el salario&#8221;.<\/p>\n<p>Por \u00faltimo agreg\u00f3 que &#8220;ante las versiones que circulan sobre el cierre del hospital, queremos llevar tranquilidad a los compa\u00f1eros que ATE no va a permitir el cierre ni la disminuci\u00f3n de los servicios y las camas disponibles&#8221;.<\/p>\n<p><a href=\"http:\/\/www.atecordoba.org\/wp-content\/uploads\/2015\/10\/transito-eleccion-delegados-e1446230761280.jpg\"><img loading=\"lazy\" decoding=\"async\" class=\"aligncenter size-full wp-image-5923\" src=\"http:\/\/www.atecordoba.org\/wp-content\/uploads\/2015\/10\/transito-eleccion-delegados-e1446230761280.jpg\" alt=\"transito eleccion delegados\" width=\"550\" height=\"978\" \/><\/a><\/p>\n<p>&nbsp;<\/p>\n","protected":false},"excerpt":{"rendered":"<p>Ayer los trabajadores del centro de salud se volcaron masivamente a votar sus delegados de ATE por los pr\u00f3ximos dos a\u00f1os.\u00a0 En la oportunidad, votaron 190 compa\u00f1eros, resultando electos Eduardo Pereyra, Aida Soria, Walter Aban y F\u00e9lix Rodr\u00edguez. El Tr\u00e1nsito C\u00e1ceres de Allende es uno de los hospitales provinciales viene debatiendo fuertemente las carencias que [&hellip;]<\/p>\n","protected":false},"author":1,"featured_media":19220,"comment_status":"open","ping_status":"open","sticky":false,"template":"","format":"standard","meta":{"_exactmetrics_skip_tracking":false,"_exactmetrics_sitenote_active":false,"_exactmetrics_sitenote_note":"","_exactmetrics_sitenote_category":0,"jnews-multi-image_gallery":[],"jnews_single_post":[],"jnews_primary_category":[],"jnews_social_meta":[],"jnews_review":[],"enable_review":"","type":"","name":"","summary":"","brand":"","sku":"","good":[],"bad":[],"score_override":"","override_value":"","rating":[],"price":[],"jnews_override_counter":[],"jnews_post_split":[],"footnotes":""},"categories":[7,8],"tags":[],"class_list":["post-5920","post","type-post","status-publish","format-standard","has-post-thumbnail","hentry","category-hospitales","category-provinciales"],"jetpack_featured_media_url":"https:\/\/atecordoba.org\/wp-content\/uploads\/2020\/05\/logo-nuevochico-e1561581322808.png","_links":{"self":[{"href":"https:\/\/atecordoba.org\/index.php?rest_route=\/wp\/v2\/posts\/5920","targetHints":{"allow":["GET"]}}],"collection":[{"href":"https:\/\/atecordoba.org\/index.php?rest_route=\/wp\/v2\/posts"}],"about":[{"href":"https:\/\/atecordoba.org\/index.php?rest_route=\/wp\/v2\/types\/post"}],"author":[{"embeddable":true,"href":"https:\/\/atecordoba.org\/index.php?rest_route=\/wp\/v2\/users\/1"}],"replies":[{"embeddable":true,"href":"https:\/\/atecordoba.org\/index.php?rest_route=%2Fwp%2Fv2%2Fcomments&post=5920"}],"version-history":[{"count":0,"href":"https:\/\/atecordoba.org\/index.php?rest_route=\/wp\/v2\/posts\/5920\/revisions"}],"wp:featuredmedia":[{"embeddable":true,"href":"https:\/\/atecordoba.org\/index.php?rest_route=\/wp\/v2\/media\/19220"}],"wp:attachment":[{"href":"https:\/\/atecordoba.org\/index.php?rest_route=%2Fwp%2Fv2%2Fmedia&parent=5920"}],"wp:term":[{"taxonomy":"category","embeddable":true,"href":"https:\/\/atecordoba.org\/index.php?rest_route=%2Fwp%2Fv2%2Fcategories&post=5920"},{"taxonomy":"post_tag","embeddable":true,"href":"https:\/\/atecordoba.org\/index.php?rest_route=%2Fwp%2Fv2%2Ftags&post=5920"}],"curies":[{"name":"wp","href":"https:\/\/api.w.org\/{rel}","templated":true}]}}