{"id":5911,"date":"2015-10-29T16:34:13","date_gmt":"2015-10-29T19:34:13","guid":{"rendered":"http:\/\/www.atecordoba.org\/?p=5911"},"modified":"2015-10-29T16:34:13","modified_gmt":"2015-10-29T19:34:13","slug":"salsacate-municipales-se-incorporan-a-ate","status":"publish","type":"post","link":"https:\/\/atecordoba.org\/?p=5911","title":{"rendered":"Salsacate: municipales se incorporan a ATE"},"content":{"rendered":"<p><em>Prosiguiendo con la masiva incorporaci\u00f3n a ATE de municipales del noroeste provincial, los compa\u00f1eros de Salsacate eligieron hoy sus nuevos delegados.<\/em><\/p>\n<p><a href=\"http:\/\/www.atecordoba.org\/wp-content\/uploads\/2015\/10\/salsacate-eleccion-delegados-e1446147103825.jpg\"><img loading=\"lazy\" decoding=\"async\" class=\"aligncenter size-full wp-image-5912\" src=\"http:\/\/www.atecordoba.org\/wp-content\/uploads\/2015\/10\/salsacate-eleccion-delegados-e1446147103825.jpg\" alt=\"salsacate eleccion delegados\" width=\"550\" height=\"309\" \/><\/a><\/p>\n<p>Se trata de los compa\u00f1eros Yamila Barros y Jos\u00e9 P\u00e9rez, que fueron electos por el 75% del padr\u00f3n. En la oportunidad estuvo presente el compa\u00f1ero Alejandro Murua, coordinador de asuntos municipales del CDP.<\/p>\n<p>Los delegados tendr\u00e1n mandato por dos a\u00f1os y afrontan problem\u00e1ticas comunes a los municipales del interior provincial: bajos salarios, precarizaci\u00f3n y magras condiciones de trabajo.<\/p>\n<p><a href=\"http:\/\/www.atecordoba.org\/wp-content\/uploads\/2015\/10\/salsacate-eleccion-delegados2.jpg\"><img loading=\"lazy\" decoding=\"async\" class=\"aligncenter wp-image-5913\" src=\"http:\/\/www.atecordoba.org\/wp-content\/uploads\/2015\/10\/salsacate-eleccion-delegados2.jpg\" alt=\"salsacate eleccion delegados2\" width=\"549\" height=\"308\" \/><\/a><\/p>\n<p>De esta forma, ATE contin\u00faa con el crecimiento organizativo entre los municipales del interior provincial.<\/p>\n","protected":false},"excerpt":{"rendered":"<p>Prosiguiendo con la masiva incorporaci\u00f3n a ATE de municipales del noroeste provincial, los compa\u00f1eros de Salsacate eligieron hoy sus nuevos delegados. Se trata de los compa\u00f1eros Yamila Barros y Jos\u00e9 P\u00e9rez, que fueron electos por el 75% del padr\u00f3n. En la oportunidad estuvo presente el compa\u00f1ero Alejandro Murua, coordinador de asuntos municipales del CDP. Los [&hellip;]<\/p>\n","protected":false},"author":1,"featured_media":19220,"comment_status":"open","ping_status":"open","sticky":false,"template":"","format":"standard","meta":{"_exactmetrics_skip_tracking":false,"_exactmetrics_sitenote_active":false,"_exactmetrics_sitenote_note":"","_exactmetrics_sitenote_category":0,"jnews-multi-image_gallery":[],"jnews_single_post":[],"jnews_primary_category":[],"jnews_social_meta":[],"jnews_review":[],"enable_review":"","type":"","name":"","summary":"","brand":"","sku":"","good":[],"bad":[],"score_override":"","override_value":"","rating":[],"price":[],"jnews_override_counter":[],"jnews_post_split":[],"footnotes":""},"categories":[20],"tags":[],"class_list":["post-5911","post","type-post","status-publish","format-standard","has-post-thumbnail","hentry","category-municipales"],"jetpack_featured_media_url":"https:\/\/atecordoba.org\/wp-content\/uploads\/2020\/05\/logo-nuevochico-e1561581322808.png","_links":{"self":[{"href":"https:\/\/atecordoba.org\/index.php?rest_route=\/wp\/v2\/posts\/5911","targetHints":{"allow":["GET"]}}],"collection":[{"href":"https:\/\/atecordoba.org\/index.php?rest_route=\/wp\/v2\/posts"}],"about":[{"href":"https:\/\/atecordoba.org\/index.php?rest_route=\/wp\/v2\/types\/post"}],"author":[{"embeddable":true,"href":"https:\/\/atecordoba.org\/index.php?rest_route=\/wp\/v2\/users\/1"}],"replies":[{"embeddable":true,"href":"https:\/\/atecordoba.org\/index.php?rest_route=%2Fwp%2Fv2%2Fcomments&post=5911"}],"version-history":[{"count":0,"href":"https:\/\/atecordoba.org\/index.php?rest_route=\/wp\/v2\/posts\/5911\/revisions"}],"wp:featuredmedia":[{"embeddable":true,"href":"https:\/\/atecordoba.org\/index.php?rest_route=\/wp\/v2\/media\/19220"}],"wp:attachment":[{"href":"https:\/\/atecordoba.org\/index.php?rest_route=%2Fwp%2Fv2%2Fmedia&parent=5911"}],"wp:term":[{"taxonomy":"category","embeddable":true,"href":"https:\/\/atecordoba.org\/index.php?rest_route=%2Fwp%2Fv2%2Fcategories&post=5911"},{"taxonomy":"post_tag","embeddable":true,"href":"https:\/\/atecordoba.org\/index.php?rest_route=%2Fwp%2Fv2%2Ftags&post=5911"}],"curies":[{"name":"wp","href":"https:\/\/api.w.org\/{rel}","templated":true}]}}