{"id":5903,"date":"2015-10-26T16:02:40","date_gmt":"2015-10-26T19:02:40","guid":{"rendered":"http:\/\/www.atecordoba.org\/?p=5903"},"modified":"2020-06-09T16:54:42","modified_gmt":"2020-06-09T19:54:42","slug":"el-debate-sobre-el-derecho-a-huelga-llego-a-rio-cuarto","status":"publish","type":"post","link":"https:\/\/atecordoba.org\/?p=5903","title":{"rendered":"El debate sobre el derecho a huelga lleg\u00f3 a R\u00edo Cuarto"},"content":{"rendered":"<p><em>En el marco del debate sobre el derecho a huelga que se realiza actualmente en el seno de la Corte Suprema de Justicia de la Naci\u00f3n, el equipo jur\u00eddico de ATE C\u00f3rdoba realiz\u00f3 la semana pasada la segunda charla debate, bajo el t\u00edtulo &#8220;Qui\u00e9nes pueden ejercer el derecho a huelga&#8221;. Se trat\u00f3 de una jornada realizada en la seccional R\u00edo Cuarto donde participaron dirigentes y afiliados de ATE, junto a compa\u00f1eros de la Federaci\u00f3n Aceiteros y Desmontadores. Estuvo presente el abogado de ATE nacional Mat\u00edas Cremonte, que lleva el caso judicial que se encuentra en disputa en la Corte contra el Correo Argentino y el Estado nacional.\u00a0<\/em><\/p>\n<p><a href=\"http:\/\/atecordoba.org\/wp-content\/uploads\/2020\/06\/rio-4_charla-derecho-a-huelga.png\"><img loading=\"lazy\" decoding=\"async\" class=\"aligncenter size-full wp-image-5904\" src=\"http:\/\/atecordoba.org\/wp-content\/uploads\/2020\/06\/rio-4_charla-derecho-a-huelga.png\" alt=\"rio 4_charla derecho a huelga\" width=\"550\" height=\"410\" \/><\/a><\/p>\n<p>Con la presencia de Mar\u00eda Terragno, Eugenio Biafore y Mat\u00edas Cremonte abogados laboralistas de ATE, Adri\u00e1n D\u00e1valos, secretario General del Sindicato de Aceiteros de Rosario y Secretario Gremial de la Federaci\u00f3n de Aceiteros y Desmontadores de Algod\u00f3n, y Daniel Ag\u00fcero, secretario Adjunto del Sindicato de Aceiteros de Villa Mercedes y R\u00edo Cuarto, debatieron en el auditorio Atilio Lopez sobre el derecho a ejercer huelga.<\/p>\n<p>Federico Giuliani, secretario General de la seccional R\u00edo Cuarto,\u00a0dio inicio al debate, destacando la presencia de diferentes organizaciones sindicales y pol\u00edticas, y trabajadores de diferentes sectores. \u201cLa idea es discutir y debatir sobre un tema que hoy est\u00e1 en agenda y que tiene que ver con el avance de las patronales, del gobierno y tambi\u00e9n de la burocracia sindical sobre limitar el derecho a huelga de los trabajadores&#8221;. Y resalt\u00f3: \u201cA partir de un fallo de la Corte Suprema en la causa Orellana, y en donde a partir de un conflicto sindical en donde los trabajadores del Correo Argentino no estaban representados por el gremio bur\u00f3crata de base realizaron una medida de fuerza y fueron despedidos, a partir de ah\u00ed se judicializ\u00f3 esta pelea\u201d.<\/p>\n<p><a href=\"http:\/\/atecordoba.org\/wp-content\/uploads\/2020\/06\/rio-4_charla-derecho-a-huelga2.png\"><img loading=\"lazy\" decoding=\"async\" class=\"aligncenter size-full wp-image-5905\" src=\"http:\/\/atecordoba.org\/wp-content\/uploads\/2020\/06\/rio-4_charla-derecho-a-huelga2.png\" alt=\"rio 4_charla derecho a huelga2\" width=\"550\" height=\"410\" \/><\/a><\/p>\n<p>Mar\u00eda Terragno expres\u00f3: \u201cLa huelga antes de un derecho, es un hecho, un hecho social, llevada a cabo por los trabajadores con presidencia de cualquier forma de organizaci\u00f3n. \u00a0La huelga es el derecho de resistencia, de resistencia a ese orden social injusto, sin la huelga no se hubieran obtenido derechos tan b\u00e1sicos y naturales como los que tenemos hoy \u201c. Y en este sentido indic\u00f3: \u201d Hay una real ofensiva de los sectores empleadores, empresariales a nivel mundial por limitar el ejercicio y la acci\u00f3n de ese derecho a huelga. Cuando hablamos de titularidad del derecho de huelga, hablamos tambi\u00e9n de modelos sindicales, sobre la forma de organizaci\u00f3n de los trabajadores\u201d.<\/p>\n<p>Con respecto a la titularidad de quienes pueden ejercer el derecho a huelga la abogada Terragno manifest\u00f3: \u201d El sector empleador y los gobiernos intentan avanzar sobre la historia del movimiento obrero sobre quienes ejercen la titularidad del derecho a huelga si est\u00e1 en cabeza de los trabajadores o si son exclusivamente las organizaciones sindicales las que pueden llevar adelante la huelga\u201d.<\/p>\n<p>\u201cNosotros sostenemos que la huelga solo puede ser ejercida por los trabajadores, solo los trabajadores pueden parar. No hay sindicato que puede convocar una huelga si los trabajadores no paran. Sin embargo, del sector empleador se sostiene que el derecho a huelga est\u00e1 en las organizaciones sindicales, \u00fanicamente con personer\u00eda\u00a0gremial\u201d, concluy\u00f3 la compa\u00f1era.<\/p>\n<p><a href=\"http:\/\/atecordoba.org\/wp-content\/uploads\/2020\/06\/rio-4_charla-derecho-a-huelga3.png\"><img loading=\"lazy\" decoding=\"async\" class=\"aligncenter size-full wp-image-5906\" src=\"http:\/\/atecordoba.org\/wp-content\/uploads\/2020\/06\/rio-4_charla-derecho-a-huelga3.png\" alt=\"rio 4_charla derecho a huelga3\" width=\"550\" height=\"410\" \/><\/a><\/p>\n<p>Por su parte, Eugenio Biafore dijo: \u201cEstamos reflexionando sobre el derecho a huelga no desde un \u00e1mbito abstracto, o acad\u00e9mico. La Corte Suprema est\u00e1 debatiendo en su seno a partir de una pregunta en la cual invit\u00f3 a las organizaciones sindicales a partir de un debate el 10 de Septiembre quien es el titular del derecho a huelga. Y esto particularmente nos ha hecho temer en el resultado de una decisi\u00f3n tan critica para el conjunto de trabajadores cuando la Corte tiene que decidir en una opci\u00f3n en donde los trabajadores no tienen. Y es si esto pertenece a los trabajadores en particular o la titularidad les pertenece a los sindicatos con personer\u00eda gremial. Y deja de ser una discusi\u00f3n en abstracto y pasa a ser una discusi\u00f3n hist\u00f3rica en los tiempos que se viven en donde notamos que mundialmente\u00a0\u00a0y nacionalmente hay un embate de las patronales para limitar el derecho a huelga\u201d.<\/p>\n<p>Adri\u00e1n D\u00e1valos, Titular\u00a0del Sindicato de Aceiteros de Rosario, quienes durante el mes de marzo llevaron adelante un paro de 24 d\u00edas y lograron perforar el techo de las paritarias dispuesto por el Gobierno, realiz\u00f3 una recorrida de la lucha mantenida por los Aceiteros en Rosario e indic\u00f3: \u201d El derecho a huelga, es un derecho individual que se ejerce colectivamente. Limitar el derecho a huelga es grav\u00edsimo, esto es para que no se discutan paritarias, Convenios Colectivos de Trabajo, para frenar a los trabajadores\u201d. Y se\u00f1al\u00f3 que es una herramienta esencial para concientizar a los compa\u00f1eros, y que en la lucha lo m\u00e1s importante es la uni\u00f3n de los trabajadores.<\/p>\n<p>Terminada la exposici\u00f3n de los panelistas, el debate se abri\u00f3 para los presentes, entre ellos trabajadores de Anses, de AGD, UTS, APM, CTA, del Batall\u00f3n de Arsenales, \u00c1rea Material, Anac, Municipalidad de R\u00edo Cuarto, compa\u00f1eros de la Seccional de R\u00edo Tercero, trabajadores de la Universidad Nacional de R\u00edo Cuarto.\u00a0La instancia de encuentro\u00a0fue durante\u00a0dos horas con un auditorio lleno de trabajadores que debatieron sobre el Derecho Leg\u00edtimo a Huelga.<\/p>\n","protected":false},"excerpt":{"rendered":"<p>En el marco del debate sobre el derecho a huelga que se realiza actualmente en el seno de la Corte Suprema de Justicia de la Naci\u00f3n, el equipo jur\u00eddico de ATE C\u00f3rdoba realiz\u00f3 la semana pasada la segunda charla debate, bajo el t\u00edtulo &#8220;Qui\u00e9nes pueden ejercer el derecho a huelga&#8221;. Se trat\u00f3 de una jornada [&hellip;]<\/p>\n","protected":false},"author":1,"featured_media":19220,"comment_status":"open","ping_status":"open","sticky":false,"template":"","format":"standard","meta":{"_exactmetrics_skip_tracking":false,"_exactmetrics_sitenote_active":false,"_exactmetrics_sitenote_note":"","_exactmetrics_sitenote_category":0,"jnews-multi-image_gallery":[],"jnews_single_post":[],"jnews_primary_category":[],"jnews_social_meta":[],"jnews_review":[],"enable_review":"","type":"","name":"","summary":"","brand":"","sku":"","good":[],"bad":[],"score_override":"","override_value":"","rating":[],"price":[],"jnews_override_counter":[],"jnews_post_split":[],"footnotes":""},"categories":[12,34],"tags":[],"class_list":["post-5903","post","type-post","status-publish","format-standard","has-post-thumbnail","hentry","category-rio-cuarto","category-seccionales"],"jetpack_featured_media_url":"https:\/\/atecordoba.org\/wp-content\/uploads\/2020\/05\/logo-nuevochico-e1561581322808.png","_links":{"self":[{"href":"https:\/\/atecordoba.org\/index.php?rest_route=\/wp\/v2\/posts\/5903","targetHints":{"allow":["GET"]}}],"collection":[{"href":"https:\/\/atecordoba.org\/index.php?rest_route=\/wp\/v2\/posts"}],"about":[{"href":"https:\/\/atecordoba.org\/index.php?rest_route=\/wp\/v2\/types\/post"}],"author":[{"embeddable":true,"href":"https:\/\/atecordoba.org\/index.php?rest_route=\/wp\/v2\/users\/1"}],"replies":[{"embeddable":true,"href":"https:\/\/atecordoba.org\/index.php?rest_route=%2Fwp%2Fv2%2Fcomments&post=5903"}],"version-history":[{"count":1,"href":"https:\/\/atecordoba.org\/index.php?rest_route=\/wp\/v2\/posts\/5903\/revisions"}],"predecessor-version":[{"id":20119,"href":"https:\/\/atecordoba.org\/index.php?rest_route=\/wp\/v2\/posts\/5903\/revisions\/20119"}],"wp:featuredmedia":[{"embeddable":true,"href":"https:\/\/atecordoba.org\/index.php?rest_route=\/wp\/v2\/media\/19220"}],"wp:attachment":[{"href":"https:\/\/atecordoba.org\/index.php?rest_route=%2Fwp%2Fv2%2Fmedia&parent=5903"}],"wp:term":[{"taxonomy":"category","embeddable":true,"href":"https:\/\/atecordoba.org\/index.php?rest_route=%2Fwp%2Fv2%2Fcategories&post=5903"},{"taxonomy":"post_tag","embeddable":true,"href":"https:\/\/atecordoba.org\/index.php?rest_route=%2Fwp%2Fv2%2Ftags&post=5903"}],"curies":[{"name":"wp","href":"https:\/\/api.w.org\/{rel}","templated":true}]}}