{"id":5899,"date":"2015-10-22T17:44:37","date_gmt":"2015-10-22T20:44:37","guid":{"rendered":"http:\/\/www.atecordoba.org\/?p=5899"},"modified":"2015-10-22T17:44:37","modified_gmt":"2015-10-22T20:44:37","slug":"civiles-de-las-ff-aa-ate-no-ha-firmado-ni-firmara-jamas-un-convenio-a-espaldas-de-los-trabajadores","status":"publish","type":"post","link":"https:\/\/atecordoba.org\/?p=5899","title":{"rendered":"Civiles de las FF.AA.: \u201cATE no ha firmado ni firmar\u00e1 jam\u00e1s un convenio a espaldas de los trabajadores\u201d"},"content":{"rendered":"<p><em>La Asociaci\u00f3n de Trabajadores del Estado repudia la actitud de las autoridades de la Comisi\u00f3n Negociadora de no convocar ni notificar de la audiencia realizada ayer, que trat\u00f3 y aprob\u00f3 el texto definitivo del Convenio Colectivo de Trabajo sectorial para el Personal Civil y Docente de las Fuerzas Armadas y de Seguridad, y del personal de Instituto de Obra Social de las Fuerzas Armadas (IOSFA).<\/em><\/p>\n<p><a href=\"http:\/\/www.atecordoba.org\/wp-content\/uploads\/2015\/10\/godoy-civiles.jpg\"><img loading=\"lazy\" decoding=\"async\" class=\"aligncenter  wp-image-5900\" src=\"http:\/\/www.atecordoba.org\/wp-content\/uploads\/2015\/10\/godoy-civiles.jpg\" alt=\"godoy + civiles\" width=\"551\" height=\"341\" \/><\/a><\/p>\n","protected":false},"excerpt":{"rendered":"<p>La Asociaci\u00f3n de Trabajadores del Estado repudia la actitud de las autoridades de la Comisi\u00f3n Negociadora de no convocar ni notificar de la audiencia realizada ayer, que trat\u00f3 y aprob\u00f3 el texto definitivo del Convenio Colectivo de Trabajo sectorial para el Personal Civil y Docente de las Fuerzas Armadas y de Seguridad, y del personal [&hellip;]<\/p>\n","protected":false},"author":1,"featured_media":19220,"comment_status":"open","ping_status":"open","sticky":false,"template":"","format":"standard","meta":{"_exactmetrics_skip_tracking":false,"_exactmetrics_sitenote_active":false,"_exactmetrics_sitenote_note":"","_exactmetrics_sitenote_category":0,"jnews-multi-image_gallery":[],"jnews_single_post":[],"jnews_primary_category":[],"jnews_social_meta":[],"jnews_review":[],"enable_review":"","type":"","name":"","summary":"","brand":"","sku":"","good":[],"bad":[],"score_override":"","override_value":"","rating":[],"price":[],"jnews_override_counter":[],"jnews_post_split":[],"footnotes":""},"categories":[18,9],"tags":[],"class_list":["post-5899","post","type-post","status-publish","format-standard","has-post-thumbnail","hentry","category-nacionales","category-trabajadores-civiles-ff-aa"],"jetpack_featured_media_url":"https:\/\/atecordoba.org\/wp-content\/uploads\/2020\/05\/logo-nuevochico-e1561581322808.png","_links":{"self":[{"href":"https:\/\/atecordoba.org\/index.php?rest_route=\/wp\/v2\/posts\/5899","targetHints":{"allow":["GET"]}}],"collection":[{"href":"https:\/\/atecordoba.org\/index.php?rest_route=\/wp\/v2\/posts"}],"about":[{"href":"https:\/\/atecordoba.org\/index.php?rest_route=\/wp\/v2\/types\/post"}],"author":[{"embeddable":true,"href":"https:\/\/atecordoba.org\/index.php?rest_route=\/wp\/v2\/users\/1"}],"replies":[{"embeddable":true,"href":"https:\/\/atecordoba.org\/index.php?rest_route=%2Fwp%2Fv2%2Fcomments&post=5899"}],"version-history":[{"count":0,"href":"https:\/\/atecordoba.org\/index.php?rest_route=\/wp\/v2\/posts\/5899\/revisions"}],"wp:featuredmedia":[{"embeddable":true,"href":"https:\/\/atecordoba.org\/index.php?rest_route=\/wp\/v2\/media\/19220"}],"wp:attachment":[{"href":"https:\/\/atecordoba.org\/index.php?rest_route=%2Fwp%2Fv2%2Fmedia&parent=5899"}],"wp:term":[{"taxonomy":"category","embeddable":true,"href":"https:\/\/atecordoba.org\/index.php?rest_route=%2Fwp%2Fv2%2Fcategories&post=5899"},{"taxonomy":"post_tag","embeddable":true,"href":"https:\/\/atecordoba.org\/index.php?rest_route=%2Fwp%2Fv2%2Ftags&post=5899"}],"curies":[{"name":"wp","href":"https:\/\/api.w.org\/{rel}","templated":true}]}}