{"id":5869,"date":"2015-10-22T17:05:31","date_gmt":"2015-10-22T20:05:31","guid":{"rendered":"http:\/\/www.atecordoba.org\/?p=5869"},"modified":"2015-10-22T17:05:31","modified_gmt":"2015-10-22T20:05:31","slug":"accion-social-destinos-turisticos-para-afiliados-de-ate","status":"publish","type":"post","link":"https:\/\/atecordoba.org\/?p=5869","title":{"rendered":"Acci\u00f3n social: destinos tur\u00edsticos para afiliados de ATE"},"content":{"rendered":"<p><em>La secretar\u00eda de Acci\u00f3n Social del Consejo Directivo Provincial pone a disposici\u00f3n de los afiliados los convenios tur\u00edsticos vigentes para la temporada veraniega 2015-2016.<\/em><\/p>\n<p><a href=\"http:\/\/www.atecordoba.org\/wp-content\/uploads\/2015\/10\/ate-turismo.png\"><img loading=\"lazy\" decoding=\"async\" class=\"aligncenter size-full wp-image-5870\" src=\"http:\/\/www.atecordoba.org\/wp-content\/uploads\/2015\/10\/ate-turismo.png\" alt=\"ate turismo\" width=\"346\" height=\"100\" \/><\/a><\/p>\n<p>Los interesados pueden dirigirse a la sede de nuestro gremio, Entre R\u00edos 450, en el horario de 12 a 17. Tambi\u00e9n pueden comunicarse a los tel\u00e9fonos 0351-4232748 y 4257926, v\u00eda mail a atecbaturismo@hotmail.com o en facebook.com\/atecordoba.turismo<\/p>\n<p><a href=\"http:\/\/www.atecordoba.org\/wp-content\/uploads\/2015\/10\/10-LAS_GRUTAS-_ATE.jpg\"><img loading=\"lazy\" decoding=\"async\" class=\"aligncenter size-full wp-image-5871\" src=\"http:\/\/www.atecordoba.org\/wp-content\/uploads\/2015\/10\/10-LAS_GRUTAS-_ATE.jpg\" alt=\"10-LAS_GRUTAS-_ATE\" width=\"700\" height=\"540\" \/><\/a> <a href=\"http:\/\/www.atecordoba.org\/wp-content\/uploads\/2015\/10\/11-CAMBORIU_-_OCT_NOV_y_DIC_-_CON_MAP_-_ATE.jpg\"><img loading=\"lazy\" decoding=\"async\" class=\"aligncenter size-full wp-image-5872\" src=\"http:\/\/www.atecordoba.org\/wp-content\/uploads\/2015\/10\/11-CAMBORIU_-_OCT_NOV_y_DIC_-_CON_MAP_-_ATE.jpg\" alt=\"11-CAMBORIU_-_OCT_NOV_y_DIC_-_CON_MAP_-_ATE\" width=\"700\" height=\"540\" \/><\/a> <a href=\"http:\/\/www.atecordoba.org\/wp-content\/uploads\/2015\/10\/12-CAMBORIU_-_A_O_NVO_ENE_FEB_y_MAR_-_CON_MAP_-ATE.jpg\"><img loading=\"lazy\" decoding=\"async\" class=\"aligncenter size-full wp-image-5873\" src=\"http:\/\/www.atecordoba.org\/wp-content\/uploads\/2015\/10\/12-CAMBORIU_-_A_O_NVO_ENE_FEB_y_MAR_-_CON_MAP_-ATE.jpg\" alt=\"12-CAMBORIU_-_A_O_NVO_ENE_FEB_y_MAR_-_CON_MAP_-ATE\" width=\"700\" height=\"540\" \/><\/a> <a href=\"http:\/\/www.atecordoba.org\/wp-content\/uploads\/2015\/10\/13-CAMBORIU_-_ENE_FEB_y_MAR_-_CON_DES_-_ATE.jpg\"><img loading=\"lazy\" decoding=\"async\" class=\"aligncenter size-full wp-image-5874\" src=\"http:\/\/www.atecordoba.org\/wp-content\/uploads\/2015\/10\/13-CAMBORIU_-_ENE_FEB_y_MAR_-_CON_DES_-_ATE.jpg\" alt=\"13-CAMBORIU_-_ENE_FEB_y_MAR_-_CON_DES_-_ATE\" width=\"700\" height=\"540\" \/><\/a> <a href=\"http:\/\/www.atecordoba.org\/wp-content\/uploads\/2015\/10\/14-CANASVIEIRAS_-_NOV_y_DIC_-_CON_MAP_-ATE.jpg\"><img loading=\"lazy\" decoding=\"async\" class=\"aligncenter size-full wp-image-5875\" src=\"http:\/\/www.atecordoba.org\/wp-content\/uploads\/2015\/10\/14-CANASVIEIRAS_-_NOV_y_DIC_-_CON_MAP_-ATE.jpg\" alt=\"14-CANASVIEIRAS_-_NOV_y_DIC_-_CON_MAP_-ATE\" width=\"700\" height=\"540\" \/><\/a> <a href=\"http:\/\/www.atecordoba.org\/wp-content\/uploads\/2015\/10\/15-CANASVIEIRAS_-_A_O_NVO_ENE_FEB_y_MAR_-_CON_MAP_.jpg\"><img loading=\"lazy\" decoding=\"async\" class=\"aligncenter size-full wp-image-5876\" src=\"http:\/\/www.atecordoba.org\/wp-content\/uploads\/2015\/10\/15-CANASVIEIRAS_-_A_O_NVO_ENE_FEB_y_MAR_-_CON_MAP_.jpg\" alt=\"15-CANASVIEIRAS_-_A_O_NVO_ENE_FEB_y_MAR_-_CON_MAP_\" width=\"700\" height=\"540\" \/><\/a> <a href=\"http:\/\/www.atecordoba.org\/wp-content\/uploads\/2015\/10\/16-CANASVIEIRAS_-_ENE_FEB_y_MAR_-_CON_DES_-_ATE.jpg\"><img loading=\"lazy\" decoding=\"async\" class=\"aligncenter size-full wp-image-5877\" src=\"http:\/\/www.atecordoba.org\/wp-content\/uploads\/2015\/10\/16-CANASVIEIRAS_-_ENE_FEB_y_MAR_-_CON_DES_-_ATE.jpg\" alt=\"16-CANASVIEIRAS_-_ENE_FEB_y_MAR_-_CON_DES_-_ATE\" width=\"700\" height=\"540\" \/><\/a> <a href=\"http:\/\/www.atecordoba.org\/wp-content\/uploads\/2015\/10\/17-BOMBINHAS_-_ENE_FEB_y_MAR_-_CON_DES_-_ATE.jpg\"><img loading=\"lazy\" decoding=\"async\" class=\"aligncenter size-full wp-image-5878\" src=\"http:\/\/www.atecordoba.org\/wp-content\/uploads\/2015\/10\/17-BOMBINHAS_-_ENE_FEB_y_MAR_-_CON_DES_-_ATE.jpg\" alt=\"17-BOMBINHAS_-_ENE_FEB_y_MAR_-_CON_DES_-_ATE\" width=\"700\" height=\"540\" \/><\/a> <a href=\"http:\/\/www.atecordoba.org\/wp-content\/uploads\/2015\/10\/18-BOMBINHAS_-_ROTA_DO_SOL_-_ENE_FEB_y_MAR_-_CON_D.jpg\"><img loading=\"lazy\" decoding=\"async\" class=\"aligncenter size-full wp-image-5879\" src=\"http:\/\/www.atecordoba.org\/wp-content\/uploads\/2015\/10\/18-BOMBINHAS_-_ROTA_DO_SOL_-_ENE_FEB_y_MAR_-_CON_D.jpg\" alt=\"18-BOMBINHAS_-_ROTA_DO_SOL_-_ENE_FEB_y_MAR_-_CON_D\" width=\"700\" height=\"540\" \/><\/a> <a href=\"http:\/\/www.atecordoba.org\/wp-content\/uploads\/2015\/10\/20-INGLESES_-_ENE_FEB_y_MAR_-_CON_DES_-_ATE.jpg\"><img loading=\"lazy\" decoding=\"async\" class=\"aligncenter size-full wp-image-5881\" src=\"http:\/\/www.atecordoba.org\/wp-content\/uploads\/2015\/10\/20-INGLESES_-_ENE_FEB_y_MAR_-_CON_DES_-_ATE.jpg\" alt=\"20-INGLESES_-_ENE_FEB_y_MAR_-_CON_DES_-_ATE\" width=\"700\" height=\"540\" \/><\/a> <a href=\"http:\/\/www.atecordoba.org\/wp-content\/uploads\/2015\/10\/21-ITAPEMA_-_ENE_FEB_y_MAR_-_CON_MAP_-_ATE.jpg\"><img loading=\"lazy\" decoding=\"async\" class=\"aligncenter size-full wp-image-5882\" src=\"http:\/\/www.atecordoba.org\/wp-content\/uploads\/2015\/10\/21-ITAPEMA_-_ENE_FEB_y_MAR_-_CON_MAP_-_ATE.jpg\" alt=\"21-ITAPEMA_-_ENE_FEB_y_MAR_-_CON_MAP_-_ATE\" width=\"700\" height=\"540\" \/><\/a> <a href=\"http:\/\/www.atecordoba.org\/wp-content\/uploads\/2015\/10\/22-TORRES_-_ENE_FEB_y_MAR_-_CON_MAP_-ATE.jpg\"><img loading=\"lazy\" decoding=\"async\" class=\"aligncenter size-full wp-image-5883\" src=\"http:\/\/www.atecordoba.org\/wp-content\/uploads\/2015\/10\/22-TORRES_-_ENE_FEB_y_MAR_-_CON_MAP_-ATE.jpg\" alt=\"22-TORRES_-_ENE_FEB_y_MAR_-_CON_MAP_-ATE\" width=\"700\" height=\"540\" \/><\/a> <a href=\"http:\/\/www.atecordoba.org\/wp-content\/uploads\/2015\/10\/23-PUNTA_DEL_ESTE_-_ATE.jpg\"><img loading=\"lazy\" decoding=\"async\" class=\"aligncenter size-full wp-image-5884\" src=\"http:\/\/www.atecordoba.org\/wp-content\/uploads\/2015\/10\/23-PUNTA_DEL_ESTE_-_ATE.jpg\" alt=\"23-PUNTA_DEL_ESTE_-_ATE\" width=\"700\" height=\"540\" \/><\/a> <a href=\"http:\/\/www.atecordoba.org\/wp-content\/uploads\/2015\/10\/27-BARILOCHE_-_ATE.jpg\"><img loading=\"lazy\" decoding=\"async\" class=\"aligncenter size-full wp-image-5885\" src=\"http:\/\/www.atecordoba.org\/wp-content\/uploads\/2015\/10\/27-BARILOCHE_-_ATE.jpg\" alt=\"27-BARILOCHE_-_ATE\" width=\"700\" height=\"540\" \/><\/a> <a href=\"http:\/\/www.atecordoba.org\/wp-content\/uploads\/2015\/10\/26-CATARATAS_-_ATE.jpg\"><img loading=\"lazy\" decoding=\"async\" class=\"aligncenter size-full wp-image-5886\" src=\"http:\/\/www.atecordoba.org\/wp-content\/uploads\/2015\/10\/26-CATARATAS_-_ATE.jpg\" alt=\"26-CATARATAS_-_ATE\" width=\"700\" height=\"540\" \/><\/a> <a href=\"http:\/\/www.atecordoba.org\/wp-content\/uploads\/2015\/10\/25-VI_A_DEL_MAR_-_ATE_.jpg\"><img loading=\"lazy\" decoding=\"async\" class=\"aligncenter size-full wp-image-5887\" src=\"http:\/\/www.atecordoba.org\/wp-content\/uploads\/2015\/10\/25-VI_A_DEL_MAR_-_ATE_.jpg\" alt=\"25-VI_A_DEL_MAR_-_ATE_\" width=\"700\" height=\"540\" \/><\/a> <a href=\"http:\/\/www.atecordoba.org\/wp-content\/uploads\/2015\/10\/24-PIRIAPOLIS_-_ATE.jpg\"><img loading=\"lazy\" decoding=\"async\" class=\"aligncenter size-full wp-image-5888\" src=\"http:\/\/www.atecordoba.org\/wp-content\/uploads\/2015\/10\/24-PIRIAPOLIS_-_ATE.jpg\" alt=\"24-PIRIAPOLIS_-_ATE\" width=\"700\" height=\"540\" \/><\/a> <a href=\"http:\/\/www.atecordoba.org\/wp-content\/uploads\/2015\/10\/01-MAR_DEL_PLATA_-_Domingos_ATE.jpg\"><img loading=\"lazy\" decoding=\"async\" class=\"aligncenter size-full wp-image-5889\" src=\"http:\/\/www.atecordoba.org\/wp-content\/uploads\/2015\/10\/01-MAR_DEL_PLATA_-_Domingos_ATE.jpg\" alt=\"01-MAR_DEL_PLATA_-_Domingos_ATE\" width=\"700\" height=\"540\" \/><\/a> <a href=\"http:\/\/www.atecordoba.org\/wp-content\/uploads\/2015\/10\/02-MAR_DEL_PLATA_-_Viernes_ATE.jpg\"><img loading=\"lazy\" decoding=\"async\" class=\"aligncenter size-full wp-image-5890\" src=\"http:\/\/www.atecordoba.org\/wp-content\/uploads\/2015\/10\/02-MAR_DEL_PLATA_-_Viernes_ATE.jpg\" alt=\"02-MAR_DEL_PLATA_-_Viernes_ATE\" width=\"700\" height=\"540\" \/><\/a> <a href=\"http:\/\/www.atecordoba.org\/wp-content\/uploads\/2015\/10\/03-VILLA_GESELL_Miercoles_-_ATE.jpg\"><img loading=\"lazy\" decoding=\"async\" class=\"aligncenter size-full wp-image-5891\" src=\"http:\/\/www.atecordoba.org\/wp-content\/uploads\/2015\/10\/03-VILLA_GESELL_Miercoles_-_ATE.jpg\" alt=\"03-VILLA_GESELL_Miercoles_-_ATE\" width=\"700\" height=\"540\" \/><\/a> <a href=\"http:\/\/www.atecordoba.org\/wp-content\/uploads\/2015\/10\/04-VILLA_GESELL_Viernes-ATE.jpg\"><img loading=\"lazy\" decoding=\"async\" class=\"aligncenter size-full wp-image-5892\" src=\"http:\/\/www.atecordoba.org\/wp-content\/uploads\/2015\/10\/04-VILLA_GESELL_Viernes-ATE.jpg\" alt=\"04-VILLA_GESELL_Viernes-ATE\" width=\"700\" height=\"540\" \/><\/a> <a href=\"http:\/\/www.atecordoba.org\/wp-content\/uploads\/2015\/10\/05-SAN_CLEMENTE-_ATE.jpg\"><img loading=\"lazy\" decoding=\"async\" class=\"aligncenter size-full wp-image-5893\" src=\"http:\/\/www.atecordoba.org\/wp-content\/uploads\/2015\/10\/05-SAN_CLEMENTE-_ATE.jpg\" alt=\"05-SAN_CLEMENTE-_ATE\" width=\"700\" height=\"540\" \/><\/a> <a href=\"http:\/\/www.atecordoba.org\/wp-content\/uploads\/2015\/10\/06-SANTA_TERESITA-_ATE.jpg\"><img loading=\"lazy\" decoding=\"async\" class=\"aligncenter size-full wp-image-5894\" src=\"http:\/\/www.atecordoba.org\/wp-content\/uploads\/2015\/10\/06-SANTA_TERESITA-_ATE.jpg\" alt=\"06-SANTA_TERESITA-_ATE\" width=\"700\" height=\"540\" \/><\/a> <a href=\"http:\/\/www.atecordoba.org\/wp-content\/uploads\/2015\/10\/07-SAN_BERNARDO-_ATE.jpg\"><img loading=\"lazy\" decoding=\"async\" class=\"aligncenter size-full wp-image-5895\" src=\"http:\/\/www.atecordoba.org\/wp-content\/uploads\/2015\/10\/07-SAN_BERNARDO-_ATE.jpg\" alt=\"07-SAN_BERNARDO-_ATE\" width=\"700\" height=\"540\" \/><\/a> <a href=\"http:\/\/www.atecordoba.org\/wp-content\/uploads\/2015\/10\/08-OSTENDE-_ATE.jpg\"><img loading=\"lazy\" decoding=\"async\" class=\"aligncenter size-full wp-image-5896\" src=\"http:\/\/www.atecordoba.org\/wp-content\/uploads\/2015\/10\/08-OSTENDE-_ATE.jpg\" alt=\"08-OSTENDE-_ATE\" width=\"700\" height=\"540\" \/><\/a> <a href=\"http:\/\/www.atecordoba.org\/wp-content\/uploads\/2015\/10\/09-PINAMAR-_ATE.jpg\"><img loading=\"lazy\" decoding=\"async\" class=\"aligncenter size-full wp-image-5897\" src=\"http:\/\/www.atecordoba.org\/wp-content\/uploads\/2015\/10\/09-PINAMAR-_ATE.jpg\" alt=\"09-PINAMAR-_ATE\" width=\"700\" height=\"540\" \/><\/a><\/p>\n","protected":false},"excerpt":{"rendered":"<p>La secretar\u00eda de Acci\u00f3n Social del Consejo Directivo Provincial pone a disposici\u00f3n de los afiliados los convenios tur\u00edsticos vigentes para la temporada veraniega 2015-2016. Los interesados pueden dirigirse a la sede de nuestro gremio, Entre R\u00edos 450, en el horario de 12 a 17. Tambi\u00e9n pueden comunicarse a los tel\u00e9fonos 0351-4232748 y 4257926, v\u00eda mail [&hellip;]<\/p>\n","protected":false},"author":1,"featured_media":19220,"comment_status":"open","ping_status":"open","sticky":false,"template":"","format":"standard","meta":{"_exactmetrics_skip_tracking":false,"_exactmetrics_sitenote_active":false,"_exactmetrics_sitenote_note":"","_exactmetrics_sitenote_category":0,"jnews-multi-image_gallery":[],"jnews_single_post":[],"jnews_primary_category":[],"jnews_social_meta":[],"jnews_review":[],"enable_review":"","type":"","name":"","summary":"","brand":"","sku":"","good":[],"bad":[],"score_override":"","override_value":"","rating":[],"price":[],"jnews_override_counter":[],"jnews_post_split":[],"footnotes":""},"categories":[1],"tags":[],"class_list":["post-5869","post","type-post","status-publish","format-standard","has-post-thumbnail","hentry","category-sin-categoria"],"jetpack_featured_media_url":"https:\/\/atecordoba.org\/wp-content\/uploads\/2020\/05\/logo-nuevochico-e1561581322808.png","_links":{"self":[{"href":"https:\/\/atecordoba.org\/index.php?rest_route=\/wp\/v2\/posts\/5869","targetHints":{"allow":["GET"]}}],"collection":[{"href":"https:\/\/atecordoba.org\/index.php?rest_route=\/wp\/v2\/posts"}],"about":[{"href":"https:\/\/atecordoba.org\/index.php?rest_route=\/wp\/v2\/types\/post"}],"author":[{"embeddable":true,"href":"https:\/\/atecordoba.org\/index.php?rest_route=\/wp\/v2\/users\/1"}],"replies":[{"embeddable":true,"href":"https:\/\/atecordoba.org\/index.php?rest_route=%2Fwp%2Fv2%2Fcomments&post=5869"}],"version-history":[{"count":0,"href":"https:\/\/atecordoba.org\/index.php?rest_route=\/wp\/v2\/posts\/5869\/revisions"}],"wp:featuredmedia":[{"embeddable":true,"href":"https:\/\/atecordoba.org\/index.php?rest_route=\/wp\/v2\/media\/19220"}],"wp:attachment":[{"href":"https:\/\/atecordoba.org\/index.php?rest_route=%2Fwp%2Fv2%2Fmedia&parent=5869"}],"wp:term":[{"taxonomy":"category","embeddable":true,"href":"https:\/\/atecordoba.org\/index.php?rest_route=%2Fwp%2Fv2%2Fcategories&post=5869"},{"taxonomy":"post_tag","embeddable":true,"href":"https:\/\/atecordoba.org\/index.php?rest_route=%2Fwp%2Fv2%2Ftags&post=5869"}],"curies":[{"name":"wp","href":"https:\/\/api.w.org\/{rel}","templated":true}]}}