{"id":5866,"date":"2015-10-21T19:13:52","date_gmt":"2015-10-21T22:13:52","guid":{"rendered":"http:\/\/www.atecordoba.org\/?p=5866"},"modified":"2015-10-21T19:13:52","modified_gmt":"2015-10-21T22:13:52","slug":"asamblea-de-ate-en-el-hospital-de-ninos-resentira-manana-la-atencion","status":"publish","type":"post","link":"https:\/\/atecordoba.org\/?p=5866","title":{"rendered":"Asamblea de ATE en el Hospital de Ni\u00f1os resentir\u00e1 ma\u00f1ana la atenci\u00f3n"},"content":{"rendered":"<p><em>Ma\u00f1ana se llevar\u00e1 a cabo una nueva asamblea de trabajadores del Hospital de Ni\u00f1os convocada por ATE para poner en debate los pasos a seguir ante el grave estado general que atraviesa la instituci\u00f3n.<\/em><\/p>\n<figure id=\"attachment_5867\" aria-describedby=\"caption-attachment-5867\" style=\"width: 550px\" class=\"wp-caption aligncenter\"><a href=\"http:\/\/www.atecordoba.org\/wp-content\/uploads\/2015\/10\/votacion-hospital-de-ni\u00f1os-e1445465584876.png\"><img loading=\"lazy\" decoding=\"async\" class=\"wp-image-5867 size-full\" src=\"http:\/\/www.atecordoba.org\/wp-content\/uploads\/2015\/10\/votacion-hospital-de-ni\u00f1os-e1445465584876.png\" alt=\"votacion hospital de ni\u00f1os\" width=\"550\" height=\"309\" \/><\/a><figcaption id=\"caption-attachment-5867\" class=\"wp-caption-text\">Asamblea en el Hospital de Ni\u00f1os (archivo).<\/figcaption><\/figure>\n<p>Los trabajadores denuncian que se encuentra fuera de servicio desde hace tres meses la C\u00e1mara Gamma del centro de salud -una de las dos que posee la Provincia- y que, en consecuencia, los pacientes se derivan a instituciones privadas para perjuicio econ\u00f3mico del erario p\u00fablico. &#8220;Arreglar ese instrumental le cuesta al Ministerio de Salud alrededor de 40 mil pesos, pero el hospital est\u00e1 gastando unos 800 mil en derivar los pacientes al sector privado. Esto constituye una estafa al erario y un claro vaciamiento del hospital p\u00fablico&#8221;, dijo el delegado Fernando Castro, delegado del sector y prosecretario Gremial del Consejo directivo provincial.<\/p>\n<p>Adem\u00e1s, los trabajadores se encuentran alarmados por la plaga de alacranes que inunda el hospital, hasta el punto que uno de los insectos fue encontrado dentro de la Terapia Intensiva. &#8220;Ya son ocho los alacranes que aparecieron los \u00faltimos d\u00edas&#8221;, agreg\u00f3 Castro.<\/p>\n<p>Los trabajadores explican que la plaga es consecuencia de la humedad que sobrellevan los techos de diferentes sectores del nosocomio. De hecho, se producen goteras con aguas servidas por la rotura de ca\u00f1er\u00edas internas.<\/p>\n<p>A este grave cuadro se suma la falta de personal para atender adecuadamente a los pacientes. Pero las autoridades, en vez de revertir esta situaci\u00f3n, han dejado caer ocho contratos de trabajadores de distintos sectores lo que empeora el clima de trabajo interno y sobrecarga al personal disponible.<\/p>\n<p>Ante todo este panorama, los trabajadores realizar\u00e1n la asamblea, a partir de las 11 horas en el hall central del Hospital.<\/p>\n","protected":false},"excerpt":{"rendered":"<p>Ma\u00f1ana se llevar\u00e1 a cabo una nueva asamblea de trabajadores del Hospital de Ni\u00f1os convocada por ATE para poner en debate los pasos a seguir ante el grave estado general que atraviesa la instituci\u00f3n. Los trabajadores denuncian que se encuentra fuera de servicio desde hace tres meses la C\u00e1mara Gamma del centro de salud -una [&hellip;]<\/p>\n","protected":false},"author":1,"featured_media":19220,"comment_status":"open","ping_status":"open","sticky":false,"template":"","format":"standard","meta":{"_exactmetrics_skip_tracking":false,"_exactmetrics_sitenote_active":false,"_exactmetrics_sitenote_note":"","_exactmetrics_sitenote_category":0,"jnews-multi-image_gallery":[],"jnews_single_post":[],"jnews_primary_category":[],"jnews_social_meta":[],"jnews_review":[],"enable_review":"","type":"","name":"","summary":"","brand":"","sku":"","good":[],"bad":[],"score_override":"","override_value":"","rating":[],"price":[],"jnews_override_counter":[],"jnews_post_split":[],"footnotes":""},"categories":[7,8],"tags":[],"class_list":["post-5866","post","type-post","status-publish","format-standard","has-post-thumbnail","hentry","category-hospitales","category-provinciales"],"jetpack_featured_media_url":"https:\/\/atecordoba.org\/wp-content\/uploads\/2020\/05\/logo-nuevochico-e1561581322808.png","_links":{"self":[{"href":"https:\/\/atecordoba.org\/index.php?rest_route=\/wp\/v2\/posts\/5866","targetHints":{"allow":["GET"]}}],"collection":[{"href":"https:\/\/atecordoba.org\/index.php?rest_route=\/wp\/v2\/posts"}],"about":[{"href":"https:\/\/atecordoba.org\/index.php?rest_route=\/wp\/v2\/types\/post"}],"author":[{"embeddable":true,"href":"https:\/\/atecordoba.org\/index.php?rest_route=\/wp\/v2\/users\/1"}],"replies":[{"embeddable":true,"href":"https:\/\/atecordoba.org\/index.php?rest_route=%2Fwp%2Fv2%2Fcomments&post=5866"}],"version-history":[{"count":0,"href":"https:\/\/atecordoba.org\/index.php?rest_route=\/wp\/v2\/posts\/5866\/revisions"}],"wp:featuredmedia":[{"embeddable":true,"href":"https:\/\/atecordoba.org\/index.php?rest_route=\/wp\/v2\/media\/19220"}],"wp:attachment":[{"href":"https:\/\/atecordoba.org\/index.php?rest_route=%2Fwp%2Fv2%2Fmedia&parent=5866"}],"wp:term":[{"taxonomy":"category","embeddable":true,"href":"https:\/\/atecordoba.org\/index.php?rest_route=%2Fwp%2Fv2%2Fcategories&post=5866"},{"taxonomy":"post_tag","embeddable":true,"href":"https:\/\/atecordoba.org\/index.php?rest_route=%2Fwp%2Fv2%2Ftags&post=5866"}],"curies":[{"name":"wp","href":"https:\/\/api.w.org\/{rel}","templated":true}]}}