{"id":5864,"date":"2015-10-21T18:35:55","date_gmt":"2015-10-21T21:35:55","guid":{"rendered":"http:\/\/www.atecordoba.org\/?p=5864"},"modified":"2015-10-21T18:35:55","modified_gmt":"2015-10-21T21:35:55","slug":"trabajadores-de-la-superintendencia-de-servicios-de-salud-elevaron-un-petitorio-con-sus-reclamos-sectoriales","status":"publish","type":"post","link":"https:\/\/atecordoba.org\/?p=5864","title":{"rendered":"Trabajadores de la Superintendencia de Servicios de Salud elevaron un petitorio con sus reclamos sectoriales"},"content":{"rendered":"<p><em>En el marco del plan de lucha que vienen realizando en todo el pa\u00eds los trabajadores dependientes de la Superintendencia de Servicios de Salud, la asamblea realizada en la Delegaci\u00f3n C\u00f3rdoba del organismo elev\u00f3 un petitorio a las autoridades con los reclamos particulares del sector.<\/em><\/p>\n<p><a href=\"http:\/\/www.atecordoba.org\/wp-content\/uploads\/2015\/10\/IMG-20151008-WA0001-e1444333064214.jpg\"><img loading=\"lazy\" decoding=\"async\" class=\"aligncenter size-full wp-image-5803\" src=\"http:\/\/www.atecordoba.org\/wp-content\/uploads\/2015\/10\/IMG-20151008-WA0001-e1444333064214.jpg\" alt=\"IMG-20151008-WA0001\" width=\"500\" height=\"281\" \/><\/a><\/p>\n<p>Los compa\u00f1eros plantearon al encargado de la Delegaci\u00f3n la efectivizaci\u00f3n\u00a0de\u00a0las recategorizaciones de los agentes Mar\u00eda Elisa Valle, Juan Cruz C\u00e1ceres y Luis Herrera dado que por sus tareas desempe\u00f1adas no se encuentran en la categor\u00eda correspondiente. Vale se\u00f1alar que este a\u00f1o ingresaron nuevos compa\u00f1eros para realizar las mismas funciones con la categor\u00eda correcta.<\/p>\n<p>As\u00ed tambi\u00e9n, insistieron en la necesidad de incrementar personal para tareas generales y atenci\u00f3n al p\u00fablico dado la alta demanda de reclamos que presenta la Delegaci\u00f3n, y autorizar las horas extras \u2013que se realizan en la pr\u00e1ctica- debido a la gran cantidad de trabajo que lleva a cabo la Delegaci\u00f3n.<\/p>\n<p>En ese sentido, plantearon la urgencia de capacitar compa\u00f1eros ingresados recientemente as\u00ed como a aquellos que tienen tareas asignadas con anterioridad \u00a0y cumplimentar con el pedido de puestos de trabajo solicitados oportunamente en octubre de 2014.<\/p>\n","protected":false},"excerpt":{"rendered":"<p>En el marco del plan de lucha que vienen realizando en todo el pa\u00eds los trabajadores dependientes de la Superintendencia de Servicios de Salud, la asamblea realizada en la Delegaci\u00f3n C\u00f3rdoba del organismo elev\u00f3 un petitorio a las autoridades con los reclamos particulares del sector. Los compa\u00f1eros plantearon al encargado de la Delegaci\u00f3n la efectivizaci\u00f3n\u00a0de\u00a0las [&hellip;]<\/p>\n","protected":false},"author":1,"featured_media":19220,"comment_status":"open","ping_status":"open","sticky":false,"template":"","format":"standard","meta":{"_exactmetrics_skip_tracking":false,"_exactmetrics_sitenote_active":false,"_exactmetrics_sitenote_note":"","_exactmetrics_sitenote_category":0,"jnews-multi-image_gallery":[],"jnews_single_post":[],"jnews_primary_category":[],"jnews_social_meta":[],"jnews_review":[],"enable_review":"","type":"","name":"","summary":"","brand":"","sku":"","good":[],"bad":[],"score_override":"","override_value":"","rating":[],"price":[],"jnews_override_counter":[],"jnews_post_split":[],"footnotes":""},"categories":[1],"tags":[],"class_list":["post-5864","post","type-post","status-publish","format-standard","has-post-thumbnail","hentry","category-sin-categoria"],"jetpack_featured_media_url":"https:\/\/atecordoba.org\/wp-content\/uploads\/2020\/05\/logo-nuevochico-e1561581322808.png","_links":{"self":[{"href":"https:\/\/atecordoba.org\/index.php?rest_route=\/wp\/v2\/posts\/5864","targetHints":{"allow":["GET"]}}],"collection":[{"href":"https:\/\/atecordoba.org\/index.php?rest_route=\/wp\/v2\/posts"}],"about":[{"href":"https:\/\/atecordoba.org\/index.php?rest_route=\/wp\/v2\/types\/post"}],"author":[{"embeddable":true,"href":"https:\/\/atecordoba.org\/index.php?rest_route=\/wp\/v2\/users\/1"}],"replies":[{"embeddable":true,"href":"https:\/\/atecordoba.org\/index.php?rest_route=%2Fwp%2Fv2%2Fcomments&post=5864"}],"version-history":[{"count":0,"href":"https:\/\/atecordoba.org\/index.php?rest_route=\/wp\/v2\/posts\/5864\/revisions"}],"wp:featuredmedia":[{"embeddable":true,"href":"https:\/\/atecordoba.org\/index.php?rest_route=\/wp\/v2\/media\/19220"}],"wp:attachment":[{"href":"https:\/\/atecordoba.org\/index.php?rest_route=%2Fwp%2Fv2%2Fmedia&parent=5864"}],"wp:term":[{"taxonomy":"category","embeddable":true,"href":"https:\/\/atecordoba.org\/index.php?rest_route=%2Fwp%2Fv2%2Fcategories&post=5864"},{"taxonomy":"post_tag","embeddable":true,"href":"https:\/\/atecordoba.org\/index.php?rest_route=%2Fwp%2Fv2%2Ftags&post=5864"}],"curies":[{"name":"wp","href":"https:\/\/api.w.org\/{rel}","templated":true}]}}