{"id":5857,"date":"2015-10-16T17:35:35","date_gmt":"2015-10-16T20:35:35","guid":{"rendered":"http:\/\/www.atecordoba.org\/?p=5857"},"modified":"2015-10-16T17:35:35","modified_gmt":"2015-10-16T20:35:35","slug":"paro-por-48-horas-de-los-trabajadores-civiles-de-las-ff-aa","status":"publish","type":"post","link":"https:\/\/atecordoba.org\/?p=5857","title":{"rendered":"Paro por 48 horas\u00a0de los Trabajadores Civiles de las FF.AA.\u00a0"},"content":{"rendered":"<p>&nbsp;<\/p>\n<p><em>ATE realizar\u00e1 la medida de fuerza que se llevar\u00e1 a cabo en todo el pa\u00eds el lunes y martes pr\u00f3ximo. Los trabajadores Civiles de las Fuerzas Armadas rechazan la propuesta de convenio colectivo sectorial que realiz\u00f3 ayer el gobierno nacional, ya que no especifica la escala salarial que entrar\u00e1 en vigencia a partir del 1\u00ba de diciembre.<\/em><\/p>\n<p><a href=\"http:\/\/www.atecordoba.org\/wp-content\/uploads\/2015\/05\/IMG-20150514-WA0010-e1431649133751.jpg\"><img loading=\"lazy\" decoding=\"async\" class=\"aligncenter size-full wp-image-5271\" src=\"http:\/\/www.atecordoba.org\/wp-content\/uploads\/2015\/05\/IMG-20150514-WA0010-e1431649133751.jpg\" alt=\"IMG-20150514-WA0010\" width=\"550\" height=\"413\" \/><\/a><\/p>\n<p>&nbsp;<\/p>\n<p>&#8220;El gobierno pretende que le firmemos un cheque en blanco, es ins\u00f3lito. Vamos al paro para expresar nuestro repudio a la propuesta oficial&#8221;, explic\u00f3 la secretaria de Acci\u00f3n Pol\u00edtica del Concejo Directivo provincial de ATE C\u00f3rdoba, Miriam Martino.<\/p>\n<p>Adem\u00e1s, la propuesta oficial extiende la jornada laboral sin reconocer en el salario la extensi\u00f3n horaria y les quita a los haberes de los trabajadores una serie de \u00edtems que vienen cobrando hasta el momento.<\/p>\n<p>&#8220;En la pr\u00e1ctica es un convenio a la baja, y ATE no pele\u00f3 nueve a\u00f1os para terminar perjudicando la condiciones de trabajo de los compa\u00f1eros. Otras organizaciones gremiales van a firmar positivamente la propuesta oficial, por lo que el convenio entrar\u00e1 en vigencia en los t\u00e9rminos que rechazamos y por eso firmaremos en disconformidad. El importante tener un convenio colectivo pero lamentablemente la Presidente Cristina Fern\u00e1ndez de Kirchner se despide del gobierno implementando un convenio a la baja para el segundo sectorial en cantidad de trabajadores del Estado nacional&#8221;, consider\u00f3 la dirigente.<\/p>\n<p>El paro nacional lo resolvi\u00f3 la conducci\u00f3n nacional de ATE y ser\u00e1 sin concurrencia a los lugares de trabajo.<\/p>\n<p>&nbsp;<\/p>\n<p>Mar\u00eda Teresa Romero<\/p>\n<p>Secretaria General<\/p>\n<p>&nbsp;<\/p>\n<p>&nbsp;<\/p>\n","protected":false},"excerpt":{"rendered":"<p>&nbsp; ATE realizar\u00e1 la medida de fuerza que se llevar\u00e1 a cabo en todo el pa\u00eds el lunes y martes pr\u00f3ximo. Los trabajadores Civiles de las Fuerzas Armadas rechazan la propuesta de convenio colectivo sectorial que realiz\u00f3 ayer el gobierno nacional, ya que no especifica la escala salarial que entrar\u00e1 en vigencia a partir del [&hellip;]<\/p>\n","protected":false},"author":1,"featured_media":19220,"comment_status":"open","ping_status":"open","sticky":false,"template":"","format":"standard","meta":{"_exactmetrics_skip_tracking":false,"_exactmetrics_sitenote_active":false,"_exactmetrics_sitenote_note":"","_exactmetrics_sitenote_category":0,"jnews-multi-image_gallery":[],"jnews_single_post":[],"jnews_primary_category":[],"jnews_social_meta":[],"jnews_review":[],"enable_review":"","type":"","name":"","summary":"","brand":"","sku":"","good":[],"bad":[],"score_override":"","override_value":"","rating":[],"price":[],"jnews_override_counter":[],"jnews_post_split":[],"footnotes":""},"categories":[18,9],"tags":[],"class_list":["post-5857","post","type-post","status-publish","format-standard","has-post-thumbnail","hentry","category-nacionales","category-trabajadores-civiles-ff-aa"],"jetpack_featured_media_url":"https:\/\/atecordoba.org\/wp-content\/uploads\/2020\/05\/logo-nuevochico-e1561581322808.png","_links":{"self":[{"href":"https:\/\/atecordoba.org\/index.php?rest_route=\/wp\/v2\/posts\/5857","targetHints":{"allow":["GET"]}}],"collection":[{"href":"https:\/\/atecordoba.org\/index.php?rest_route=\/wp\/v2\/posts"}],"about":[{"href":"https:\/\/atecordoba.org\/index.php?rest_route=\/wp\/v2\/types\/post"}],"author":[{"embeddable":true,"href":"https:\/\/atecordoba.org\/index.php?rest_route=\/wp\/v2\/users\/1"}],"replies":[{"embeddable":true,"href":"https:\/\/atecordoba.org\/index.php?rest_route=%2Fwp%2Fv2%2Fcomments&post=5857"}],"version-history":[{"count":0,"href":"https:\/\/atecordoba.org\/index.php?rest_route=\/wp\/v2\/posts\/5857\/revisions"}],"wp:featuredmedia":[{"embeddable":true,"href":"https:\/\/atecordoba.org\/index.php?rest_route=\/wp\/v2\/media\/19220"}],"wp:attachment":[{"href":"https:\/\/atecordoba.org\/index.php?rest_route=%2Fwp%2Fv2%2Fmedia&parent=5857"}],"wp:term":[{"taxonomy":"category","embeddable":true,"href":"https:\/\/atecordoba.org\/index.php?rest_route=%2Fwp%2Fv2%2Fcategories&post=5857"},{"taxonomy":"post_tag","embeddable":true,"href":"https:\/\/atecordoba.org\/index.php?rest_route=%2Fwp%2Fv2%2Ftags&post=5857"}],"curies":[{"name":"wp","href":"https:\/\/api.w.org\/{rel}","templated":true}]}}