{"id":5854,"date":"2015-10-15T19:33:32","date_gmt":"2015-10-15T22:33:32","guid":{"rendered":"http:\/\/www.atecordoba.org\/?p=5854"},"modified":"2015-10-15T19:33:32","modified_gmt":"2015-10-15T22:33:32","slug":"plan-de-lucha-en-la-superintendencia-de-servicios-de-salud","status":"publish","type":"post","link":"https:\/\/atecordoba.org\/?p=5854","title":{"rendered":"Plan de lucha en la Superintendencia de Servicios de Salud"},"content":{"rendered":"<p style=\"margin-bottom: .0001pt; line-height: normal;\"><span style=\"font-size: 12.0pt; font-family: 'Times New Roman','serif';\"><em>Desde hoy y hasta el martes que viene, los trabajadores dependientes de la Superintendencia de Servicios de Salud realizan medidas de fuerza en el marco de un plan de lucha resuelto por la Junta Interna de ATE del sector para las dependencias del organismo en todo el pa\u00eds.<\/em> <\/span><\/p>\n<p style=\"margin-bottom: .0001pt; line-height: normal;\"><a href=\"http:\/\/www.atecordoba.org\/wp-content\/uploads\/2015\/10\/IMG-20151008-WA0001-e1444333064214.jpg\"><img loading=\"lazy\" decoding=\"async\" class=\"aligncenter size-full wp-image-5803\" src=\"http:\/\/www.atecordoba.org\/wp-content\/uploads\/2015\/10\/IMG-20151008-WA0001-e1444333064214.jpg\" alt=\"IMG-20151008-WA0001\" width=\"500\" height=\"281\" \/><\/a><\/p>\n<p style=\"margin-bottom: .0001pt; line-height: normal;\"><span style=\"font-size: 12.0pt; font-family: 'Times New Roman','serif';\">A nivel nacional los trabajadores realizan cuatro d\u00edas de paro, medida que se traslada a C\u00f3rdoba con asambleas de dos horas por turno, entre las 11 y las 13 horas, que afectar\u00e1n la atenci\u00f3n. <\/span><\/p>\n<p style=\"margin-bottom: .0001pt; line-height: normal;\"><span style=\"font-size: 12.0pt; font-family: 'Times New Roman','serif';\">Los trabajadores reclaman el cumplimiento de la recategorizaciones pendientes, tanto por capacitaci\u00f3n (en funci\u00f3n de los estudios superiores que posee cada compa\u00f1ero) o por funci\u00f3n (obligaciones laborales por encima de su categor\u00eda). En C\u00f3rdoba esta situaci\u00f3n afecta alrededor del 40% del plantel de empleados.<\/span><\/p>\n<p style=\"margin-bottom: .0001pt; line-height: normal;\"><span style=\"font-size: 12.0pt; font-family: 'Times New Roman','serif';\">Adem\u00e1s, las asambleas vienen reclamando el pase a planta de los trabajadores, frente a la abusiva utilizaci\u00f3n de los contratos a plazo que realiza la patronal. Por caso, en Capital Federal de 900 trabajadores, 700 se encuentran contratados en abierto fraude laboral conforme la normativa vigente. Esta realidad impacta en el 100% de los compa\u00f1eros del organismo en C\u00f3rdoba.<\/span><\/p>\n<p style=\"margin-bottom: .0001pt; line-height: normal;\"><span style=\"font-size: 12.0pt; font-family: 'Times New Roman','serif';\">Por \u00faltimo, los trabajadores exigen los compromisos asumidos por las autoridades de la Superintendencia respecto al pago de las unidades retributivas, derivadas del cobro del canon por regulaci\u00f3n de las empresas de medicina prepaga, pendientes desde enero de este a\u00f1o. &#8220;La patronal se comprometi\u00f3 por acta en el Ministerio de Trabajo a pagar ese \u00edtem pero nunca cumpli\u00f3. Encima cuando la Junta Interna solicita una audiencia para plantear estos problemas, las autoridades no la reciben. Los compa\u00f1eros est\u00e1n dispuestos a mantener el plan de lucha hasta lograr una respecta efectiva a los planteos&#8221;, resumi\u00f3 la delegada de ATE, Victoria Dall Aglio.<\/span><\/p>\n<p style=\"margin-bottom: .0001pt; line-height: normal;\"><span style=\"font-size: 12.0pt; font-family: 'Times New Roman','serif';\">En C\u00f3rdoba ATE realiz\u00f3 elecciones de delegados este mes que consagraron a Dall Aglio como representante del sector, dando un salto organizativo fundamental para lograr mejoras en las condiciones salariales y de trabajo del sector.<\/span><\/p>\n<p style=\"margin-bottom: .0001pt; line-height: normal;\"><span style=\"font-size: 12.0pt; font-family: 'Times New Roman','serif';\">\u00a0<\/span><\/p>\n<p style=\"margin-bottom: .0001pt; line-height: normal;\"><span style=\"font-size: 12.0pt; font-family: 'Times New Roman','serif';\">Mar\u00eda Teresa Romero<\/span><\/p>\n<p style=\"margin-bottom: .0001pt; line-height: normal;\"><span style=\"font-size: 12.0pt; font-family: 'Times New Roman','serif';\">Secretaria General<\/span><\/p>\n","protected":false},"excerpt":{"rendered":"<p>Desde hoy y hasta el martes que viene, los trabajadores dependientes de la Superintendencia de Servicios de Salud realizan medidas de fuerza en el marco de un plan de lucha resuelto por la Junta Interna de ATE del sector para las dependencias del organismo en todo el pa\u00eds. A nivel nacional los trabajadores realizan cuatro [&hellip;]<\/p>\n","protected":false},"author":1,"featured_media":19220,"comment_status":"open","ping_status":"open","sticky":false,"template":"","format":"standard","meta":{"_exactmetrics_skip_tracking":false,"_exactmetrics_sitenote_active":false,"_exactmetrics_sitenote_note":"","_exactmetrics_sitenote_category":0,"jnews-multi-image_gallery":[],"jnews_single_post":[],"jnews_primary_category":[],"jnews_social_meta":[],"jnews_review":[],"enable_review":"","type":"","name":"","summary":"","brand":"","sku":"","good":[],"bad":[],"score_override":"","override_value":"","rating":[],"price":[],"jnews_override_counter":[],"jnews_post_split":[],"footnotes":""},"categories":[18],"tags":[],"class_list":["post-5854","post","type-post","status-publish","format-standard","has-post-thumbnail","hentry","category-nacionales"],"jetpack_featured_media_url":"https:\/\/atecordoba.org\/wp-content\/uploads\/2020\/05\/logo-nuevochico-e1561581322808.png","_links":{"self":[{"href":"https:\/\/atecordoba.org\/index.php?rest_route=\/wp\/v2\/posts\/5854","targetHints":{"allow":["GET"]}}],"collection":[{"href":"https:\/\/atecordoba.org\/index.php?rest_route=\/wp\/v2\/posts"}],"about":[{"href":"https:\/\/atecordoba.org\/index.php?rest_route=\/wp\/v2\/types\/post"}],"author":[{"embeddable":true,"href":"https:\/\/atecordoba.org\/index.php?rest_route=\/wp\/v2\/users\/1"}],"replies":[{"embeddable":true,"href":"https:\/\/atecordoba.org\/index.php?rest_route=%2Fwp%2Fv2%2Fcomments&post=5854"}],"version-history":[{"count":0,"href":"https:\/\/atecordoba.org\/index.php?rest_route=\/wp\/v2\/posts\/5854\/revisions"}],"wp:featuredmedia":[{"embeddable":true,"href":"https:\/\/atecordoba.org\/index.php?rest_route=\/wp\/v2\/media\/19220"}],"wp:attachment":[{"href":"https:\/\/atecordoba.org\/index.php?rest_route=%2Fwp%2Fv2%2Fmedia&parent=5854"}],"wp:term":[{"taxonomy":"category","embeddable":true,"href":"https:\/\/atecordoba.org\/index.php?rest_route=%2Fwp%2Fv2%2Fcategories&post=5854"},{"taxonomy":"post_tag","embeddable":true,"href":"https:\/\/atecordoba.org\/index.php?rest_route=%2Fwp%2Fv2%2Ftags&post=5854"}],"curies":[{"name":"wp","href":"https:\/\/api.w.org\/{rel}","templated":true}]}}