{"id":5846,"date":"2015-10-13T19:43:25","date_gmt":"2015-10-13T22:43:25","guid":{"rendered":"http:\/\/www.atecordoba.org\/?p=5846"},"modified":"2015-10-13T19:43:25","modified_gmt":"2015-10-13T22:43:25","slug":"marta-juarez-despedida-a-una-companera-militante","status":"publish","type":"post","link":"https:\/\/atecordoba.org\/?p=5846","title":{"rendered":"Marta Ju\u00e1rez, despedida a una compa\u00f1era militante"},"content":{"rendered":"<div><\/div>\n<div style=\"text-align: left;\"><em>El Consejo Directivo Provincial de ATE C\u00f3rdoba lamenta el fallecimiento de la compa\u00f1era Marta Ju\u00e1rez, a quien conocimos en las calles de C\u00f3rdoba, luchando en defensa del campo popular, defendiendo a los humildes, dejando constancia de que la defensa de los derechos de los trabajadores, es una posici\u00f3n activa, que no mezquina tiempo ni cuerpo.<\/em><\/div>\n<div style=\"text-align: left;\"><a href=\"http:\/\/www.atecordoba.org\/wp-content\/uploads\/2015\/10\/Marta-juarez.jpg\"><img loading=\"lazy\" decoding=\"async\" class=\"aligncenter size-full wp-image-5847\" src=\"http:\/\/www.atecordoba.org\/wp-content\/uploads\/2015\/10\/Marta-juarez.jpg\" alt=\"Marta-juarez\" width=\"300\" height=\"260\" \/><\/a><\/div>\n<div style=\"text-align: left;\"><\/div>\n<div style=\"text-align: left;\">Enviamos por este medio nuestras condolencias a su familia y a sus compa\u00f1eros de militancia.<\/div>\n<div style=\"text-align: left;\">Descansa en paz Marta<\/div>\n<div style=\"text-align: left;\"><\/div>\n<div style=\"text-align: right;\">Mar\u00eda Teresa Romero<\/div>\n<div style=\"text-align: right;\">Secretaria General<\/div>\n","protected":false},"excerpt":{"rendered":"<p>El Consejo Directivo Provincial de ATE C\u00f3rdoba lamenta el fallecimiento de la compa\u00f1era Marta Ju\u00e1rez, a quien conocimos en las calles de C\u00f3rdoba, luchando en defensa del campo popular, defendiendo a los humildes, dejando constancia de que la defensa de los derechos de los trabajadores, es una posici\u00f3n activa, que no mezquina tiempo ni cuerpo. [&hellip;]<\/p>\n","protected":false},"author":1,"featured_media":19220,"comment_status":"open","ping_status":"open","sticky":false,"template":"","format":"standard","meta":{"_exactmetrics_skip_tracking":false,"_exactmetrics_sitenote_active":false,"_exactmetrics_sitenote_note":"","_exactmetrics_sitenote_category":0,"jnews-multi-image_gallery":[],"jnews_single_post":[],"jnews_primary_category":[],"jnews_social_meta":[],"jnews_review":[],"enable_review":"","type":"","name":"","summary":"","brand":"","sku":"","good":[],"bad":[],"score_override":"","override_value":"","rating":[],"price":[],"jnews_override_counter":[],"jnews_post_split":[],"footnotes":""},"categories":[1],"tags":[],"class_list":["post-5846","post","type-post","status-publish","format-standard","has-post-thumbnail","hentry","category-sin-categoria"],"jetpack_featured_media_url":"https:\/\/atecordoba.org\/wp-content\/uploads\/2020\/05\/logo-nuevochico-e1561581322808.png","_links":{"self":[{"href":"https:\/\/atecordoba.org\/index.php?rest_route=\/wp\/v2\/posts\/5846","targetHints":{"allow":["GET"]}}],"collection":[{"href":"https:\/\/atecordoba.org\/index.php?rest_route=\/wp\/v2\/posts"}],"about":[{"href":"https:\/\/atecordoba.org\/index.php?rest_route=\/wp\/v2\/types\/post"}],"author":[{"embeddable":true,"href":"https:\/\/atecordoba.org\/index.php?rest_route=\/wp\/v2\/users\/1"}],"replies":[{"embeddable":true,"href":"https:\/\/atecordoba.org\/index.php?rest_route=%2Fwp%2Fv2%2Fcomments&post=5846"}],"version-history":[{"count":0,"href":"https:\/\/atecordoba.org\/index.php?rest_route=\/wp\/v2\/posts\/5846\/revisions"}],"wp:featuredmedia":[{"embeddable":true,"href":"https:\/\/atecordoba.org\/index.php?rest_route=\/wp\/v2\/media\/19220"}],"wp:attachment":[{"href":"https:\/\/atecordoba.org\/index.php?rest_route=%2Fwp%2Fv2%2Fmedia&parent=5846"}],"wp:term":[{"taxonomy":"category","embeddable":true,"href":"https:\/\/atecordoba.org\/index.php?rest_route=%2Fwp%2Fv2%2Fcategories&post=5846"},{"taxonomy":"post_tag","embeddable":true,"href":"https:\/\/atecordoba.org\/index.php?rest_route=%2Fwp%2Fv2%2Ftags&post=5846"}],"curies":[{"name":"wp","href":"https:\/\/api.w.org\/{rel}","templated":true}]}}