{"id":5837,"date":"2015-10-13T18:42:22","date_gmt":"2015-10-13T21:42:22","guid":{"rendered":"http:\/\/www.atecordoba.org\/?p=5837"},"modified":"2015-10-13T18:42:22","modified_gmt":"2015-10-13T21:42:22","slug":"trabajadores-civiles-elijen-delegados-en-la-2o-division-del-ejercito","status":"publish","type":"post","link":"https:\/\/atecordoba.org\/?p=5837","title":{"rendered":"Trabajadores Civiles elijen delegados en la 2\u00ba divisi\u00f3n del Ej\u00e9rcito"},"content":{"rendered":"<p><em>Por primera vez ATE realiz\u00f3 una elecci\u00f3n de delegados en el sector. Particip\u00f3 el 54% del padr\u00f3n.<\/em><\/p>\n<p><a href=\"http:\/\/www.atecordoba.org\/wp-content\/uploads\/2015\/10\/IMG-20151013-WA0002-e1444772440750.jpg\"><img loading=\"lazy\" decoding=\"async\" class=\"aligncenter size-full wp-image-5838\" src=\"http:\/\/www.atecordoba.org\/wp-content\/uploads\/2015\/10\/IMG-20151013-WA0002-e1444772440750.jpg\" alt=\"IMG-20151013-WA0002\" width=\"550\" height=\"413\" \/><\/a><\/p>\n<p>El pasado 6 de octubre se realizaron por primera vez la elecci\u00f3n de delegados de nuestro gremio en la Segunda Divisi\u00f3n del Ejercito y la Cuarta Brigada.<\/p>\n<p>En la oportunidad particip\u00f3 el 54% del padr\u00f3n y resultaron elegidos los compa\u00f1eros Liliana Castro, Fernando Mejias, Silvia Champagne y Mariana Rodr\u00edguez. Se trata de un sector donde los trabajadores civiles de las FF.AA. tuvieron mayores dificultades para organizarse debido al autoritarismo que impera hist\u00f3ricamente, acorde a la actividad de los militares que tiene a cargo la autoridad sobre los compa\u00f1eros.<\/p>\n<p>Sin embargo, tras un fuerte trabajo sindical, ATE comenz\u00f3 a hacer pie en el sector, extendiendo el crecimiento organizativo de nuestro gremio entre los trabajadores civiles.<\/p>\n<p><a href=\"http:\/\/www.atecordoba.org\/wp-content\/uploads\/2015\/10\/IMG-20151013-WA0004.jpg\"><img loading=\"lazy\" decoding=\"async\" class=\"aligncenter  wp-image-5839\" src=\"http:\/\/www.atecordoba.org\/wp-content\/uploads\/2015\/10\/IMG-20151013-WA0004.jpg\" alt=\"IMG-20151013-WA0004\" width=\"551\" height=\"310\" \/><\/a><\/p>\n<p>Entre los principales reclamos de los compa\u00f1eros, se cuenta con la falta de reconocimiento de un suplemento salarial para 130 trabajadores, la carencia de ropa de trabajo, el pase a planta de los trabajadores &#8216;plegadistas&#8217;, y el fin de la discriminaci\u00f3n de aquellos compa\u00f1eros que deben quedarse una hora m\u00e1s en su lugar de trabajo, a diferencia de otro grupo, por decisi\u00f3n del comandante responsable, sin motivo aparente.<\/p>\n<p>Se trata de un nuevo sector se que suma a ATE. Los compa\u00f1eros comenzaron a afiliarse masivamente en mayo pasado.<\/p>\n<p><a href=\"http:\/\/www.atecordoba.org\/wp-content\/uploads\/2015\/10\/IMG-20151013-WA0003-e1444772506336.jpg\"><img loading=\"lazy\" decoding=\"async\" class=\"aligncenter size-full wp-image-5840\" src=\"http:\/\/www.atecordoba.org\/wp-content\/uploads\/2015\/10\/IMG-20151013-WA0003-e1444772506336.jpg\" alt=\"IMG-20151013-WA0003\" width=\"550\" height=\"733\" \/><\/a><\/p>\n<p>&nbsp;<\/p>\n","protected":false},"excerpt":{"rendered":"<p>Por primera vez ATE realiz\u00f3 una elecci\u00f3n de delegados en el sector. Particip\u00f3 el 54% del padr\u00f3n. El pasado 6 de octubre se realizaron por primera vez la elecci\u00f3n de delegados de nuestro gremio en la Segunda Divisi\u00f3n del Ejercito y la Cuarta Brigada. En la oportunidad particip\u00f3 el 54% del padr\u00f3n y resultaron elegidos [&hellip;]<\/p>\n","protected":false},"author":1,"featured_media":19220,"comment_status":"open","ping_status":"open","sticky":false,"template":"","format":"standard","meta":{"_exactmetrics_skip_tracking":false,"_exactmetrics_sitenote_active":false,"_exactmetrics_sitenote_note":"","_exactmetrics_sitenote_category":0,"jnews-multi-image_gallery":[],"jnews_single_post":[],"jnews_primary_category":[],"jnews_social_meta":[],"jnews_review":[],"enable_review":"","type":"","name":"","summary":"","brand":"","sku":"","good":[],"bad":[],"score_override":"","override_value":"","rating":[],"price":[],"jnews_override_counter":[],"jnews_post_split":[],"footnotes":""},"categories":[18,9],"tags":[],"class_list":["post-5837","post","type-post","status-publish","format-standard","has-post-thumbnail","hentry","category-nacionales","category-trabajadores-civiles-ff-aa"],"jetpack_featured_media_url":"https:\/\/atecordoba.org\/wp-content\/uploads\/2020\/05\/logo-nuevochico-e1561581322808.png","_links":{"self":[{"href":"https:\/\/atecordoba.org\/index.php?rest_route=\/wp\/v2\/posts\/5837","targetHints":{"allow":["GET"]}}],"collection":[{"href":"https:\/\/atecordoba.org\/index.php?rest_route=\/wp\/v2\/posts"}],"about":[{"href":"https:\/\/atecordoba.org\/index.php?rest_route=\/wp\/v2\/types\/post"}],"author":[{"embeddable":true,"href":"https:\/\/atecordoba.org\/index.php?rest_route=\/wp\/v2\/users\/1"}],"replies":[{"embeddable":true,"href":"https:\/\/atecordoba.org\/index.php?rest_route=%2Fwp%2Fv2%2Fcomments&post=5837"}],"version-history":[{"count":0,"href":"https:\/\/atecordoba.org\/index.php?rest_route=\/wp\/v2\/posts\/5837\/revisions"}],"wp:featuredmedia":[{"embeddable":true,"href":"https:\/\/atecordoba.org\/index.php?rest_route=\/wp\/v2\/media\/19220"}],"wp:attachment":[{"href":"https:\/\/atecordoba.org\/index.php?rest_route=%2Fwp%2Fv2%2Fmedia&parent=5837"}],"wp:term":[{"taxonomy":"category","embeddable":true,"href":"https:\/\/atecordoba.org\/index.php?rest_route=%2Fwp%2Fv2%2Fcategories&post=5837"},{"taxonomy":"post_tag","embeddable":true,"href":"https:\/\/atecordoba.org\/index.php?rest_route=%2Fwp%2Fv2%2Ftags&post=5837"}],"curies":[{"name":"wp","href":"https:\/\/api.w.org\/{rel}","templated":true}]}}