{"id":5833,"date":"2015-10-13T18:11:37","date_gmt":"2015-10-13T21:11:37","guid":{"rendered":"http:\/\/www.atecordoba.org\/?p=5833"},"modified":"2015-10-13T18:11:37","modified_gmt":"2015-10-13T21:11:37","slug":"ate-amplia-el-cuerpo-de-delegados-en-san-marcos-sierra","status":"publish","type":"post","link":"https:\/\/atecordoba.org\/?p=5833","title":{"rendered":"ATE amplia el cuerpo de delegados en San Marcos Sierra"},"content":{"rendered":"<p><em>Con la elecci\u00f3n de una nueva delegada en la Casa de la Cultura, ya son cuatro los delegados de ATE en el sector.\u00a0<\/em><\/p>\n<p><a href=\"http:\/\/www.atecordoba.org\/wp-content\/uploads\/2015\/10\/delegada-susana-sampayo-e1444770675249.jpg\"><img loading=\"lazy\" decoding=\"async\" class=\"aligncenter size-full wp-image-5834\" src=\"http:\/\/www.atecordoba.org\/wp-content\/uploads\/2015\/10\/delegada-susana-sampayo-e1444770675249.jpg\" alt=\"delegada susana sampayo\" width=\"550\" height=\"309\" \/><\/a><\/p>\n<p>La elecci\u00f3n se realiz\u00f3 el pasado 30 de septiembre y consagr\u00f3 a la compa\u00f1era Susana Sampayo como delegada de ATE\u00a0en la Casa de la Cultura de San Marcos Sierra.<\/p>\n<p>De esta forma, ya son cuatro los delegados de nuestro gremio en la localidad serrana. ATE logr\u00f3\u00a0que\u00a0la patronal municipal efectivice una serie de reclamos que los trabajadores ven\u00edan arrastrando hace tiempo, como la liquidaci\u00f3n de los sueldos atrasados y el pase a planta de una treintena de contratados, entre otros puntos.<\/p>\n<p>En consecuencia, ATE profundiza su crecimiento organizativo en los municipios del norte provincial.<\/p>\n<p>&nbsp;<\/p>\n<p>&nbsp;<\/p>\n","protected":false},"excerpt":{"rendered":"<p>Con la elecci\u00f3n de una nueva delegada en la Casa de la Cultura, ya son cuatro los delegados de ATE en el sector.\u00a0 La elecci\u00f3n se realiz\u00f3 el pasado 30 de septiembre y consagr\u00f3 a la compa\u00f1era Susana Sampayo como delegada de ATE\u00a0en la Casa de la Cultura de San Marcos Sierra. De esta forma, [&hellip;]<\/p>\n","protected":false},"author":1,"featured_media":19220,"comment_status":"open","ping_status":"open","sticky":false,"template":"","format":"standard","meta":{"_exactmetrics_skip_tracking":false,"_exactmetrics_sitenote_active":false,"_exactmetrics_sitenote_note":"","_exactmetrics_sitenote_category":0,"jnews-multi-image_gallery":[],"jnews_single_post":[],"jnews_primary_category":[],"jnews_social_meta":[],"jnews_review":[],"enable_review":"","type":"","name":"","summary":"","brand":"","sku":"","good":[],"bad":[],"score_override":"","override_value":"","rating":[],"price":[],"jnews_override_counter":[],"jnews_post_split":[],"footnotes":""},"categories":[20],"tags":[],"class_list":["post-5833","post","type-post","status-publish","format-standard","has-post-thumbnail","hentry","category-municipales"],"jetpack_featured_media_url":"https:\/\/atecordoba.org\/wp-content\/uploads\/2020\/05\/logo-nuevochico-e1561581322808.png","_links":{"self":[{"href":"https:\/\/atecordoba.org\/index.php?rest_route=\/wp\/v2\/posts\/5833","targetHints":{"allow":["GET"]}}],"collection":[{"href":"https:\/\/atecordoba.org\/index.php?rest_route=\/wp\/v2\/posts"}],"about":[{"href":"https:\/\/atecordoba.org\/index.php?rest_route=\/wp\/v2\/types\/post"}],"author":[{"embeddable":true,"href":"https:\/\/atecordoba.org\/index.php?rest_route=\/wp\/v2\/users\/1"}],"replies":[{"embeddable":true,"href":"https:\/\/atecordoba.org\/index.php?rest_route=%2Fwp%2Fv2%2Fcomments&post=5833"}],"version-history":[{"count":0,"href":"https:\/\/atecordoba.org\/index.php?rest_route=\/wp\/v2\/posts\/5833\/revisions"}],"wp:featuredmedia":[{"embeddable":true,"href":"https:\/\/atecordoba.org\/index.php?rest_route=\/wp\/v2\/media\/19220"}],"wp:attachment":[{"href":"https:\/\/atecordoba.org\/index.php?rest_route=%2Fwp%2Fv2%2Fmedia&parent=5833"}],"wp:term":[{"taxonomy":"category","embeddable":true,"href":"https:\/\/atecordoba.org\/index.php?rest_route=%2Fwp%2Fv2%2Fcategories&post=5833"},{"taxonomy":"post_tag","embeddable":true,"href":"https:\/\/atecordoba.org\/index.php?rest_route=%2Fwp%2Fv2%2Ftags&post=5833"}],"curies":[{"name":"wp","href":"https:\/\/api.w.org\/{rel}","templated":true}]}}