{"id":5823,"date":"2015-10-13T17:06:06","date_gmt":"2015-10-13T20:06:06","guid":{"rendered":"http:\/\/www.atecordoba.org\/?p=5823"},"modified":"2015-10-13T17:06:06","modified_gmt":"2015-10-13T20:06:06","slug":"paro-de-48-horas-en-inti-a-dos-meses-de-la-represion-en-capital-federal","status":"publish","type":"post","link":"https:\/\/atecordoba.org\/?p=5823","title":{"rendered":"Paro nacional de 48 horas en INTI a dos meses de la represi\u00f3n en Capital Federal"},"content":{"rendered":"<p><em>Hoy se cumple la primera de las jornadas del paro por 48 horas que los trabajadores del Instituto Nacional de Tecnolog\u00eda Industrial (INTI), al cumplirse dos meses de la represi\u00f3n que sufrieron en la puerta de la sede del organismo en la Ciudad de Buenos Aires. La huelga se desarrolla en el marco del plan de lucha contra la precarizaci\u00f3n laboral y el fin del vaciamiento del sector. En C\u00f3rdoba, la medida de fuerza tendr\u00e1 la modalidad de 36 horas, a partir de las 0 horas del mi\u00e9rcoles.\u00a0<\/em><\/p>\n<p><a href=\"http:\/\/www.atecordoba.org\/wp-content\/uploads\/2015\/10\/marcah-bs-as-2.jpg\"><img loading=\"lazy\" decoding=\"async\" class=\"aligncenter size-full wp-image-5824\" src=\"http:\/\/www.atecordoba.org\/wp-content\/uploads\/2015\/10\/marcah-bs-as-2.jpg\" alt=\"marcah bs as 2\" width=\"620\" height=\"394\" \/><\/a><\/p>\n<p>Los trabajadores de la sede C\u00f3rdoba del INTI paralizaron hoy totalmente las actividades del organismo, en l\u00ednea con el paro nacional por 48 horas que desarrolla el sector, al cumplirse dos meses de la brutal represi\u00f3n que sufrieron los compa\u00f1eros de la Capital Federal.<\/p>\n<p>En repudio al accionar policial, a las causas penales abiertas a tres compa\u00f1eros, denunciando la militarizaci\u00f3n que agobia al organismo, los trabajadores extender\u00e1n la medida de fuerza a ma\u00f1ana, cuando realizar\u00e1n una movilizaci\u00f3n a la Jefatura de Gabinete Nacional<\/p>\n<p>Todo se desarrolla en el marco de un plan de lucha contra la precarizaci\u00f3n laboral, en reclamo del pase a planta permanente de la gran cantidad del plantel del personal, contratado a plazo en abierta pr\u00e1ctica fraude laboral de parte del Estado empleador, y en rechazo a las designaciones a dedo en el organismo.<\/p>\n<p><a href=\"http:\/\/www.atecordoba.org\/wp-content\/uploads\/2015\/10\/paro-INTI-e1444766698226.jpg\"><img loading=\"lazy\" decoding=\"async\" class=\"aligncenter size-full wp-image-5825\" src=\"http:\/\/www.atecordoba.org\/wp-content\/uploads\/2015\/10\/paro-INTI-e1444766698226.jpg\" alt=\"paro INTI\" width=\"550\" height=\"310\" \/><\/a><\/p>\n<p>De la misma forma, los trabajadores denuncian y rechazan el vaciamiento del INTI, situaci\u00f3n que se viene produciendo hace tiempo. La asamblea de trabajadores de la Delegaci\u00f3n C\u00f3rdoba del INTI resolvi\u00f3 que el paro sea sin asistencia y de 36 horas, a partir de las 0 horas del mi\u00e9rcoles y hasta las 12 horas del jueves 15 del corriente.<\/p>\n<p>Vale se\u00f1alar que efectivos de la Polic\u00eda Federal, vestidos de civil, secuestraron durante varias horas a dos trabajadores del INTI, en un hecho de profunda gravedad ocurrido el pasado 6 de agosto, luego de varias horas de finalizada una manifestaci\u00f3n con corte total de la Avenida General Paz.<\/p>\n<p>Los polic\u00edas,\u00a0<span id=\"OBJ_PREFIX_DWT488_com_zimbra_date\">pertenecientes a la comisar\u00eda, 47 emboscaron a varias cuadras del INTI a los compa\u00f1eros que regresaban a sus hogares a m\u00e1s de 5 horas de haber finalizado la protesta, haci\u00e9ndolos bajar de sus veh\u00edculos particulares, golpe\u00e1ndolos y subi\u00e9ndolos por la fuerza a un patrullero, sin informarles el porqu\u00e9 de la detenci\u00f3n ni ad\u00f3nde los trasladaban.<\/span><\/p>\n<p>El hecho gener\u00f3 el repudio y la denuncia p\u00fablica de ATE en su conjunto, y dio muestras de la escalada de criminalizaci\u00f3n de la protesta social que embarga a las autoridades nacionales.<\/p>\n<p>Como respuesta a<span id=\"OBJ_PREFIX_DWT488_com_zimbra_date\"> este hecho grav\u00edsimo, se realiz\u00f3 una marcha de repudio al Ministerio de Industria, a cuya cartera pertenece el INTI, exigiendo una respuesta a la ministra D\u00e9bora Giorgi. La manifestaci\u00f3n cont\u00f3 con la presencia de trabajadores del INTI de distintos puntos del pa\u00eds y de trabajadores y delegados de otras reparticiones.<\/span><\/p>\n<p>De no mediar una respuesta efectiva a los planteos realizados, los trabajadores confirmaron que \u00a0mantendr\u00e1n en lo sucesivo las medidas de fuerza.<\/p>\n<p>&nbsp;<\/p>\n<p>&nbsp;<\/p>\n","protected":false},"excerpt":{"rendered":"<p>Hoy se cumple la primera de las jornadas del paro por 48 horas que los trabajadores del Instituto Nacional de Tecnolog\u00eda Industrial (INTI), al cumplirse dos meses de la represi\u00f3n que sufrieron en la puerta de la sede del organismo en la Ciudad de Buenos Aires. La huelga se desarrolla en el marco del plan [&hellip;]<\/p>\n","protected":false},"author":1,"featured_media":19220,"comment_status":"open","ping_status":"open","sticky":false,"template":"","format":"standard","meta":{"_exactmetrics_skip_tracking":false,"_exactmetrics_sitenote_active":false,"_exactmetrics_sitenote_note":"","_exactmetrics_sitenote_category":0,"jnews-multi-image_gallery":[],"jnews_single_post":[],"jnews_primary_category":[],"jnews_social_meta":[],"jnews_review":[],"enable_review":"","type":"","name":"","summary":"","brand":"","sku":"","good":[],"bad":[],"score_override":"","override_value":"","rating":[],"price":[],"jnews_override_counter":[],"jnews_post_split":[],"footnotes":""},"categories":[100,18],"tags":[],"class_list":["post-5823","post","type-post","status-publish","format-standard","has-post-thumbnail","hentry","category-inti","category-nacionales"],"jetpack_featured_media_url":"https:\/\/atecordoba.org\/wp-content\/uploads\/2020\/05\/logo-nuevochico-e1561581322808.png","_links":{"self":[{"href":"https:\/\/atecordoba.org\/index.php?rest_route=\/wp\/v2\/posts\/5823","targetHints":{"allow":["GET"]}}],"collection":[{"href":"https:\/\/atecordoba.org\/index.php?rest_route=\/wp\/v2\/posts"}],"about":[{"href":"https:\/\/atecordoba.org\/index.php?rest_route=\/wp\/v2\/types\/post"}],"author":[{"embeddable":true,"href":"https:\/\/atecordoba.org\/index.php?rest_route=\/wp\/v2\/users\/1"}],"replies":[{"embeddable":true,"href":"https:\/\/atecordoba.org\/index.php?rest_route=%2Fwp%2Fv2%2Fcomments&post=5823"}],"version-history":[{"count":0,"href":"https:\/\/atecordoba.org\/index.php?rest_route=\/wp\/v2\/posts\/5823\/revisions"}],"wp:featuredmedia":[{"embeddable":true,"href":"https:\/\/atecordoba.org\/index.php?rest_route=\/wp\/v2\/media\/19220"}],"wp:attachment":[{"href":"https:\/\/atecordoba.org\/index.php?rest_route=%2Fwp%2Fv2%2Fmedia&parent=5823"}],"wp:term":[{"taxonomy":"category","embeddable":true,"href":"https:\/\/atecordoba.org\/index.php?rest_route=%2Fwp%2Fv2%2Fcategories&post=5823"},{"taxonomy":"post_tag","embeddable":true,"href":"https:\/\/atecordoba.org\/index.php?rest_route=%2Fwp%2Fv2%2Ftags&post=5823"}],"curies":[{"name":"wp","href":"https:\/\/api.w.org\/{rel}","templated":true}]}}