{"id":5820,"date":"2015-10-13T16:30:04","date_gmt":"2015-10-13T19:30:04","guid":{"rendered":"http:\/\/www.atecordoba.org\/?p=5820"},"modified":"2015-10-13T16:30:04","modified_gmt":"2015-10-13T19:30:04","slug":"eleccion-de-delegado-gremial-en-la-delegacion-cordoba-de-la-ex-cnc","status":"publish","type":"post","link":"https:\/\/atecordoba.org\/?p=5820","title":{"rendered":"Elecci\u00f3n de delegado gremial en la Delegaci\u00f3n C\u00f3rdoba de la ex CNC"},"content":{"rendered":"<p><em>En pasado viernes 9 en la Delegaci\u00f3n C\u00f3rdoba de la AFTIC (Autoridad Federal de las Tecnolog\u00edas de la Informaci\u00f3n y las Comunicaciones &#8211; ex CNC) se llev\u00f3 a cabo la elecci\u00f3n de delegado gremial de ATE. <\/em><\/p>\n<p><em><a href=\"http:\/\/www.atecordoba.org\/wp-content\/uploads\/2015\/10\/cnc_eleccion-delegados2.png\"><img loading=\"lazy\" decoding=\"async\" class=\"aligncenter size-full wp-image-5821\" src=\"http:\/\/www.atecordoba.org\/wp-content\/uploads\/2015\/10\/cnc_eleccion-delegados2.png\" alt=\"cnc_eleccion delegados2\" width=\"550\" height=\"412\" \/><\/a>\u00a0<\/em><\/p>\n<p>Como resultado los trabajadores eligieron al compa\u00f1ero Rodrigo Javier Gonz\u00e1lez por los pr\u00f3ximos dos a\u00f1os. El acto electoral se desarroll\u00f3 con alta participaci\u00f3n del los compa\u00f1eros del sector y constituye un reconocimiento m\u00e1s de la actividad que ATE viene desarrollando a lo largo de estos a\u00f1os donde se han equiparado las desigualdades salariales que hab\u00eda entre los compa\u00f1eros del sector.<\/p>\n<p>Tambi\u00e9n se logr\u00f3 que las instalaciones de la Delegaci\u00f3n est\u00e9n en las condiciones apropiadas para que los trabajadores puedan desempa\u00f1ar su labor. El compromiso de ATE contin\u00faa con el objetivo de que las desigualdades salariales sean eliminadas en forma definitiva, como as\u00ed tambi\u00e9n toda arbitrariedad impulsada por la patronal a la hora de asignar promociones y ascensos.<\/p>\n<p>Adem\u00e1s los compa\u00f1eros se han sumado a la comisi\u00f3n paritaria sectorial acorde a los principios federales y democr\u00e1ticos de nuestra organizaci\u00f3n, con el fin de garantizar la representatividad a los compa\u00f1eros nacionales del interior en las mesas de discusi\u00f3n habilitadas en Buenos Aires. Junto al compa\u00f1ero Rodrigo estar\u00e1 el compa\u00f1ero Mart\u00edn Stibel como delegado paritario de ese sector, que con otros compa\u00f1eros manifestaron la voluntad de participar en las actividades de la conducci\u00f3n del CDP electa en los recientes comicios a nivel nacional donde fue elegida como secretaria general la compa\u00f1era Liliana Salerno y como secretario general adjunto el compa\u00f1ero Luis Barcena.<\/p>\n<p>Asimismo, los compa\u00f1eros felicitaron a la compa\u00f1era Mar\u00eda Teresa Romero qui\u00e9n desempe\u00f1ar\u00e1 el cargo de secretaria de formaci\u00f3n del CDN.<\/p>\n","protected":false},"excerpt":{"rendered":"<p>En pasado viernes 9 en la Delegaci\u00f3n C\u00f3rdoba de la AFTIC (Autoridad Federal de las Tecnolog\u00edas de la Informaci\u00f3n y las Comunicaciones &#8211; ex CNC) se llev\u00f3 a cabo la elecci\u00f3n de delegado gremial de ATE. \u00a0 Como resultado los trabajadores eligieron al compa\u00f1ero Rodrigo Javier Gonz\u00e1lez por los pr\u00f3ximos dos a\u00f1os. El acto electoral [&hellip;]<\/p>\n","protected":false},"author":1,"featured_media":19220,"comment_status":"open","ping_status":"open","sticky":false,"template":"","format":"standard","meta":{"_exactmetrics_skip_tracking":false,"_exactmetrics_sitenote_active":false,"_exactmetrics_sitenote_note":"","_exactmetrics_sitenote_category":0,"jnews-multi-image_gallery":[],"jnews_single_post":[],"jnews_primary_category":[],"jnews_social_meta":[],"jnews_review":[],"enable_review":"","type":"","name":"","summary":"","brand":"","sku":"","good":[],"bad":[],"score_override":"","override_value":"","rating":[],"price":[],"jnews_override_counter":[],"jnews_post_split":[],"footnotes":""},"categories":[103,18],"tags":[],"class_list":["post-5820","post","type-post","status-publish","format-standard","has-post-thumbnail","hentry","category-cnc","category-nacionales"],"jetpack_featured_media_url":"https:\/\/atecordoba.org\/wp-content\/uploads\/2020\/05\/logo-nuevochico-e1561581322808.png","_links":{"self":[{"href":"https:\/\/atecordoba.org\/index.php?rest_route=\/wp\/v2\/posts\/5820","targetHints":{"allow":["GET"]}}],"collection":[{"href":"https:\/\/atecordoba.org\/index.php?rest_route=\/wp\/v2\/posts"}],"about":[{"href":"https:\/\/atecordoba.org\/index.php?rest_route=\/wp\/v2\/types\/post"}],"author":[{"embeddable":true,"href":"https:\/\/atecordoba.org\/index.php?rest_route=\/wp\/v2\/users\/1"}],"replies":[{"embeddable":true,"href":"https:\/\/atecordoba.org\/index.php?rest_route=%2Fwp%2Fv2%2Fcomments&post=5820"}],"version-history":[{"count":0,"href":"https:\/\/atecordoba.org\/index.php?rest_route=\/wp\/v2\/posts\/5820\/revisions"}],"wp:featuredmedia":[{"embeddable":true,"href":"https:\/\/atecordoba.org\/index.php?rest_route=\/wp\/v2\/media\/19220"}],"wp:attachment":[{"href":"https:\/\/atecordoba.org\/index.php?rest_route=%2Fwp%2Fv2%2Fmedia&parent=5820"}],"wp:term":[{"taxonomy":"category","embeddable":true,"href":"https:\/\/atecordoba.org\/index.php?rest_route=%2Fwp%2Fv2%2Fcategories&post=5820"},{"taxonomy":"post_tag","embeddable":true,"href":"https:\/\/atecordoba.org\/index.php?rest_route=%2Fwp%2Fv2%2Ftags&post=5820"}],"curies":[{"name":"wp","href":"https:\/\/api.w.org\/{rel}","templated":true}]}}