{"id":5816,"date":"2015-10-09T19:25:04","date_gmt":"2015-10-09T22:25:04","guid":{"rendered":"http:\/\/www.atecordoba.org\/?p=5816"},"modified":"2015-10-09T19:25:04","modified_gmt":"2015-10-09T22:25:04","slug":"preocupacion-de-ate-por-el-convenio-entre-la-unc-y-la-ex-side","status":"publish","type":"post","link":"https:\/\/atecordoba.org\/?p=5816","title":{"rendered":"Preocupaci\u00f3n de ATE por el convenio entre la UNC y la ex Side"},"content":{"rendered":"<p><em>La Asociaci\u00f3n Trabajadores del Estado expresa su m\u00e1s profunda preocupaci\u00f3n por el convenio se habr\u00eda subscripto entre la Universidad Nacional de C\u00f3rdoba y la Agencia Federal de Inteligencia (AFI), la ex Side.<\/em><\/p>\n<p><a href=\"http:\/\/www.atecordoba.org\/wp-content\/uploads\/2015\/10\/no-docentes-UNC.png\"><img loading=\"lazy\" decoding=\"async\" class=\"aligncenter size-full wp-image-5817\" src=\"http:\/\/www.atecordoba.org\/wp-content\/uploads\/2015\/10\/no-docentes-UNC.png\" alt=\"no docentes  UNC\" width=\"640\" height=\"480\" \/><\/a><br \/>\nDicho convenio, publicado en el digesto de la casa de estudios, que regir\u00eda como normativa interna de la universidad, habr\u00eda sido fue llevado a cabo por el rector Francisco Tamarit y el funcionario a cargo del organismo de inteligencia, Oscar Parrilli, tal como se desprende de los fundamentos del mismo, aunque cuenta con la firma de la vicerrectora, Silvia Barei, y del secretario General de la UNC, Alberto Le\u00f3n.<br \/>\nNuestra preocupaci\u00f3n nace del ambiguo contenido del convenio, que no especifica con precisi\u00f3n los motivos ni los objetivos que busca la UNC con dicha iniciativa.<br \/>\nTampoco se someti\u00f3 el proyecto al debate necesario dentro de los \u00e1mbitos institucionales de la universidad, a pesar de la trascendencia del mismo, dados los antecedentes que la agencia de inteligencia tiene en su haber.<br \/>\nSin bien el rector Tamarit sali\u00f3 a desmentir el convenio a trav\u00e9s de algunos medios de comunicaci\u00f3n, lo cierto es que el mismo fue publicado en el disgesto universitario como \u2018resoluci\u00f3n 1878\u2019, del <span id=\"OBJ_PREFIX_DWT66_com_zimbra_date\" class=\"Object\">29 de septiembre<\/span> del corriente.<br \/>\nLos trabajadores siempre fuimos objeto de la persecuci\u00f3n y el espionaje de parte de las agencias de inteligencia del Estado, preocupadas por saber que pensamos y c\u00f3mo actuamos colectivamente, m\u00e1s que de lograr los objetivos para cuya finalidad han sido creadas.<br \/>\nOtros organismos de similares caracter\u00edsticas, como la Gendarmer\u00eda Nacional, ya han sido objeto de investigaci\u00f3n penal durante este gobierno por realizar inteligencia de la conflictividad social, como es el caso del conocido \u201cProyecto X\u201d, cuya existencia negaron las autoridades de turno, y d\u00f3nde un gran n\u00famero de dirigentes y compa\u00f1eros de nuestro gremio aparecieron en su mira.<br \/>\nEn consecuencia, vale preguntarse cu\u00e1l es el objetivo que busca un convenio de estas caracter\u00edsticas.<br \/>\nLos trabajadores estatales estaremos alertas ante esta irrupci\u00f3n de los servicios de inteligencia dentro del \u00e1mbito de un organismo del Estado, que adem\u00e1s cuenta con la autonom\u00eda como norma directriz de su funcionamiento.<\/p>\n","protected":false},"excerpt":{"rendered":"<p>La Asociaci\u00f3n Trabajadores del Estado expresa su m\u00e1s profunda preocupaci\u00f3n por el convenio se habr\u00eda subscripto entre la Universidad Nacional de C\u00f3rdoba y la Agencia Federal de Inteligencia (AFI), la ex Side. Dicho convenio, publicado en el digesto de la casa de estudios, que regir\u00eda como normativa interna de la universidad, habr\u00eda sido fue llevado [&hellip;]<\/p>\n","protected":false},"author":1,"featured_media":19220,"comment_status":"open","ping_status":"open","sticky":false,"template":"","format":"standard","meta":{"_exactmetrics_skip_tracking":false,"_exactmetrics_sitenote_active":false,"_exactmetrics_sitenote_note":"","_exactmetrics_sitenote_category":0,"jnews-multi-image_gallery":[],"jnews_single_post":[],"jnews_primary_category":[],"jnews_social_meta":[],"jnews_review":[],"enable_review":"","type":"","name":"","summary":"","brand":"","sku":"","good":[],"bad":[],"score_override":"","override_value":"","rating":[],"price":[],"jnews_override_counter":[],"jnews_post_split":[],"footnotes":""},"categories":[89],"tags":[],"class_list":["post-5816","post","type-post","status-publish","format-standard","has-post-thumbnail","hentry","category-unc"],"jetpack_featured_media_url":"https:\/\/atecordoba.org\/wp-content\/uploads\/2020\/05\/logo-nuevochico-e1561581322808.png","_links":{"self":[{"href":"https:\/\/atecordoba.org\/index.php?rest_route=\/wp\/v2\/posts\/5816","targetHints":{"allow":["GET"]}}],"collection":[{"href":"https:\/\/atecordoba.org\/index.php?rest_route=\/wp\/v2\/posts"}],"about":[{"href":"https:\/\/atecordoba.org\/index.php?rest_route=\/wp\/v2\/types\/post"}],"author":[{"embeddable":true,"href":"https:\/\/atecordoba.org\/index.php?rest_route=\/wp\/v2\/users\/1"}],"replies":[{"embeddable":true,"href":"https:\/\/atecordoba.org\/index.php?rest_route=%2Fwp%2Fv2%2Fcomments&post=5816"}],"version-history":[{"count":0,"href":"https:\/\/atecordoba.org\/index.php?rest_route=\/wp\/v2\/posts\/5816\/revisions"}],"wp:featuredmedia":[{"embeddable":true,"href":"https:\/\/atecordoba.org\/index.php?rest_route=\/wp\/v2\/media\/19220"}],"wp:attachment":[{"href":"https:\/\/atecordoba.org\/index.php?rest_route=%2Fwp%2Fv2%2Fmedia&parent=5816"}],"wp:term":[{"taxonomy":"category","embeddable":true,"href":"https:\/\/atecordoba.org\/index.php?rest_route=%2Fwp%2Fv2%2Fcategories&post=5816"},{"taxonomy":"post_tag","embeddable":true,"href":"https:\/\/atecordoba.org\/index.php?rest_route=%2Fwp%2Fv2%2Ftags&post=5816"}],"curies":[{"name":"wp","href":"https:\/\/api.w.org\/{rel}","templated":true}]}}