{"id":5802,"date":"2015-10-08T17:01:24","date_gmt":"2015-10-08T20:01:24","guid":{"rendered":"http:\/\/www.atecordoba.org\/?p=5802"},"modified":"2015-10-08T17:01:24","modified_gmt":"2015-10-08T20:01:24","slug":"un-nuevo-delegado-en-la-superintendencia-de-servicios-de-salud","status":"publish","type":"post","link":"https:\/\/atecordoba.org\/?p=5802","title":{"rendered":"Nuevo delegado en la Superintendencia de Servicios de Salud"},"content":{"rendered":"<p><em>La compa\u00f1era Victoria Dall Aglio result\u00f3 elegida para representar a los trabajadores del sector.<\/em><\/p>\n<p><a href=\"http:\/\/www.atecordoba.org\/wp-content\/uploads\/2015\/10\/IMG-20151008-WA0001-e1444333064214.jpg\"><img loading=\"lazy\" decoding=\"async\" class=\"aligncenter size-full wp-image-5803\" src=\"http:\/\/www.atecordoba.org\/wp-content\/uploads\/2015\/10\/IMG-20151008-WA0001-e1444333064214.jpg\" alt=\"IMG-20151008-WA0001\" width=\"500\" height=\"281\" \/><\/a><\/p>\n<p>La elecci\u00f3n se realiz\u00f3 hoy en la sede del organismo, Dean Funes 769. En la oportunidad, estuvo presente el secretario gremial del CDP, Diego Guerra.<\/p>\n<p>De esta manera ATE suma un nuevo sector de compa\u00f1eros, incrementando la representatividad de nuestro gremio en el Estado nacional.<\/p>\n<p><a href=\"http:\/\/www.atecordoba.org\/wp-content\/uploads\/2015\/10\/IMG-20151008-WA0000-e1444334300666.jpg\"><img loading=\"lazy\" decoding=\"async\" class=\"aligncenter wp-image-5804\" src=\"http:\/\/www.atecordoba.org\/wp-content\/uploads\/2015\/10\/IMG-20151008-WA0000-e1444334300666.jpg\" alt=\"IMG-20151008-WA0000\" width=\"435\" height=\"580\" \/><\/a><\/p>\n<p>La delegada Dall Aglio contar\u00e1 con mandato por los pr\u00f3ximos dos a\u00f1os.<\/p>\n","protected":false},"excerpt":{"rendered":"<p>La compa\u00f1era Victoria Dall Aglio result\u00f3 elegida para representar a los trabajadores del sector. La elecci\u00f3n se realiz\u00f3 hoy en la sede del organismo, Dean Funes 769. En la oportunidad, estuvo presente el secretario gremial del CDP, Diego Guerra. De esta manera ATE suma un nuevo sector de compa\u00f1eros, incrementando la representatividad de nuestro gremio [&hellip;]<\/p>\n","protected":false},"author":1,"featured_media":19220,"comment_status":"open","ping_status":"open","sticky":false,"template":"","format":"standard","meta":{"_exactmetrics_skip_tracking":false,"_exactmetrics_sitenote_active":false,"_exactmetrics_sitenote_note":"","_exactmetrics_sitenote_category":0,"jnews-multi-image_gallery":[],"jnews_single_post":[],"jnews_primary_category":[],"jnews_social_meta":[],"jnews_review":[],"enable_review":"","type":"","name":"","summary":"","brand":"","sku":"","good":[],"bad":[],"score_override":"","override_value":"","rating":[],"price":[],"jnews_override_counter":[],"jnews_post_split":[],"footnotes":""},"categories":[18],"tags":[],"class_list":["post-5802","post","type-post","status-publish","format-standard","has-post-thumbnail","hentry","category-nacionales"],"jetpack_featured_media_url":"https:\/\/atecordoba.org\/wp-content\/uploads\/2020\/05\/logo-nuevochico-e1561581322808.png","_links":{"self":[{"href":"https:\/\/atecordoba.org\/index.php?rest_route=\/wp\/v2\/posts\/5802","targetHints":{"allow":["GET"]}}],"collection":[{"href":"https:\/\/atecordoba.org\/index.php?rest_route=\/wp\/v2\/posts"}],"about":[{"href":"https:\/\/atecordoba.org\/index.php?rest_route=\/wp\/v2\/types\/post"}],"author":[{"embeddable":true,"href":"https:\/\/atecordoba.org\/index.php?rest_route=\/wp\/v2\/users\/1"}],"replies":[{"embeddable":true,"href":"https:\/\/atecordoba.org\/index.php?rest_route=%2Fwp%2Fv2%2Fcomments&post=5802"}],"version-history":[{"count":0,"href":"https:\/\/atecordoba.org\/index.php?rest_route=\/wp\/v2\/posts\/5802\/revisions"}],"wp:featuredmedia":[{"embeddable":true,"href":"https:\/\/atecordoba.org\/index.php?rest_route=\/wp\/v2\/media\/19220"}],"wp:attachment":[{"href":"https:\/\/atecordoba.org\/index.php?rest_route=%2Fwp%2Fv2%2Fmedia&parent=5802"}],"wp:term":[{"taxonomy":"category","embeddable":true,"href":"https:\/\/atecordoba.org\/index.php?rest_route=%2Fwp%2Fv2%2Fcategories&post=5802"},{"taxonomy":"post_tag","embeddable":true,"href":"https:\/\/atecordoba.org\/index.php?rest_route=%2Fwp%2Fv2%2Ftags&post=5802"}],"curies":[{"name":"wp","href":"https:\/\/api.w.org\/{rel}","templated":true}]}}