{"id":58,"date":"2010-07-01T14:24:50","date_gmt":"2010-07-01T17:24:50","guid":{"rendered":"http:\/\/www.atecordoba.org\/?p=58"},"modified":"2010-07-01T14:24:50","modified_gmt":"2010-07-01T17:24:50","slug":"el-debate-del-82-movil-posicion-de-los-jubilados-cordobeses","status":"publish","type":"post","link":"https:\/\/atecordoba.org\/?p=58","title":{"rendered":"El debate del 82% m\u00f3vil, posici\u00f3n de los jubilados cordobeses"},"content":{"rendered":"<p><img loading=\"lazy\" decoding=\"async\" class=\"size-full wp-image-59 aligncenter\" title=\"arton53-70c08\" src=\"http:\/\/www.atecordoba.org\/wp-content\/uploads\/2012\/06\/arton53-70c08.jpg\" alt=\"\" width=\"440\" height=\"248\" \/><\/p>\n<p><strong>El siguiente es un documento que expresa la posici\u00f3n de la Comisi\u00f3n Permanente de Jubilados y Pensionados Nacionales y Provinciales, que ATE integra como uno de sus miembros fundantes. El martes 6 de julio, frente al Cabildo, se realizar\u00e1 una concentraci\u00f3n a las 10 horas para reclamar el 82% m\u00f3vil para todos los jubilados y el fin de la intervenci\u00f3n a la Caja de Jubilaciones de la Provincia.<\/strong><\/p>\n<div>\n<p><strong>(C\u00f3rdoba, 1-7-2010)<\/strong><\/p>\n<p><strong>Bicentenario libre de robo organizado<\/strong><\/p>\n<p>Mucho se ha dicho sobre el Bicentenario, la conmemoraci\u00f3n de mayo de 1810, el comienzo de nuestra identidad nacional y de la construcci\u00f3n de la naci\u00f3n.<\/p>\n<p>A 200 a\u00f1os, los jubilados, que adem\u00e1s de ser constructores de este pa\u00eds somos la memoria de la Naci\u00f3n, podemos decir con dolor que los objetivos no se lograron.<\/p>\n<p>Lo que miramos a nuestro alrededor nos indica que somos testigos de un proceso de destrucci\u00f3n de los valores de justicia, igualdad, libertad y solidaridad que tanto se declaman.<\/p>\n<p>La concentraci\u00f3n de nuestra econom\u00eda y la destrucci\u00f3n del medio ambiente, la miseria, el abandono de la ni\u00f1ez, la juventud y de los viejos, la entrega de nuestros recursos naturales, la extrajerizaci\u00f3n de la riqueza cimentada en los salarios miserables de millones de trabajadores as\u00ed lo indican.<\/p>\n<p>Nos han robado nuestro pasado y nos est\u00e1n robando nuestro presente y futuro.<\/p>\n<p>En este Bicentenario nos preguntamos: \u2022 \u00bfVale la pena hablar de los $895 que cobran 5 millones de jubilados y que nuestros gobernantes consideran un haber digno?<\/p>\n<p>\u2022 \u00bfEs necesario recordar que los \u00edndices de movilidad de la Naci\u00f3n y el sectorial de la Provincia est\u00e1n pensados para disminuir de a poco el poder de compra del haber jubilatorio?<\/p>\n<p>\u2022 \u00bfDebemos repetir una y mil veces que la Constituci\u00f3n no se respeta, que los fallos de la Suprema Corte de Justicia son letra muerta, que el 82% m\u00f3vil es una quimera, que la irreductibilidad de los haberes jubilatorio es una ficci\u00f3n?<\/p>\n<p>\u2022 \u00bfQue los legisladores, como nuestros gobernantes, piensan primero en sus bolsillos, en sus apetencias personales y de grupo, a la hora de sancionar y aplicar las leyes?<\/p>\n<p>\u2022 \u00bfTenemos que mirar para otro lado, cuando nuestros dineros de la Anses y de la Caja de Jubilaciones de C\u00f3rdoba son rapi\u00f1ados y desaparecen aplicados a cualquier destino excepto el de beneficiar a sus leg\u00edtimos due\u00f1os?<\/p>\n<p>\u2022 \u00bfDebemos seguir sufriendo sin chistar los lamentables servicios del PAMI y el APROSS, siempre tarde e insuficientes, m\u00e1s interesados en nuestra desaparici\u00f3n que en la soluci\u00f3n de los problemas que nos aquejan?<\/p>\n<p><strong>Pero nada de esto ocurrir\u00e1 porque\u2026<\/strong><\/p>\n<p><strong><\/strong>Seguiremos exigiendo por nuestros derechos, por el respeto a la ley y denunciando a aquellos que creen que son los due\u00f1os del pa\u00eds, apropi\u00e1ndose de la riqueza que producen millones de personas que no acceden de ella.<\/p>\n<p>Creemos en la justicia, la libertad, la igualdad, la solidaridad, y lucharemos por ello.<\/p>\n<p><em>Por un Bicentenario libre de robo y la estafa organizados por los que s\u00f3lo las tiene en cuenta a la hora de los discursos.<\/em><\/p>\n<p><strong>Nos reunimos todos los martes en Belgrano 224 \u2013 10hs \u2013 Participe<\/strong><\/p>\n<\/div>\n","protected":false},"excerpt":{"rendered":"<p>El siguiente es un documento que expresa la posici\u00f3n de la Comisi\u00f3n Permanente de Jubilados y Pensionados Nacionales y Provinciales, que ATE integra como uno de sus miembros fundantes. El martes 6 de julio, frente al Cabildo, se realizar\u00e1 una concentraci\u00f3n a las 10 horas para reclamar el 82% m\u00f3vil para todos los jubilados y [&hellip;]<\/p>\n","protected":false},"author":1,"featured_media":19220,"comment_status":"open","ping_status":"open","sticky":false,"template":"","format":"standard","meta":{"_exactmetrics_skip_tracking":false,"_exactmetrics_sitenote_active":false,"_exactmetrics_sitenote_note":"","_exactmetrics_sitenote_category":0,"jnews-multi-image_gallery":[],"jnews_single_post":[],"jnews_primary_category":[],"jnews_social_meta":[],"jnews_review":[],"enable_review":"","type":"","name":"","summary":"","brand":"","sku":"","good":[],"bad":[],"score_override":"","override_value":"","rating":[],"price":[],"jnews_override_counter":[],"jnews_post_split":[],"footnotes":""},"categories":[22],"tags":[23],"class_list":["post-58","post","type-post","status-publish","format-standard","has-post-thumbnail","hentry","category-jubilados","tag-jubilados-2"],"jetpack_featured_media_url":"https:\/\/atecordoba.org\/wp-content\/uploads\/2020\/05\/logo-nuevochico-e1561581322808.png","_links":{"self":[{"href":"https:\/\/atecordoba.org\/index.php?rest_route=\/wp\/v2\/posts\/58","targetHints":{"allow":["GET"]}}],"collection":[{"href":"https:\/\/atecordoba.org\/index.php?rest_route=\/wp\/v2\/posts"}],"about":[{"href":"https:\/\/atecordoba.org\/index.php?rest_route=\/wp\/v2\/types\/post"}],"author":[{"embeddable":true,"href":"https:\/\/atecordoba.org\/index.php?rest_route=\/wp\/v2\/users\/1"}],"replies":[{"embeddable":true,"href":"https:\/\/atecordoba.org\/index.php?rest_route=%2Fwp%2Fv2%2Fcomments&post=58"}],"version-history":[{"count":0,"href":"https:\/\/atecordoba.org\/index.php?rest_route=\/wp\/v2\/posts\/58\/revisions"}],"wp:featuredmedia":[{"embeddable":true,"href":"https:\/\/atecordoba.org\/index.php?rest_route=\/wp\/v2\/media\/19220"}],"wp:attachment":[{"href":"https:\/\/atecordoba.org\/index.php?rest_route=%2Fwp%2Fv2%2Fmedia&parent=58"}],"wp:term":[{"taxonomy":"category","embeddable":true,"href":"https:\/\/atecordoba.org\/index.php?rest_route=%2Fwp%2Fv2%2Fcategories&post=58"},{"taxonomy":"post_tag","embeddable":true,"href":"https:\/\/atecordoba.org\/index.php?rest_route=%2Fwp%2Fv2%2Ftags&post=58"}],"curies":[{"name":"wp","href":"https:\/\/api.w.org\/{rel}","templated":true}]}}